    
{"id":47397,"date":"2021-04-21T12:28:14","date_gmt":"2021-04-21T10:28:14","guid":{"rendered":"https:\/\/www.praha7.cz\/?p=47397"},"modified":"2021-04-21T12:28:14","modified_gmt":"2021-04-21T10:28:14","slug":"klub-pohadkovych-ctecich-babicek-a-dedecku-v-dobe-covidove","status":"publish","type":"post","link":"https:\/\/www.praha7.cz\/klub-pohadkovych-ctecich-babicek-a-dedecku-v-dobe-covidove\/","title":{"rendered":"Klub poh\u00e1dkov\u00fdch \u010dtec\u00edch babi\u010dek a&nbsp;d\u011bde\u010dk\u016f v&nbsp;dob\u011b covidov\u00e9"},"content":{"rendered":"<p>[perex]<\/p>\r\n<p>Organizace <a href=\"https:\/\/www.mezi-nami.cz\/\" target=\"_blank\" rel=\"noopener\">Mezi n\u00e1mi, o.p.s<\/a> m\u00e1 jako hlavn\u00ed c\u00edl propojovat generace. Bohu\u017eel i&nbsp;na jej\u00ed aktivity dopadla situace spojen\u00e1 s&nbsp;\u0161\u00ed\u0159en\u00edm viru covid-19. Postupem \u010dasu se ale nau\u010dili, jak mohou i&nbsp;v&nbsp;t\u00e9to dob\u011b pokra\u010dovat v&nbsp;tom, co je jejich n\u00e1pln\u00ed &#8211; p\u0159in\u00e1\u0161et radost d\u011btem i&nbsp;senior\u016fm.<\/p>\r\n<p>[\/perex]<\/p>\r\n<p>Mezi n\u00e1mi, o.p.s. m\u00e1 dva hlavn\u00ed mezigenera\u010dn\u00ed programy &#8211; program <strong>Pov\u00eddej<\/strong>, kdy d\u011bti z&nbsp;mate\u0159sk\u00fdch \u0161kolek doch\u00e1z\u00ed do domov\u016f d\u016fchodc\u016f a&nbsp;v\u011bnuj\u00ed se spole\u010dn\u00fdm aktivit\u00e1m. P\u0159esto a&nbsp;nebo pr\u00e1v\u011b proto, \u017ee senio\u0159i \u017eij\u00edc\u00ed v&nbsp;domovech d\u016fchodc\u016f pat\u0159ili mezi ty, kte\u0159\u00ed byli nejv\u00edce omezeni, pokra\u010dovali jsme i&nbsp;tady v&nbsp;aktivit\u00e1ch, kter\u00e9 byly v&nbsp;danou chv\u00edli mo\u017en\u00e9 a&nbsp;nau\u010dili se komunikovat na d\u00e1lku online. Uskute\u010dnilo se takto spoustu kr\u00e1sn\u00fdch a&nbsp;o&nbsp;to cenn\u011bj\u0161\u00edch mezigenera\u010dn\u00edch setk\u00e1n\u00ed. Jsme moc r\u00e1di, \u017ee na\u0161e skupiny mezi sebou neztratily kontakt. Neust\u00e1le si navz\u00e1jem vym\u011b\u0148uj\u00ed pozdravy a&nbsp;d\u00e1re\u010dky a&nbsp;dokazuj\u00ed si, \u017ee na sebe mysl\u00ed.<\/p>\r\n<p>Druhou dlouhodobou aktivitou je program <strong>P\u0159e\u010dti<\/strong>, kde senio\u0159i doch\u00e1z\u00ed \u010d\u00edst d\u011btem do mate\u0159sk\u00fdch \u0161kolek p\u0159ed span\u00edm. Ze senior\u016f dobrovoln\u00edk\u016f vznikl <em>Klub poh\u00e1dkov\u00fdch \u010dtec\u00edch babi\u010dek a&nbsp;d\u011bde\u010dk\u016f<\/em>, pro kter\u00fd p\u0159ipravujeme r\u016fzn\u00e9 vzd\u011bl\u00e1vac\u00ed a&nbsp;kulturn\u00ed akce. I&nbsp;zde jsme, za situace, kdy bylo umo\u017en\u011bno, alespo\u0148 \u010d\u00e1ste\u010dn\u00e9 setk\u00e1v\u00e1n\u00ed a&nbsp;venkovn\u00ed akce, uspo\u0159\u00e1dali pro men\u0161\u00ed skupinky v\u00fdlety, petanque utk\u00e1n\u00ed, pikniky a&nbsp;dal\u0161\u00ed. Vzd\u011bl\u00e1vac\u00ed akce jsme p\u0159esunuli kompletn\u011b do online prost\u0159ed\u00ed a&nbsp;po\u0159\u00e1d\u00e1me p\u0159edn\u00e1\u0161ky na t\u00e9mata z&nbsp;oblasti psychologie, seberozvoje, stravov\u00e1n\u00ed a&nbsp;podobn\u011b. Velice \u00fasp\u011b\u0161n\u00e1 byla nap\u0159\u00edklad p\u0159edn\u00e1\u0161ka d\u011btsk\u00e9 psycholo\u017eky PhDr. Ilony \u0160pa\u0148helov\u00e9 na t\u00e9ma Psychologie p\u0159ed\u0161koln\u00edch d\u011bt\u00ed.<\/p>\r\n<p>Nat\u00e1\u010d\u00edme pro babi\u010dky tak\u00e9 kr\u00e1tk\u00e1 videa se cvi\u010den\u00edm, kde jsou cviky p\u0159\u00edmo na m\u00edru jejich pot\u0159eb\u00e1m. V&nbsp;dob\u011b nejp\u0159\u00edsn\u011bj\u0161\u00edch opat\u0159en\u00ed jsme p\u0159idali i&nbsp;pravideln\u00e1 pov\u00eddac\u00ed online setk\u00e1n\u00ed, kter\u00e1 maj\u00ed v\u017edy n\u011bjak\u00e9 dan\u00e9 t\u00e9ma, ale slou\u017e\u00ed i&nbsp;jako mo\u017enost popov\u00eddat si o&nbsp;\u010demkoliv, co maj\u00ed na\u0161i dobrovoln\u00edci na srdci. B\u0159ezen jsme zasv\u011btili pov\u00edd\u00e1n\u00ed o&nbsp;kn\u00ed\u017ek\u00e1ch, dal\u0161\u00ed bylo o&nbsp;velikono\u010dn\u00edch tradic\u00edch a&nbsp;v&nbsp;dubnu pokra\u010dujeme na t\u00e9ma p\u00e1tr\u00e1n\u00ed po p\u0159edc\u00edch. V\u017edy je to p\u0159\u00e1telsk\u00e9 popov\u00edd\u00e1n\u00ed &#8211; i&nbsp;v&nbsp;online prost\u0159ed\u00ed si m\u016f\u017eeme d\u00e1t s&nbsp;babi\u010dkami a&nbsp;d\u011bde\u010dky k\u00e1vi\u010dku \u201cna d\u00e1lku\u201d a&nbsp;sd\u00edlet to, jak se jim da\u0159\u00ed. Jsme s&nbsp;na\u0161imi dobrovoln\u00edky neust\u00e1le v&nbsp;kontaktu, nyn\u00ed nap\u0159\u00edklad spole\u010dn\u011b p\u0159ipravujeme kucha\u0159ku recept\u016f p\u0159\u00edmo od t\u011bch nejpovolan\u011bj\u0161\u00edch, od na\u0161ich babi\u010dek.<\/p>\r\n<p>Poh\u00e1dkov\u00e9 babi\u010dky a&nbsp;d\u011bde\u010dci z\u016fst\u00e1vaj\u00ed v&nbsp;kontaktu i&nbsp;se \u201csv\u00fdmi\u201d \u0161kolkami. N\u011bkte\u0159\u00ed \u010detli s&nbsp;ochrann\u00fdmi pom\u016fckami a\u017e do posledn\u00edch chvil p\u0159ed uzav\u0159en\u00edm mate\u0159sk\u00fdch \u0161kol. Jin\u00ed nat\u00e1\u010dej\u00ed videopoh\u00e1dky, kter\u00e9 jsou um\u00edst\u011bny na na\u0161em <a href=\"https:\/\/www.youtube.com\/channel\/UCZBTj2oqmlZjl6A8WSTu4eA\" target=\"_blank\" rel=\"noopener\">YouTube kan\u00e1lu<\/a> Mezi n\u00e1mi. V\u0161ichni se shoduj\u00ed, \u017ee se jim po \u010dten\u00ed a&nbsp;d\u011btech moc st\u00fdsk\u00e1 a&nbsp;t\u011b\u0161\u00ed se, a\u017e budou moci ve \u010dten\u00ed pokra\u010dovat. A&nbsp;my se t\u011b\u0161\u00edme, a\u017e jim i&nbsp;nov\u00fdm z\u00e1jemc\u016fm, bude umo\u017en\u011bno pokra\u010dovat v&nbsp;tom, co maj\u00ed r\u00e1di a&nbsp;a\u017e se budeme moci v\u0161ichni potk\u00e1vat zase spole\u010dn\u011b.<\/p>\r\n<p>V Praze 7 p\u016fsob\u00ed moment\u00e1ln\u011b 9 \u010dtec\u00edch babi\u010dek a&nbsp;d\u011bde\u010dk\u016f.<\/p>\r\n<p><a href=\"https:\/\/www.praha7.cz\/distancni-mezigeneracni-aktivity-s-mezi-nami\/\" target=\"_blank\" rel=\"noopener\">Mezigenera\u010dn\u00ed aktivity s\u00a0Mezi n\u00e1mi na d\u00e1lku<\/a><\/p>\r\n<p><img loading=\"lazy\" src=\"https:\/\/www.praha7.cz\/wp-content\/uploads\/2021\/04\/mezi_nami_cteni_2.jpg\" alt=\"\" width=\"416\" height=\"555\" class=\"alignnone wp-image-47398 size-full\" srcset=\"https:\/\/www.praha7.cz\/wp-content\/uploads\/2021\/04\/mezi_nami_cteni_2.jpg 416w, https:\/\/www.praha7.cz\/wp-content\/uploads\/2021\/04\/mezi_nami_cteni_2-300x400.jpg 300w\" sizes=\"(max-width: 416px) 100vw, 416px\" \/><\/p>","protected":false},"excerpt":{"rendered":"[perex] Organizace Mezi n\u00e1mi, o.p.s m\u00e1 jako hlavn\u00ed c\u00edl propojovat generace. Bohu\u017eel i&nbsp;na jej\u00ed aktivity dopadla situace spojen\u00e1 s&nbsp;\u0161\u00ed\u0159en\u00edm viru covid-19. Postupem \u010dasu se ale nau\u010dili, jak mohou i&nbsp;v&nbsp;t\u00e9to dob\u011b pokra\u010dovat v&nbsp;tom, co je jejich n\u00e1pln\u00ed &#8211; p\u0159in\u00e1\u0161et radost d\u011btem i&nbsp;senior\u016fm. [\/perex] Mezi n\u00e1mi, o.p.s. m\u00e1 dva hlavn\u00ed mezigenera\u010dn\u00ed programy &#8211; program Pov\u00eddej, kdy d\u011bti [&hellip;]","protected":false},"author":97,"featured_media":47396,"comment_status":"closed","ping_status":"open","sticky":false,"template":"","format":"standard","meta":[],"categories":[34],"tags":[],"_links":{"self":[{"href":"https:\/\/www.praha7.cz\/api\/wp\/v2\/posts\/47397"}],"collection":[{"href":"https:\/\/www.praha7.cz\/api\/wp\/v2\/posts"}],"about":[{"href":"https:\/\/www.praha7.cz\/api\/wp\/v2\/types\/post"}],"author":[{"embeddable":true,"href":"https:\/\/www.praha7.cz\/api\/wp\/v2\/users\/97"}],"replies":[{"embeddable":true,"href":"https:\/\/www.praha7.cz\/api\/wp\/v2\/comments?post=47397"}],"version-history":[{"count":3,"href":"https:\/\/www.praha7.cz\/api\/wp\/v2\/posts\/47397\/revisions"}],"predecessor-version":[{"id":47401,"href":"https:\/\/www.praha7.cz\/api\/wp\/v2\/posts\/47397\/revisions\/47401"}],"wp:featuredmedia":[{"embeddable":true,"href":"https:\/\/www.praha7.cz\/api\/wp\/v2\/media\/47396"}],"wp:attachment":[{"href":"https:\/\/www.praha7.cz\/api\/wp\/v2\/media?parent=47397"}],"wp:term":[{"taxonomy":"category","embeddable":true,"href":"https:\/\/www.praha7.cz\/api\/wp\/v2\/categories?post=47397"},{"taxonomy":"post_tag","embeddable":true,"href":"https:\/\/www.praha7.cz\/api\/wp\/v2\/tags?post=47397"}],"curies":[{"name":"wp","href":"https:\/\/api.w.org\/{rel}","templated":true}]}}