    
{"id":47362,"date":"2021-04-20T10:33:20","date_gmt":"2021-04-20T08:33:20","guid":{"rendered":"https:\/\/www.praha7.cz\/?p=47362"},"modified":"2021-04-22T11:25:23","modified_gmt":"2021-04-22T09:25:23","slug":"na-poliklinice-prahy-7-vznika-ockovaci-centrum","status":"publish","type":"post","link":"https:\/\/www.praha7.cz\/na-poliklinice-prahy-7-vznika-ockovaci-centrum\/","title":{"rendered":"Na Poliklinice Prahy&nbsp;7 vznik\u00e1 o\u010dkovac\u00ed centrum"},"content":{"rendered":"<p>[perex]<\/p>\r\n<p>Z\u00e1jemci o&nbsp;vakcinaci z&nbsp;c\u00edlov\u00fdch skupin, pro kter\u00e9 je otev\u0159en\u00e1 mo\u017enost o\u010dkov\u00e1n\u00ed, se budou moci brzy za\u010d\u00edt hl\u00e1sit do prvn\u00edho o\u010dkovac\u00edho centra na Sedmi\u010dce. Poliklinika Prahy&nbsp;7 dokon\u010dila registraci, kter\u00e1 v\u00a0tomto zdravotnick\u00e9m za\u0159\u00edzen\u00ed umo\u017en\u00ed vznik ofici\u00e1ln\u00edho o\u010dkovac\u00edho centra. Registrace bude prob\u00edhat p\u0159es centr\u00e1ln\u00ed rezerva\u010dn\u00ed syst\u00e9m. Term\u00edny a&nbsp;kapacity o\u010dkov\u00e1n\u00ed budou z\u00e1viset na dod\u00e1vk\u00e1ch vakc\u00edn od st\u00e1tu. O&nbsp;zah\u00e1jen\u00ed o\u010dkov\u00e1n\u00ed v\u00e1s budeme informovat. Sledujte str\u00e1nky: <a href=\"http:\/\/www.praha7.cz\/ockovani\">www.praha7.cz\/ockovani<\/a> a&nbsp;<a href=\"http:\/\/www.poliklinikaprahy7.cz\">www.poliklinikaprahy7.cz<\/a>.<\/p>\r\n<p>[\/perex]<\/p>","protected":false},"excerpt":{"rendered":"[perex] Z\u00e1jemci o&nbsp;vakcinaci z&nbsp;c\u00edlov\u00fdch skupin, pro kter\u00e9 je otev\u0159en\u00e1 mo\u017enost o\u010dkov\u00e1n\u00ed, se budou moci brzy za\u010d\u00edt hl\u00e1sit do prvn\u00edho o\u010dkovac\u00edho centra na Sedmi\u010dce. Poliklinika Prahy&nbsp;7 dokon\u010dila registraci, kter\u00e1 v\u00a0tomto zdravotnick\u00e9m za\u0159\u00edzen\u00ed umo\u017en\u00ed vznik ofici\u00e1ln\u00edho o\u010dkovac\u00edho centra. Registrace bude prob\u00edhat p\u0159es centr\u00e1ln\u00ed rezerva\u010dn\u00ed syst\u00e9m. Term\u00edny a&nbsp;kapacity o\u010dkov\u00e1n\u00ed budou z\u00e1viset na dod\u00e1vk\u00e1ch vakc\u00edn od st\u00e1tu. O&nbsp;zah\u00e1jen\u00ed o\u010dkov\u00e1n\u00ed [&hellip;]","protected":false},"author":5,"featured_media":32639,"comment_status":"closed","ping_status":"open","sticky":false,"template":"","format":"standard","meta":[],"categories":[34],"tags":[],"_links":{"self":[{"href":"https:\/\/www.praha7.cz\/api\/wp\/v2\/posts\/47362"}],"collection":[{"href":"https:\/\/www.praha7.cz\/api\/wp\/v2\/posts"}],"about":[{"href":"https:\/\/www.praha7.cz\/api\/wp\/v2\/types\/post"}],"author":[{"embeddable":true,"href":"https:\/\/www.praha7.cz\/api\/wp\/v2\/users\/5"}],"replies":[{"embeddable":true,"href":"https:\/\/www.praha7.cz\/api\/wp\/v2\/comments?post=47362"}],"version-history":[{"count":3,"href":"https:\/\/www.praha7.cz\/api\/wp\/v2\/posts\/47362\/revisions"}],"predecessor-version":[{"id":47428,"href":"https:\/\/www.praha7.cz\/api\/wp\/v2\/posts\/47362\/revisions\/47428"}],"wp:featuredmedia":[{"embeddable":true,"href":"https:\/\/www.praha7.cz\/api\/wp\/v2\/media\/32639"}],"wp:attachment":[{"href":"https:\/\/www.praha7.cz\/api\/wp\/v2\/media?parent=47362"}],"wp:term":[{"taxonomy":"category","embeddable":true,"href":"https:\/\/www.praha7.cz\/api\/wp\/v2\/categories?post=47362"},{"taxonomy":"post_tag","embeddable":true,"href":"https:\/\/www.praha7.cz\/api\/wp\/v2\/tags?post=47362"}],"curies":[{"name":"wp","href":"https:\/\/api.w.org\/{rel}","templated":true}]}}