    
{"id":47320,"date":"2021-04-19T11:56:43","date_gmt":"2021-04-19T09:56:43","guid":{"rendered":"https:\/\/www.praha7.cz\/?p=47320"},"modified":"2021-04-19T17:37:04","modified_gmt":"2021-04-19T15:37:04","slug":"oznameni-o-preruseni-dodavky-elektriny-ul-letohradska-a-pristavni","status":"publish","type":"post","link":"https:\/\/www.praha7.cz\/oznameni-o-preruseni-dodavky-elektriny-ul-letohradska-a-pristavni\/","title":{"rendered":"Ozn\u00e1men\u00ed o&nbsp;p\u0159eru\u0161en\u00ed dod\u00e1vky elekt\u0159iny &#8211; ul. Letohradsk\u00e1 a&nbsp;P\u0159\u00edstavn\u00ed"},"content":{"rendered":"<p>[perex]<\/p>\r\n<p>Z d\u016fvod\u016f prov\u00e1d\u011bn\u00ed pl\u00e1novan\u00fdch prac\u00ed na za\u0159\u00edzen\u00ed distribu\u010dn\u00ed soustavy <a href=\"https:\/\/www.predistribuce.cz\/cs\/\" target=\"_blank\" rel=\"noopener\">PREdistribuce<\/a>, a.s., bude p\u0159eru\u0161ena dod\u00e1vka elekt\u0159iny pro odb\u011brn\u00e1 m\u00edsta <strong>P\u0159\u00edstavn\u00ed 1329<\/strong>, <strong>1341<\/strong> a\u00a0<strong>Letohradsk\u00e1 501<\/strong>, <strong>711<\/strong>, <strong>728<\/strong>, <strong>804<\/strong>, <strong>805<\/strong>,\u00a0<strong>870<\/strong> v&nbsp;t\u011bchto term\u00ednech:<\/p>\r\n<p><strong>Ulice P\u0159\u00edstavn\u00ed \u2013 3.&nbsp;5.&nbsp;2021<\/strong>: <br \/>\r\n<a href=\"https:\/\/www.praha7.cz\/wp-content\/uploads\/2021\/04\/Ozn\u00e1men\u00ed-o-p\u0159eru\u0161en\u00ed-elekt\u0159iny-Pristavni_1315_1-1-1.pdf\" target=\"_blank\" rel=\"noopener\">\u010d.p. 1329, 1341<\/a> \u2013 8.00-10.00 hod. a&nbsp;14.00-16.00 hod.<br \/>\r\n<br \/>\r\n<strong>Ulice Letohradsk\u00e1 \u2013 6.&nbsp;5.&nbsp;2021<\/strong>:\u00a0<br \/>\r\n<a href=\"https:\/\/www.praha7.cz\/wp-content\/uploads\/2021\/04\/oznameni_o_preruseni_dodavky_elektriny_Letohradska_804-1-1.pdf\" target=\"_blank\" rel=\"noopener\">\u010d.p. 804<\/a> \u2013 8.30-14 hod.<\/p>\r\n<p><a href=\"https:\/\/www.praha7.cz\/wp-content\/uploads\/2021\/04\/oznameni_o_preruseni_dodavky_elektriny_Letohradska-1-2.pdf\" target=\"_blank\" rel=\"noopener\"> \u010d.p. 501, 711, 728, 805, 870<\/a> \u2013 8:30-9:00 hod. a&nbsp;13:30-14 hod.<\/p>\r\n<p>Dod\u00e1vka elekt\u0159iny bude obnovena bezprost\u0159edn\u011b po proveden\u00ed pl\u00e1novan\u00fdch prac\u00ed. D\u011bkujeme za pochopen\u00ed.\u00a0<\/p>\r\n<p>[\/perex]<\/p>","protected":false},"excerpt":{"rendered":"[perex] Z&nbsp;d\u016fvod\u016f prov\u00e1d\u011bn\u00ed pl\u00e1novan\u00fdch prac\u00ed na za\u0159\u00edzen\u00ed distribu\u010dn\u00ed soustavy PREdistribuce, a.s., bude p\u0159eru\u0161ena dod\u00e1vka elekt\u0159iny pro odb\u011brn\u00e1 m\u00edsta P\u0159\u00edstavn\u00ed 1329, 1341 a\u00a0Letohradsk\u00e1 501, 711, 728, 804, 805,\u00a0870 v&nbsp;t\u011bchto term\u00ednech: Ulice P\u0159\u00edstavn\u00ed \u2013 3.&nbsp;5.&nbsp;2021: \u010d.p. 1329, 1341 \u2013 8.00-10.00 hod. a&nbsp;14.00-16.00 hod. Ulice Letohradsk\u00e1 \u2013 6.&nbsp;5.&nbsp;2021:\u00a0 \u010d.p. 804 \u2013 8.30-14 hod. \u010d.p. 501, 711, 728, [&hellip;]","protected":false},"author":76,"featured_media":26059,"comment_status":"closed","ping_status":"open","sticky":false,"template":"","format":"standard","meta":[],"categories":[34],"tags":[],"_links":{"self":[{"href":"https:\/\/www.praha7.cz\/api\/wp\/v2\/posts\/47320"}],"collection":[{"href":"https:\/\/www.praha7.cz\/api\/wp\/v2\/posts"}],"about":[{"href":"https:\/\/www.praha7.cz\/api\/wp\/v2\/types\/post"}],"author":[{"embeddable":true,"href":"https:\/\/www.praha7.cz\/api\/wp\/v2\/users\/76"}],"replies":[{"embeddable":true,"href":"https:\/\/www.praha7.cz\/api\/wp\/v2\/comments?post=47320"}],"version-history":[{"count":12,"href":"https:\/\/www.praha7.cz\/api\/wp\/v2\/posts\/47320\/revisions"}],"predecessor-version":[{"id":47355,"href":"https:\/\/www.praha7.cz\/api\/wp\/v2\/posts\/47320\/revisions\/47355"}],"wp:featuredmedia":[{"embeddable":true,"href":"https:\/\/www.praha7.cz\/api\/wp\/v2\/media\/26059"}],"wp:attachment":[{"href":"https:\/\/www.praha7.cz\/api\/wp\/v2\/media?parent=47320"}],"wp:term":[{"taxonomy":"category","embeddable":true,"href":"https:\/\/www.praha7.cz\/api\/wp\/v2\/categories?post=47320"},{"taxonomy":"post_tag","embeddable":true,"href":"https:\/\/www.praha7.cz\/api\/wp\/v2\/tags?post=47320"}],"curies":[{"name":"wp","href":"https:\/\/api.w.org\/{rel}","templated":true}]}}