    
{"id":47278,"date":"2021-04-15T09:18:40","date_gmt":"2021-04-15T07:18:40","guid":{"rendered":"https:\/\/www.praha7.cz\/?p=47278"},"modified":"2021-04-15T10:28:25","modified_gmt":"2021-04-15T08:28:25","slug":"varovani-pro-rodice","status":"publish","type":"post","link":"https:\/\/www.praha7.cz\/varovani-pro-rodice\/","title":{"rendered":"Varov\u00e1n\u00ed pro rodi\u010de (a&nbsp;d\u011bti)"},"content":{"rendered":"<p>[perex]<\/p>\r\n<p>V \u00fater\u00fd 13.&nbsp;4.&nbsp;kolem 14 hodiny v\u00a0ulici Jana Zaj\u00edce oslovil nezletilou d\u00edvku, kter\u00e1 zde \u010dekala p\u0159ed prodejnou, nezn\u00e1m\u00fd mu\u017e v\u00a0\u010derven\u00e9m aut\u011b a&nbsp;zval ji, a\u0165 si jde k\u00a0n\u011bmu sednout do vozu, ne\u017e prodejna otev\u0159e. Rodi\u010de o&nbsp;ud\u00e1losti informovali Z\u0160 Korunova\u010dn\u00ed, kam d\u00edvka doch\u00e1z\u00ed na 1.&nbsp;stupe\u0148, a&nbsp;v\u0161e nahl\u00e1sili tak\u00e9 na policii. Pros\u00edme o&nbsp;zv\u00fd\u0161enou opatrnost. Z\u00e1kladn\u00ed ochranou d\u00edt\u011bte je pravideln\u00e9 opakov\u00e1n\u00ed pravidel bezpe\u010dn\u00e9ho chov\u00e1n\u00ed p\u0159i setk\u00e1n\u00ed s\u00a0ciz\u00ed osobou.\u00a0S nezn\u00e1m\u00fdm \u010dlov\u011bkem nikam neodch\u00e1zet, v&nbsp;\u017e\u00e1dn\u00e9m p\u0159\u00edpad\u011b k&nbsp;n\u011bmu nenastupovat do auta a&nbsp;m\u00edsto toho zavolat rodi\u010d\u016fm \u010di oslovit jin\u00e9ho dosp\u011bl\u00e9ho (pokud je p\u0159\u00edtomen), p\u0159\u00edp. policii.<\/p>\r\n<p>[\/perex]<\/p>","protected":false},"excerpt":{"rendered":"[perex] V&nbsp;\u00fater\u00fd 13.&nbsp;4.&nbsp;kolem 14 hodiny v\u00a0ulici Jana Zaj\u00edce oslovil nezletilou d\u00edvku, kter\u00e1 zde \u010dekala p\u0159ed prodejnou, nezn\u00e1m\u00fd mu\u017e v\u00a0\u010derven\u00e9m aut\u011b a&nbsp;zval ji, a\u0165 si jde k\u00a0n\u011bmu sednout do vozu, ne\u017e prodejna otev\u0159e. Rodi\u010de o&nbsp;ud\u00e1losti informovali Z\u0160 Korunova\u010dn\u00ed, kam d\u00edvka doch\u00e1z\u00ed na 1.&nbsp;stupe\u0148, a&nbsp;v\u0161e nahl\u00e1sili tak\u00e9 na policii. Pros\u00edme o&nbsp;zv\u00fd\u0161enou opatrnost. Z\u00e1kladn\u00ed ochranou d\u00edt\u011bte je [&hellip;]","protected":false},"author":5,"featured_media":47279,"comment_status":"closed","ping_status":"open","sticky":false,"template":"","format":"standard","meta":[],"categories":[34],"tags":[],"_links":{"self":[{"href":"https:\/\/www.praha7.cz\/api\/wp\/v2\/posts\/47278"}],"collection":[{"href":"https:\/\/www.praha7.cz\/api\/wp\/v2\/posts"}],"about":[{"href":"https:\/\/www.praha7.cz\/api\/wp\/v2\/types\/post"}],"author":[{"embeddable":true,"href":"https:\/\/www.praha7.cz\/api\/wp\/v2\/users\/5"}],"replies":[{"embeddable":true,"href":"https:\/\/www.praha7.cz\/api\/wp\/v2\/comments?post=47278"}],"version-history":[{"count":3,"href":"https:\/\/www.praha7.cz\/api\/wp\/v2\/posts\/47278\/revisions"}],"predecessor-version":[{"id":47282,"href":"https:\/\/www.praha7.cz\/api\/wp\/v2\/posts\/47278\/revisions\/47282"}],"wp:featuredmedia":[{"embeddable":true,"href":"https:\/\/www.praha7.cz\/api\/wp\/v2\/media\/47279"}],"wp:attachment":[{"href":"https:\/\/www.praha7.cz\/api\/wp\/v2\/media?parent=47278"}],"wp:term":[{"taxonomy":"category","embeddable":true,"href":"https:\/\/www.praha7.cz\/api\/wp\/v2\/categories?post=47278"},{"taxonomy":"post_tag","embeddable":true,"href":"https:\/\/www.praha7.cz\/api\/wp\/v2\/tags?post=47278"}],"curies":[{"name":"wp","href":"https:\/\/api.w.org\/{rel}","templated":true}]}}