    
{"id":47250,"date":"2021-04-14T13:46:12","date_gmt":"2021-04-14T11:46:12","guid":{"rendered":"https:\/\/www.praha7.cz\/?p=47250"},"modified":"2021-05-19T09:17:18","modified_gmt":"2021-05-19T07:17:18","slug":"na-ockovani-se-jiz-mohou-hlasit-lide-od-65-let","status":"publish","type":"post","link":"https:\/\/www.praha7.cz\/na-ockovani-se-jiz-mohou-hlasit-lide-od-65-let\/","title":{"rendered":"Na o\u010dkov\u00e1n\u00ed se ji\u017e mohou hl\u00e1sit lid\u00e9 od 65 let"},"content":{"rendered":"<p>[perex]<\/p>\r\n<p>Od st\u0159edy 14.&nbsp;4.&nbsp;2021 se mohou na o\u010dkov\u00e1n\u00ed proti nemoci COVID-19 registrovat tak\u00e9 ob\u010dan\u00e9 star\u0161\u00ed 65 let.<\/p>\r\n<p>K\u00a0vakcinaci v\u00a0o\u010dkovac\u00edch centrech se hl\u00e1s\u00ed p\u0159es centr\u00e1ln\u00ed rezerva\u010dn\u00ed syst\u00e9m. V\u00edce informac\u00ed a&nbsp;podrobn\u00e9 postupy p\u0159i registraci z\u00e1jemci o&nbsp;o\u010dkov\u00e1n\u00ed najdou na str\u00e1nk\u00e1ch: <a href=\"http:\/\/www.ceskoockuje.cz\">www.ceskoockuje.cz<\/a><\/p>\r\n<p>[\/perex]<\/p>\r\n<p>Praha\u00a07 ve spolupr\u00e1ci se soci\u00e1ln\u00ed slu\u017ebou\u00a0<a href=\"https:\/\/www.praha7.cz\/chytra-pece-pomaha-seniorum-s-registraci-do-ockovaciho-systemu\/\">Chytr\u00e1 p\u00e9\u010de<\/a>\u00a0nab\u00edz\u00ed telefonickou asistenci p\u0159i online registraci na o\u010dkov\u00e1n\u00ed. Na telefonn\u00ed linku\u00a0<strong>800\u00a0124\u00a0111<\/strong>\u00a0se mohou obracet jak senio\u0159i se z\u00e1jmem o\u00a0o\u010dkov\u00e1n\u00ed proti nemoci COVID-19, tak i\u00a0jejich rodinn\u00ed p\u0159\u00edslu\u0161n\u00edci. Slu\u017eba je v\u00a0provozu nonstop a\u00a0je zdarma.<\/p>\r\n<p><strong>S\u00a0registrac\u00ed mohou pomoct tak\u00e9 va\u0161i rodinn\u00ed p\u0159\u00edslu\u0161n\u00edci, bezplatn\u00e1 linka ke koronaviru 1221 (denn\u011b 8-19 hod.) \u010di\u00a0<a href=\"https:\/\/www.praha7.cz\/praha-pomuze-seniorum-s-registraci-a-pripadnymi-dotazy-k-ockovani-na-lince-800-160-166\/\">pra\u017esk\u00e1 infolinka<\/a>\u00a0800\u00a0160\u00a0166 (denn\u011b 8-16 hod.).<\/strong><\/p>\r\n<p>&nbsp;<\/p>\r\n<h3>O\u010dkov\u00e1n\u00ed u&nbsp;praktick\u00e9ho l\u00e9ka\u0159e<\/h3>\r\n<p>Ve\u0161ke\u0159\u00ed z\u00e1jemci o&nbsp;o\u010dkov\u00e1n\u00ed star\u0161\u00ed 65 let a&nbsp;osoby s\u00a0v\u00e1\u017en\u00fdm chronick\u00fdm onemocn\u011bn\u00edm se mohou obr\u00e1tit tak\u00e9 na sv\u00e9ho praktick\u00e9ho l\u00e9ka\u0159e a&nbsp;informovat se na mo\u017enost o\u010dkov\u00e1n\u00ed v\u00a0jeho ordinaci.<\/p>\r\n<p>&nbsp;<\/p>\r\n<p><strong>V\u00edce informac\u00ed na: <a href=\"http:\/\/www.praha7.cz\/ockovani\">www.praha7.cz\/ockovani<\/a><\/strong><\/p>","protected":false},"excerpt":{"rendered":"[perex] Od st\u0159edy 14.&nbsp;4.&nbsp;2021 se mohou na o\u010dkov\u00e1n\u00ed proti nemoci COVID-19 registrovat tak\u00e9 ob\u010dan\u00e9 star\u0161\u00ed 65 let. K\u00a0vakcinaci v\u00a0o\u010dkovac\u00edch centrech se hl\u00e1s\u00ed p\u0159es centr\u00e1ln\u00ed rezerva\u010dn\u00ed syst\u00e9m. V\u00edce informac\u00ed a&nbsp;podrobn\u00e9 postupy p\u0159i registraci z\u00e1jemci o&nbsp;o\u010dkov\u00e1n\u00ed najdou na str\u00e1nk\u00e1ch: www.ceskoockuje.cz [\/perex] Praha\u00a07 ve spolupr\u00e1ci se soci\u00e1ln\u00ed slu\u017ebou\u00a0Chytr\u00e1 p\u00e9\u010de\u00a0nab\u00edz\u00ed telefonickou asistenci p\u0159i online registraci na o\u010dkov\u00e1n\u00ed. Na telefonn\u00ed [&hellip;]","protected":false},"author":5,"featured_media":44788,"comment_status":"closed","ping_status":"open","sticky":false,"template":"","format":"standard","meta":[],"categories":[34],"tags":[],"_links":{"self":[{"href":"https:\/\/www.praha7.cz\/api\/wp\/v2\/posts\/47250"}],"collection":[{"href":"https:\/\/www.praha7.cz\/api\/wp\/v2\/posts"}],"about":[{"href":"https:\/\/www.praha7.cz\/api\/wp\/v2\/types\/post"}],"author":[{"embeddable":true,"href":"https:\/\/www.praha7.cz\/api\/wp\/v2\/users\/5"}],"replies":[{"embeddable":true,"href":"https:\/\/www.praha7.cz\/api\/wp\/v2\/comments?post=47250"}],"version-history":[{"count":3,"href":"https:\/\/www.praha7.cz\/api\/wp\/v2\/posts\/47250\/revisions"}],"predecessor-version":[{"id":48194,"href":"https:\/\/www.praha7.cz\/api\/wp\/v2\/posts\/47250\/revisions\/48194"}],"wp:featuredmedia":[{"embeddable":true,"href":"https:\/\/www.praha7.cz\/api\/wp\/v2\/media\/44788"}],"wp:attachment":[{"href":"https:\/\/www.praha7.cz\/api\/wp\/v2\/media?parent=47250"}],"wp:term":[{"taxonomy":"category","embeddable":true,"href":"https:\/\/www.praha7.cz\/api\/wp\/v2\/categories?post=47250"},{"taxonomy":"post_tag","embeddable":true,"href":"https:\/\/www.praha7.cz\/api\/wp\/v2\/tags?post=47250"}],"curies":[{"name":"wp","href":"https:\/\/api.w.org\/{rel}","templated":true}]}}