    
{"id":47201,"date":"2021-04-13T14:27:54","date_gmt":"2021-04-13T12:27:54","guid":{"rendered":"https:\/\/www.praha7.cz\/?p=47201"},"modified":"2021-04-13T14:28:51","modified_gmt":"2021-04-13T12:28:51","slug":"bylinkovy-trh-v-zemedelskem-muzeu-2021","status":"publish","type":"post","link":"https:\/\/www.praha7.cz\/bylinkovy-trh-v-zemedelskem-muzeu-2021\/","title":{"rendered":"Bylinkov\u00fd trh v&nbsp;NZM 2021"},"content":{"rendered":"<p>[perex]<\/p>\r\n<p>Ka\u017edoro\u010dn\u011b pat\u0159\u00ed Bylinkov\u00fd den v&nbsp;N\u00e1rodn\u00edm zem\u011bd\u011blsk\u00e9m muzeu mezi jednu z\u00a0nejobl\u00edben\u011bj\u0161\u00edch akc\u00ed pro ve\u0159ejnost.\u00a0V souvislosti s&nbsp;aktu\u00e1ln\u00edmi omezen\u00edmi je NZM st\u00e1le uzav\u0159eno a&nbsp;Bylinkov\u00fd den se v&nbsp;tradi\u010dn\u00edm form\u00e1tu letos neuskute\u010dn\u00ed. Milovn\u00edci bylinek o&nbsp;n\u011b ov\u0161em nep\u0159ijdou! V&nbsp;sobotu 17.&nbsp;dubna 2021 v&nbsp;\u010dase 9:00-17:00 prob\u011bhne na muzejn\u00edm dvorku <a href=\"https:\/\/www.nzm.cz\/akce\/bylinkovy-den-letos-jako-bylinkovy-trh\" target=\"_blank\" rel=\"noopener\">Bylinkov\u00fd trh<\/a>, kde bude mo\u017en\u00e9 si p\u0159ij\u00edt nakoupit \u010derstv\u00e9 i&nbsp;su\u0161en\u00e9 bylinky, sazenice, semena\u00a0a dal\u0161\u00ed bylinn\u00e9 produkty. Zaj\u00edmav\u00fd obsah o&nbsp;bylin(k)\u00e1ch je nav\u00edc voln\u011b p\u0159\u00edstupn\u00fd na webu muzea v&nbsp;sekci\u00a0<a href=\"https:\/\/www.nzm.cz\/aktuality\/bylinkovy-tyden-v-muzeu-online\" target=\"_blank\" rel=\"noopener\">Bylinkov\u00fd t\u00fdden online<\/a>.<\/p>\r\n<p>[\/perex]<\/p>","protected":false},"excerpt":{"rendered":"[perex] Ka\u017edoro\u010dn\u011b pat\u0159\u00ed Bylinkov\u00fd den v&nbsp;N\u00e1rodn\u00edm zem\u011bd\u011blsk\u00e9m muzeu mezi jednu z\u00a0nejobl\u00edben\u011bj\u0161\u00edch akc\u00ed pro ve\u0159ejnost.\u00a0V souvislosti s&nbsp;aktu\u00e1ln\u00edmi omezen\u00edmi je NZM st\u00e1le uzav\u0159eno a&nbsp;Bylinkov\u00fd den se v&nbsp;tradi\u010dn\u00edm form\u00e1tu letos neuskute\u010dn\u00ed. Milovn\u00edci bylinek o&nbsp;n\u011b ov\u0161em nep\u0159ijdou! V&nbsp;sobotu 17.&nbsp;dubna 2021 v&nbsp;\u010dase 9:00-17:00 prob\u011bhne na muzejn\u00edm dvorku Bylinkov\u00fd trh, kde bude mo\u017en\u00e9 si p\u0159ij\u00edt nakoupit \u010derstv\u00e9 i&nbsp;su\u0161en\u00e9 bylinky, sazenice, semena\u00a0a [&hellip;]","protected":false},"author":97,"featured_media":47202,"comment_status":"closed","ping_status":"open","sticky":false,"template":"","format":"standard","meta":[],"categories":[34],"tags":[],"_links":{"self":[{"href":"https:\/\/www.praha7.cz\/api\/wp\/v2\/posts\/47201"}],"collection":[{"href":"https:\/\/www.praha7.cz\/api\/wp\/v2\/posts"}],"about":[{"href":"https:\/\/www.praha7.cz\/api\/wp\/v2\/types\/post"}],"author":[{"embeddable":true,"href":"https:\/\/www.praha7.cz\/api\/wp\/v2\/users\/97"}],"replies":[{"embeddable":true,"href":"https:\/\/www.praha7.cz\/api\/wp\/v2\/comments?post=47201"}],"version-history":[{"count":4,"href":"https:\/\/www.praha7.cz\/api\/wp\/v2\/posts\/47201\/revisions"}],"predecessor-version":[{"id":47209,"href":"https:\/\/www.praha7.cz\/api\/wp\/v2\/posts\/47201\/revisions\/47209"}],"wp:featuredmedia":[{"embeddable":true,"href":"https:\/\/www.praha7.cz\/api\/wp\/v2\/media\/47202"}],"wp:attachment":[{"href":"https:\/\/www.praha7.cz\/api\/wp\/v2\/media?parent=47201"}],"wp:term":[{"taxonomy":"category","embeddable":true,"href":"https:\/\/www.praha7.cz\/api\/wp\/v2\/categories?post=47201"},{"taxonomy":"post_tag","embeddable":true,"href":"https:\/\/www.praha7.cz\/api\/wp\/v2\/tags?post=47201"}],"curies":[{"name":"wp","href":"https:\/\/api.w.org\/{rel}","templated":true}]}}