    
{"id":47171,"date":"2021-04-12T15:54:56","date_gmt":"2021-04-12T13:54:56","guid":{"rendered":"https:\/\/www.praha7.cz\/?p=47171"},"modified":"2021-04-12T15:55:18","modified_gmt":"2021-04-12T13:55:18","slug":"praha-pomuze-seniorum-s-omezenou-pohyblivosti-na-ockovani-je-odvezou-mikrobusy-na-zavolani","status":"publish","type":"post","link":"https:\/\/www.praha7.cz\/praha-pomuze-seniorum-s-omezenou-pohyblivosti-na-ockovani-je-odvezou-mikrobusy-na-zavolani\/","title":{"rendered":"Praha pom\u016f\u017ee senior\u016fm s&nbsp;omezenou pohyblivost\u00ed, na o\u010dkov\u00e1n\u00ed je odvezou mikrobusy na zavol\u00e1n\u00ed"},"content":{"rendered":"<p>[perex]<\/p>\r\n<p>Hlavn\u00ed m\u011bsto Praha schv\u00e1lilo roz\u0161\u00ed\u0159en\u00ed nab\u00eddky slu\u017eeb tzv. mikrobus\u016f na zavol\u00e1n\u00ed, kter\u00e9 voz\u00ed osoby s\u00a0t\u011b\u017ek\u00fdm zdravotn\u00edm posti\u017een\u00edm. D\u00edky \u010d\u00e1ste\u010dn\u00e9mu uvoln\u011bn\u00ed kapacit v\u00a0souvislosti s\u00a0celkov\u00fdm sn\u00ed\u017een\u00edm mobility obyvatel v\u00a0r\u00e1mci pandemick\u00fdch opat\u0159en\u00ed bude mo\u017en\u00e9 vyu\u017e\u00edt tyto mikrobusy i&nbsp;pro odvoz senior\u016f nad 70 let (s\u00a0omezenou pohyblivost\u00ed) a&nbsp;senior\u016f nad 80 let (bez omezen\u00ed) na o\u010dkov\u00e1n\u00ed a&nbsp;zp\u011bt.<\/p>\r\n<p>[\/perex]<\/p>\r\n<p>\u201e<em>R\u00e1di bychom co nejv\u00edce zjednodu\u0161ili na\u0161im senior\u016fm mo\u017enost se bez probl\u00e9m\u016f nechat nao\u010dkovat proti koronaviru. Ne ka\u017ed\u00fd se m\u016f\u017ee dopravit do nejbli\u017e\u0161\u00edho o\u010dkovac\u00edho centra nebo nemocnice pomoc\u00ed b\u011b\u017en\u00e9 MHD. Proto nyn\u00ed nab\u00eddneme t\u011bmto skupin\u00e1m spoluob\u010dan\u016f do\u010dasn\u011b uvoln\u011bnou kapacitu v\u00a0na\u0161ich mikrobusech na zavol\u00e1n\u00ed, kter\u00e9 b\u011b\u017en\u011b voz\u00ed pouze t\u011b\u017ece zdravotn\u011b posti\u017een\u00e9<\/em>,\u201c uv\u00e1d\u00ed n\u00e1m\u011bstek pra\u017esk\u00e9ho prim\u00e1tora pro oblast dopravy Adam Scheinherr.<\/p>\r\n<p>\u201e<em>Slu\u017eba bude fungovat standardn\u011b jako dosud, kdy je pot\u0159eba si mikrobus v\u00a0dostate\u010dn\u00e9m p\u0159edstihu telefonicky nebo e-mailem objednat. Nov\u011b budou moci t\u00e9to slu\u017eby vyu\u017e\u00edt i&nbsp;senio\u0159i s\u00a0omezenou pohyblivost\u00ed nad 70 let a&nbsp;tak\u00e9 v\u0161ichni senio\u0159i nad 80 let, p\u0159i\u010dem\u017e p\u0159i p\u0159evozu na o\u010dkov\u00e1n\u00ed do o\u010dkovac\u00edch center nebo nemocnic se prok\u00e1\u017eou ob\u010dansk\u00fdm pr\u016fkazem, p\u0159i cest\u011b zp\u011bt pak potvrzen\u00edm o&nbsp;o\u010dkov\u00e1n\u00ed<\/em>,\u201c popisuje fungov\u00e1n\u00ed t\u00e9to novinky \u0159editel spole\u010dnosti ROPID Petr Tom\u010d\u00edk. Roz\u0161\u00ed\u0159en\u00e1 p\u0159eprava senior\u016f na o\u010dkov\u00e1n\u00ed bude platit do konce leto\u0161n\u00edho roku.<\/p>\r\n<p>V\u00a0sou\u010dasn\u00e9 dob\u011b provozuj\u00ed mikrobusy na zavol\u00e1n\u00ed spole\u010dnosti Societa a&nbsp;Handicap-Transport. V\u00a0z\u00e1jmu zv\u00fd\u0161en\u00ed po\u010dtu provozovan\u00fdch vozidel, jejich lep\u0161\u00edho vyu\u017eit\u00ed a&nbsp;zv\u00fd\u0161en\u00ed operativnosti t\u00e9to slu\u017eby se aktu\u00e1ln\u011b sout\u011b\u017e\u00ed nov\u00ed provozovatel\u00e9 s\u00a0p\u0159edpokladem zah\u00e1jen\u00ed provozu v\u00a0nov\u00e9 podob\u011b zhruba od za\u010d\u00e1tku roku 2022.<\/p>\r\n<p><strong>Kontaktn\u00ed \u00fadaje pro objedn\u00e1n\u00ed mikrobusu:<\/strong><\/p>\r\n<p><strong>E-mail<\/strong>: <a href=\"mailto:dispecink@societa.cz\">dispecink@societa.cz<\/a>, <a href=\"mailto:autodoprava.popelar@centrum.cz\">autodoprava.popelar@centrum.cz<\/a><\/p>\r\n<p><strong>Telefon<\/strong>: <strong>274&nbsp;772\u00a0290<\/strong>,\u00a0<strong>778&nbsp;007\u00a0858<\/strong>, <strong>602&nbsp;267&nbsp;040<\/strong><\/p>","protected":false},"excerpt":{"rendered":"[perex] Hlavn\u00ed m\u011bsto Praha schv\u00e1lilo roz\u0161\u00ed\u0159en\u00ed nab\u00eddky slu\u017eeb tzv. mikrobus\u016f na zavol\u00e1n\u00ed, kter\u00e9 voz\u00ed osoby s\u00a0t\u011b\u017ek\u00fdm zdravotn\u00edm posti\u017een\u00edm. D\u00edky \u010d\u00e1ste\u010dn\u00e9mu uvoln\u011bn\u00ed kapacit v\u00a0souvislosti s\u00a0celkov\u00fdm sn\u00ed\u017een\u00edm mobility obyvatel v\u00a0r\u00e1mci pandemick\u00fdch opat\u0159en\u00ed bude mo\u017en\u00e9 vyu\u017e\u00edt tyto mikrobusy i&nbsp;pro odvoz senior\u016f nad 70 let (s\u00a0omezenou pohyblivost\u00ed) a&nbsp;senior\u016f nad 80 let (bez omezen\u00ed) na o\u010dkov\u00e1n\u00ed a&nbsp;zp\u011bt. [\/perex] \u201eR\u00e1di bychom [&hellip;]","protected":false},"author":97,"featured_media":45198,"comment_status":"closed","ping_status":"open","sticky":false,"template":"","format":"standard","meta":[],"categories":[34],"tags":[],"_links":{"self":[{"href":"https:\/\/www.praha7.cz\/api\/wp\/v2\/posts\/47171"}],"collection":[{"href":"https:\/\/www.praha7.cz\/api\/wp\/v2\/posts"}],"about":[{"href":"https:\/\/www.praha7.cz\/api\/wp\/v2\/types\/post"}],"author":[{"embeddable":true,"href":"https:\/\/www.praha7.cz\/api\/wp\/v2\/users\/97"}],"replies":[{"embeddable":true,"href":"https:\/\/www.praha7.cz\/api\/wp\/v2\/comments?post=47171"}],"version-history":[{"count":3,"href":"https:\/\/www.praha7.cz\/api\/wp\/v2\/posts\/47171\/revisions"}],"predecessor-version":[{"id":47174,"href":"https:\/\/www.praha7.cz\/api\/wp\/v2\/posts\/47171\/revisions\/47174"}],"wp:featuredmedia":[{"embeddable":true,"href":"https:\/\/www.praha7.cz\/api\/wp\/v2\/media\/45198"}],"wp:attachment":[{"href":"https:\/\/www.praha7.cz\/api\/wp\/v2\/media?parent=47171"}],"wp:term":[{"taxonomy":"category","embeddable":true,"href":"https:\/\/www.praha7.cz\/api\/wp\/v2\/categories?post=47171"},{"taxonomy":"post_tag","embeddable":true,"href":"https:\/\/www.praha7.cz\/api\/wp\/v2\/tags?post=47171"}],"curies":[{"name":"wp","href":"https:\/\/api.w.org\/{rel}","templated":true}]}}