    
{"id":47141,"date":"2021-04-12T14:35:52","date_gmt":"2021-04-12T12:35:52","guid":{"rendered":"https:\/\/www.praha7.cz\/?p=47141"},"modified":"2021-04-20T10:29:34","modified_gmt":"2021-04-20T08:29:34","slug":"pozvanka-na-3-radne-zasedani-zastupitelstva-mc-praha-7-3","status":"publish","type":"post","link":"https:\/\/www.praha7.cz\/pozvanka-na-3-radne-zasedani-zastupitelstva-mc-praha-7-3\/","title":{"rendered":"Pozv\u00e1nka na 3.&nbsp;\u0159\u00e1dn\u00e9 zased\u00e1n\u00ed Zastupitelstva M\u010c Praha&nbsp;7"},"content":{"rendered":"<p style=\"text-align: justify;\">[perex]<\/p>\r\n<p style=\"text-align: justify;\">3.&nbsp;\u0159\u00e1dn\u00e9 zased\u00e1n\u00ed Zastupitelstva M\u010c Praha&nbsp;7 se kon\u00e1 v&nbsp;pond\u011bl\u00ed dne 19.&nbsp;dubna 2021 od 17:00 hodin. Online p\u0159enos naleznete <a href=\"https:\/\/youtu.be\/aKqKkZhKJIg\" target=\"_blank\" rel=\"noopener\">zde<\/a>.<\/p>\r\n<p style=\"text-align: justify;\">Materi\u00e1ly ke sta\u017een\u00ed budou k\u00a0dispozici pod eviden\u010dn\u00edmi \u010d\u00edsly u\u00a0n\u00e1zv\u016f jednotliv\u00fdch bod\u016f.\u00a0<\/p>\r\n<p style=\"text-align: justify;\">Toto zased\u00e1n\u00ed Z\u00a0M\u010c P7 je p\u0159\u00edstupno pro ve\u0159ejnost, ale z\u00e1rove\u0148 <strong>p\u0159ij\u00edm\u00e1 dotazy prost\u0159ednictv\u00edm SMS na tel. \u010d\u00edsle: +420&nbsp;770\u00a0101\u00a0951<\/strong><\/p>\r\n<p style=\"text-align: justify;\">Jedn\u00e1n\u00ed bude prob\u00edhat prezen\u010dn\u011b s\u00a0mo\u017enost\u00ed online p\u0159\u00edtomnosti pro zastupitele.<\/p>\r\n<p style=\"text-align: justify;\">[\/perex]<\/p>\r\n<p style=\"text-align: justify;\"><strong>Program 3.\u00a0\u0159\u00e1dn\u00e9ho zased\u00e1n\u00ed Zastupitelstva M\u010c Praha\u00a07\u00a0<\/strong><\/p>\r\n<ul style=\"text-align: justify;\">\r\n\t<li>Pravideln\u00fd bod programu za\u0159azen\u00fd za bod \u010d. 2 \u2013 Dotazy a&nbsp;p\u0159ipom\u00ednky ob\u010dan\u016f 1<\/li>\r\n\t<li>Pravideln\u00fd bod programu za\u0159azen\u00fd pevn\u011b na 18 hodinu \u2013 Dotazy a&nbsp;p\u0159ipom\u00ednky ob\u010dan\u016f 2<\/li>\r\n<\/ul>\r\n<p style=\"text-align: justify;\"><strong>1.\u00a0<\/strong> Zah\u00e1jen\u00ed &#8211; schv\u00e1len\u00ed programu<\/p>\r\n<p style=\"text-align: justify;\"><strong>2.<\/strong>\u00a0 N\u00c1VRH usnesen\u00ed ke zpr\u00e1v\u011b o&nbsp;v\u00fdsledc\u00edch hospoda\u0159en\u00ed M\u010c Praha&nbsp;7 ke 4.&nbsp;\u010dtvrtlet\u00ed 2020 &#8211; hlavn\u00ed \u010dinnost &#8211; <a href=\"https:\/\/www.praha7.cz\/wp-content\/uploads\/2021\/04\/1812.zip\">\u010d. 1812<\/a><\/p>\r\n<p style=\"text-align: justify;\"><strong>3.\u00a0<\/strong> N\u00c1VRH usnesen\u00ed ke zpr\u00e1v\u011b o&nbsp;v\u00fdsledc\u00edch hospoda\u0159en\u00ed M\u010c Praha&nbsp;7 za rok 2020 v&nbsp;r\u00e1mci hospod\u00e1\u0159sk\u00e9 \u010dinnosti &#8211; \u00faseku zda\u0148ovan\u00e9 \u010dinnosti &#8211; <a href=\"https:\/\/www.praha7.cz\/wp-content\/uploads\/2021\/04\/1811-2.zip\">\u010d. 1811<\/a><\/p>\r\n<p style=\"text-align: justify;\"><strong>4.<\/strong>\u00a0 N\u00c1VRH usnesen\u00ed k&nbsp;v\u00fdsledk\u016fm hospoda\u0159en\u00ed a&nbsp;\u00fa\u010detn\u00ed z\u00e1v\u011brce spole\u010dnosti 7U s.r.o. za rok 2020, v\u010detn\u011b rozd\u011blen\u00ed zisku &#8211; <a href=\"https:\/\/www.praha7.cz\/wp-content\/uploads\/2021\/04\/1813.zip\">\u010d. 1813<\/a><\/p>\r\n<p style=\"text-align: justify;\"><strong>5.\u00a0<\/strong> N\u00c1VRH usnesen\u00ed ke sm\u011bn\u011b pozemk\u016f parc. \u010d. 633\/7 a&nbsp;648\/15, v&nbsp;k.\u00fa. Hole\u0161ovice, ve sv\u011b\u0159en\u00e9 spr\u00e1v\u011b nemovitost\u00ed M\u010c Praha&nbsp;7, za pozemek parc. \u010d. 633\/8, v&nbsp;k.\u00fa. Hole\u0161ovice, ve vlastnictv\u00ed spole\u010dnosti GUARDIAN, s.r.o., I\u010cO: 28426959, za \u00fa\u010delem \u00fapravy hranice pozemk\u016f pro budouc\u00ed veden\u00ed chodn\u00edku a&nbsp;ter\u00e9nn\u00ed \u00fapravy v&nbsp;r\u00e1mci pl\u00e1novan\u00e9 revitalizace \u00fazem\u00ed &#8211; <a href=\"https:\/\/www.praha7.cz\/wp-content\/uploads\/2021\/04\/1810.zip\">\u010d. 1810<\/a><\/p>\r\n<p style=\"text-align: justify;\"><strong>6.<\/strong>\u00a0 N\u00c1VRH usnesen\u00ed k&nbsp;poskytnut\u00ed individu\u00e1ln\u00edch dotac\u00ed v&nbsp;oblasti kultury dle \u017e\u00e1dost\u00ed podan\u00fdch v&nbsp;\u00fanoru-b\u0159eznu 2021 &#8211; <a href=\"https:\/\/www.praha7.cz\/wp-content\/uploads\/2021\/04\/1808.zip\">\u010d. 1808<\/a><\/p>\r\n<p style=\"text-align: justify;\"><strong>7.\u00a0<\/strong> INFORMACE o&nbsp;\u010dinnosti Rady M\u010c Praha&nbsp;7 a&nbsp;pln\u011bn\u00ed \u00fakol\u016f ulo\u017een\u00fdch Rad\u011b M\u010c\u00a0Praha&nbsp;7 Zastupitelstvem\u00a0 M\u010c Praha&nbsp;7 v\u00a0obdob\u00ed mezi 2.&nbsp;a&nbsp;3.&nbsp;zased\u00e1n\u00edm\u00a0Zastupitelstva M\u010c Praha&nbsp;7 v\u00a0roce 2021 &#8211; <a href=\"https:\/\/www.praha7.cz\/wp-content\/uploads\/2021\/04\/1809.zip\">\u010d. 1809<\/a><\/p>\r\n<p style=\"text-align: justify;\"><strong>8.\u00a0<\/strong> INFORMACE ke stanovisku M\u010c Praha&nbsp;7 k&nbsp;realizaci akc\u00ed\/projekt\u016f\/\u010dinnost\u00ed podpo\u0159en\u00fdch v&nbsp;r\u00e1mci programov\u00e9ho dota\u010dn\u00edho \u0159\u00edzen\u00ed M\u010c Praha&nbsp;7 v&nbsp;oblastech bezpe\u010dnost a&nbsp;protidrogov\u00e1 prevence, kultura, soci\u00e1ln\u00ed a&nbsp;zdravotn\u00ed, sport, \u0161kolstv\u00ed, \u017eivotn\u00ed prost\u0159ed\u00ed a&nbsp;p\u00e9\u010de o&nbsp;ve\u0159ejn\u00fd prostor pro rok 2021 a&nbsp;\u010derp\u00e1n\u00ed poskytnut\u00fdch dotac\u00ed &#8211; <a href=\"https:\/\/www.praha7.cz\/wp-content\/uploads\/2021\/04\/1807.zip\">\u010d. 1807<\/a><\/p>\r\n<p style=\"text-align: justify;\"><strong>9.\u00a0<\/strong> INFORMACE k&nbsp;projedn\u00e1n\u00ed \u010distopisu \u00fazemn\u00ed studie Hole\u0161ovice Bubny \u2013 Z\u00e1tory v\u00a0org\u00e1nech M\u010c Praha&nbsp;7 a&nbsp;k\u00a0dal\u0161\u00edmu postupu M\u010c Praha&nbsp;7 ve v\u011bci budouc\u00edho uspo\u0159\u00e1d\u00e1n\u00ed Velk\u00e9ho rozvojov\u00e9ho \u00fazem\u00ed Hole\u0161ovice Bubny-Z\u00e1tory &#8211; <a href=\"https:\/\/www.praha7.cz\/wp-content\/uploads\/2021\/04\/1816.zip\">\u010d. 1816<\/a><\/p>\r\n<p style=\"text-align: justify;\"><strong>10.<\/strong> INFORMACE o&nbsp;\u010dinnosti Kontroln\u00edho v\u00fdboru Zastupitelstva M\u010c Praha&nbsp;7\u00a0v\u00a0obdob\u00ed mezi\u00a0 2.&nbsp;a&nbsp;3.&nbsp;zased\u00e1n\u00edm Zastupitelstva M\u010c Praha&nbsp;7 v\u00a0roce 2021 &#8211; <a href=\"https:\/\/www.praha7.cz\/wp-content\/uploads\/2021\/04\/1814.zip\">\u010d. 1814<\/a><\/p>\r\n<p style=\"text-align: justify;\"><strong>11.<\/strong> INFORMACE o&nbsp;\u010dinnosti Finan\u010dn\u00edho v\u00fdboru Zastupitelstva M\u010c Praha&nbsp;7\u00a0v\u00a0obdob\u00ed mezi 2.&nbsp;a&nbsp;3.&nbsp;zased\u00e1n\u00edm Zastupitelstva M\u010c Praha&nbsp;7 v\u00a0roce 2021 &#8211; <a href=\"https:\/\/www.praha7.cz\/wp-content\/uploads\/2021\/04\/1815.zip\">\u010d. 1815<\/a><\/p>\r\n<p style=\"text-align: justify;\"><strong>12.<\/strong> INFORMACE o&nbsp;\u010dinnosti V\u00fdboru pro\u00a0vzd\u011bl\u00e1v\u00e1n\u00ed, soci\u00e1ln\u00ed politiku a&nbsp;zdravotnictv\u00ed Zastupitelstva M\u010c Praha&nbsp;7 v\u00a0obdob\u00ed mezi 2.&nbsp;a&nbsp;3.&nbsp;zased\u00e1n\u00edm\u00a0Zastupitelstva M\u010c Praha&nbsp;7 v\u00a0roce 2021 &#8211; <a href=\"https:\/\/www.praha7.cz\/wp-content\/uploads\/2021\/04\/1817.zip\">\u010d. 1817<\/a><\/p>\r\n<p style=\"text-align: justify;\"><strong>13.<\/strong>\u00a0N\u00c1VRH usnesen\u00ed k&nbsp;v\u00fdzv\u011b na Vl\u00e1du \u010cesk\u00e9 Republiky k&nbsp;vyjedn\u00e1n\u00ed uveden\u00ed rozlohy Velvyslanectv\u00ed Rusk\u00e9 federace v&nbsp;Praze do stavu p\u0159ed 21.&nbsp;srpnem 1968 &#8211; <a href=\"https:\/\/www.praha7.cz\/wp-content\/uploads\/2021\/04\/1818.zip\">\u010d. 1818<\/a><\/p>\r\n<p style=\"text-align: justify;\"><strong>14.<\/strong> Dopisy, adresovan\u00e9 Z\u00a0M\u010c P7<\/p>\r\n<p style=\"text-align: justify;\"><strong>15.<\/strong> R\u016fzn\u00e9<\/p>\r\n<p style=\"text-align: justify;\"><strong>16.<\/strong> Z\u00e1v\u011br\u00a0\u00a0\u00a0\u00a0\u00a0\u00a0\u00a0\u00a0\u00a0\u00a0\u00a0\u00a0\u00a0\u00a0\u00a0\u00a0\u00a0<\/p>\r\n<p style=\"text-align: justify;\">Mgr. Jan \u010ci\u017einsk\u00fd<br \/>\r\nstarosta m\u011bstsk\u00e9 \u010d\u00e1sti Praha&nbsp;7<\/p>\r\n<p>&nbsp;<\/p>\r\n<p style=\"text-align: justify;\"><a href=\"https:\/\/file.praha7.cz\/odbory\/kst\/3_2021.zip\">Materi\u00e1ly k&nbsp;3.\u00a0\u0159\u00e1dn\u00e9mu zased\u00e1n\u00ed Z\u00a0M\u010c Praha\u00a07<\/a><\/p>","protected":false},"excerpt":{"rendered":"[perex] 3.&nbsp;\u0159\u00e1dn\u00e9 zased\u00e1n\u00ed Zastupitelstva M\u010c Praha&nbsp;7 se kon\u00e1 v&nbsp;pond\u011bl\u00ed dne 19.&nbsp;dubna 2021 od 17:00 hodin. Online p\u0159enos naleznete zde. Materi\u00e1ly ke sta\u017een\u00ed budou k\u00a0dispozici pod eviden\u010dn\u00edmi \u010d\u00edsly u\u00a0n\u00e1zv\u016f jednotliv\u00fdch bod\u016f.\u00a0 Toto zased\u00e1n\u00ed Z\u00a0M\u010c P7 je p\u0159\u00edstupno pro ve\u0159ejnost, ale z\u00e1rove\u0148 p\u0159ij\u00edm\u00e1 dotazy prost\u0159ednictv\u00edm SMS na tel. \u010d\u00edsle: +420&nbsp;770\u00a0101\u00a0951 Jedn\u00e1n\u00ed bude prob\u00edhat prezen\u010dn\u011b s\u00a0mo\u017enost\u00ed online p\u0159\u00edtomnosti [&hellip;]","protected":false},"author":14,"featured_media":33780,"comment_status":"closed","ping_status":"open","sticky":false,"template":"","format":"standard","meta":[],"categories":[34],"tags":[],"_links":{"self":[{"href":"https:\/\/www.praha7.cz\/api\/wp\/v2\/posts\/47141"}],"collection":[{"href":"https:\/\/www.praha7.cz\/api\/wp\/v2\/posts"}],"about":[{"href":"https:\/\/www.praha7.cz\/api\/wp\/v2\/types\/post"}],"author":[{"embeddable":true,"href":"https:\/\/www.praha7.cz\/api\/wp\/v2\/users\/14"}],"replies":[{"embeddable":true,"href":"https:\/\/www.praha7.cz\/api\/wp\/v2\/comments?post=47141"}],"version-history":[{"count":13,"href":"https:\/\/www.praha7.cz\/api\/wp\/v2\/posts\/47141\/revisions"}],"predecessor-version":[{"id":47349,"href":"https:\/\/www.praha7.cz\/api\/wp\/v2\/posts\/47141\/revisions\/47349"}],"wp:featuredmedia":[{"embeddable":true,"href":"https:\/\/www.praha7.cz\/api\/wp\/v2\/media\/33780"}],"wp:attachment":[{"href":"https:\/\/www.praha7.cz\/api\/wp\/v2\/media?parent=47141"}],"wp:term":[{"taxonomy":"category","embeddable":true,"href":"https:\/\/www.praha7.cz\/api\/wp\/v2\/categories?post=47141"},{"taxonomy":"post_tag","embeddable":true,"href":"https:\/\/www.praha7.cz\/api\/wp\/v2\/tags?post=47141"}],"curies":[{"name":"wp","href":"https:\/\/api.w.org\/{rel}","templated":true}]}}