    
{"id":47113,"date":"2021-04-09T11:30:44","date_gmt":"2021-04-09T09:30:44","guid":{"rendered":"https:\/\/www.praha7.cz\/?p=47113"},"modified":"2021-04-09T11:31:11","modified_gmt":"2021-04-09T09:31:11","slug":"zpravodaj-k-ockovani-miri-do-schranek-prazanu","status":"publish","type":"post","link":"https:\/\/www.praha7.cz\/zpravodaj-k-ockovani-miri-do-schranek-prazanu\/","title":{"rendered":"Zpravodaj k&nbsp;o\u010dkov\u00e1n\u00ed m\u00ed\u0159\u00ed do schr\u00e1nek Pra\u017ean\u016f"},"content":{"rendered":"<p>[perex]<\/p>\r\n<p>Magistr\u00e1t hl. m. Prahy v\u00a0t\u011bchto dnech rozes\u00edl\u00e1 v\u0161em obyvatel\u016fm metropole speci\u00e1ln\u00ed zpravodaj s\u00a0aktu\u00e1ln\u00edmi informacemi k\u00a0o\u010dkov\u00e1n\u00ed proti onemocn\u011bn\u00ed covid-19. C\u00edlem je doru\u010dit skute\u010dn\u011b v\u0161em Pra\u017ean\u016fm objektivn\u00ed a&nbsp;ov\u011b\u0159en\u00e9 informace o&nbsp;o\u010dkov\u00e1n\u00ed.<\/p>\r\n<p>[\/perex]<\/p>\r\n<p>Noviny na celkem osmi str\u00e1nk\u00e1ch nab\u00edzej\u00ed \u010dten\u00e1\u0159\u016fm mno\u017estv\u00ed text\u016f a&nbsp;praktick\u00fdch informac\u00ed t\u00fdkaj\u00edc\u00edch se o\u010dkov\u00e1n\u00ed v\u00a0Praze. Obsahuj\u00ed nap\u0159\u00edklad p\u0159edstaven\u00ed nov\u00e9ho velkokapacitn\u00edho o\u010dkovac\u00edho m\u00edsta v\u00a0Kongresov\u00e9m centru Praha, kter\u00e9 odbav\u00ed a\u017e 1\u00a0000&nbsp;lid\u00ed denn\u011b nebo rozhovor s\u00a0\u0159editelkou St\u00e1tn\u00edho \u00fastavu pro kontrolu l\u00e9\u010div Irenou Storovou, kter\u00e1 vysv\u011btluje, pro\u010d jsou o\u010dkovac\u00ed vakc\u00edny bezpe\u010dn\u00e9. Pra\u017ean\u00e9 ve zpravodaji d\u00e1le najdou informace, jak\u00fdm zp\u016fsobem Praha pom\u00e1h\u00e1 v\u00a0koronakrizi ob\u010dan\u016fm a&nbsp;podnikatel\u016fm. Zpravodaj vznikl za podpory v\u0161ech koali\u010dn\u00edch i&nbsp;opozi\u010dn\u00edch politick\u00fdch stran, proto obsahuje i&nbsp;kr\u00e1tk\u00e9 vyj\u00e1d\u0159en\u00ed k\u00a0aktu\u00e1ln\u00ed situaci jm\u00e9nem v\u0161ech jejich z\u00e1stupc\u016f.<\/p>\r\n<p>Lid\u00e9 se ve zpravodaji mimo jin\u00e9 do\u010dtou i&nbsp;to, pro\u010d by se m\u011bli nechat nao\u010dkovat, o&nbsp;zp\u016fsobu o\u010dkov\u00e1n\u00ed nebo jak\u00e9 se nej\u010dast\u011bji objevuj\u00ed m\u00fdty a&nbsp;hoaxy na toto t\u00e9ma a&nbsp;pro\u010d jsou nesmysln\u00e9. K\u00a0dispozici bude tak\u00e9 p\u0159ehled o\u010dkovac\u00edch a&nbsp;odb\u011brn\u00fdch center v\u010detn\u011b d\u016fle\u017eit\u00fdch kontakt\u016f i&nbsp;dal\u0161\u00ed praktick\u00e9 informace.<\/p>\r\n<p>Zpravodaj p\u0159ipravil odbor m\u00e9di\u00ed a&nbsp;marketingu Magistr\u00e1tu hl. m. Prahy ve spolupr\u00e1ci s\u00a0firmou Region\u00e1ln\u00ed vydavatelstv\u00ed s.r.o., kter\u00e1 vyhr\u00e1la v\u00fdb\u011brov\u00e9 \u0159\u00edzen\u00ed na redak\u010dn\u00ed slu\u017eby a&nbsp;distribuci. Celkov\u00e9 n\u00e1klady za p\u0159\u00edpravu novin, tisk a&nbsp;distribuci 700 tis\u00edc\u016f kus\u016f \u010din\u00ed 695 tis\u00edc korun bez DPH. V\u00a0p\u0159epo\u010dtu na 680 tis\u00edc dom\u00e1cnost\u00ed vych\u00e1z\u00ed zpravodaj na 0,98 korun na jednu po\u0161tovn\u00ed schr\u00e1nku. N\u011bkolik v\u00fdtisk\u016f nad po\u010det dom\u00e1cnost\u00ed pl\u00e1nuje Praha rozv\u00e9st do nemocnic, o\u010dkovac\u00edch center, p\u0159\u00edpadn\u011b dal\u0161\u00edch zdravotnick\u00fdch za\u0159\u00edzen\u00ed, kter\u00e9 o&nbsp;n\u011bj budou m\u00edt z\u00e1jem.<\/p>\r\n<p>V\u00a0r\u00e1mci obsahu a&nbsp;relevantn\u00edch informac\u00ed se na zpravodaji odborn\u011b pod\u00edlely tak\u00e9 M\u011bstsk\u00e1 policie hl. m. prahy, Zdravotnick\u00e1 z\u00e1chrann\u00e1 slu\u017eba hl. m. Prahy, \u0159editelka St\u00e1tn\u00edho \u00fastavu pro kontrolu l\u00e9\u010div Irena Storov\u00e1, prim\u00e1\u0159ka Infek\u010dn\u00ed kliniky Fakultn\u00ed nemocnice Bulovka Hana Roh\u00e1\u010dov\u00e1, Hygienick\u00e1 stanice hl. m. Prahy, Iniciativa Sn\u00edh, krajsk\u00fd koordin\u00e1tor intenzivn\u00ed p\u00e9\u010de pro Prahu Tom\u00e1\u0161 Vymazal, krajsk\u00fd koordin\u00e1tor o\u010dkov\u00e1n\u00ed pro Prahu Martin Je\u017eek a&nbsp;dal\u0161\u00ed.<\/p>\r\n<p>V\u00a0t\u011bchto dnech je zpravodaj distribuov\u00e1n do po\u0161tovn\u00edch schr\u00e1nek, v\u0161ichni Pra\u017ean\u00e9 ho tak dostanou nejpozd\u011bji do 15.&nbsp;dubna.<\/p>\r\n<p>&nbsp;<\/p>\r\n<h3>Kompletn\u00ed Zpravodaj k\u00a0o\u010dkov\u00e1n\u00ed v\u00a0elektronick\u00e9 podob\u011b najdete <a href=\"https:\/\/www.praha7.cz\/wp-content\/uploads\/2021\/04\/Zpravodaj-k-o\u010dkov\u00e1n\u00ed-verze-pro-web.pdf\">ZDE<\/a>.<\/h3>\r\n<p>&nbsp;<\/p>\r\n<a href=\"https:\/\/www.praha7.cz\/wp-content\/uploads\/2021\/04\/Zpravodaj-k-o\u010dkov\u00e1n\u00ed-verze-pro-web.pdf\" class=\"pdfemb-viewer\" style=\"\" data-width=\"max\" data-height=\"max\"  data-toolbar=\"bottom\" data-toolbar-fixed=\"off\">Zpravodaj k o\u010dkov\u00e1n\u00ed \u2013 verze pro web<br\/><\/a>","protected":false},"excerpt":{"rendered":"[perex] Magistr\u00e1t hl. m. Prahy v\u00a0t\u011bchto dnech rozes\u00edl\u00e1 v\u0161em obyvatel\u016fm metropole speci\u00e1ln\u00ed zpravodaj s\u00a0aktu\u00e1ln\u00edmi informacemi k\u00a0o\u010dkov\u00e1n\u00ed proti onemocn\u011bn\u00ed covid-19. C\u00edlem je doru\u010dit skute\u010dn\u011b v\u0161em Pra\u017ean\u016fm objektivn\u00ed a&nbsp;ov\u011b\u0159en\u00e9 informace o&nbsp;o\u010dkov\u00e1n\u00ed. [\/perex] Noviny na celkem osmi str\u00e1nk\u00e1ch nab\u00edzej\u00ed \u010dten\u00e1\u0159\u016fm mno\u017estv\u00ed text\u016f a&nbsp;praktick\u00fdch informac\u00ed t\u00fdkaj\u00edc\u00edch se o\u010dkov\u00e1n\u00ed v\u00a0Praze. Obsahuj\u00ed nap\u0159\u00edklad p\u0159edstaven\u00ed nov\u00e9ho velkokapacitn\u00edho o\u010dkovac\u00edho m\u00edsta v\u00a0Kongresov\u00e9m centru Praha, [&hellip;]","protected":false},"author":5,"featured_media":47116,"comment_status":"closed","ping_status":"open","sticky":false,"template":"","format":"standard","meta":[],"categories":[34],"tags":[],"_links":{"self":[{"href":"https:\/\/www.praha7.cz\/api\/wp\/v2\/posts\/47113"}],"collection":[{"href":"https:\/\/www.praha7.cz\/api\/wp\/v2\/posts"}],"about":[{"href":"https:\/\/www.praha7.cz\/api\/wp\/v2\/types\/post"}],"author":[{"embeddable":true,"href":"https:\/\/www.praha7.cz\/api\/wp\/v2\/users\/5"}],"replies":[{"embeddable":true,"href":"https:\/\/www.praha7.cz\/api\/wp\/v2\/comments?post=47113"}],"version-history":[{"count":3,"href":"https:\/\/www.praha7.cz\/api\/wp\/v2\/posts\/47113\/revisions"}],"predecessor-version":[{"id":47118,"href":"https:\/\/www.praha7.cz\/api\/wp\/v2\/posts\/47113\/revisions\/47118"}],"wp:featuredmedia":[{"embeddable":true,"href":"https:\/\/www.praha7.cz\/api\/wp\/v2\/media\/47116"}],"wp:attachment":[{"href":"https:\/\/www.praha7.cz\/api\/wp\/v2\/media?parent=47113"}],"wp:term":[{"taxonomy":"category","embeddable":true,"href":"https:\/\/www.praha7.cz\/api\/wp\/v2\/categories?post=47113"},{"taxonomy":"post_tag","embeddable":true,"href":"https:\/\/www.praha7.cz\/api\/wp\/v2\/tags?post=47113"}],"curies":[{"name":"wp","href":"https:\/\/api.w.org\/{rel}","templated":true}]}}