    
{"id":47021,"date":"2021-04-06T21:03:31","date_gmt":"2021-04-06T19:03:31","guid":{"rendered":"https:\/\/www.praha7.cz\/?p=47021"},"modified":"2021-04-12T13:38:36","modified_gmt":"2021-04-12T11:38:36","slug":"konec-nouzoveho-stavu-uvolni-se-pohyb-a-otevrou-nektere-obchody","status":"publish","type":"post","link":"https:\/\/www.praha7.cz\/konec-nouzoveho-stavu-uvolni-se-pohyb-a-otevrou-nektere-obchody\/","title":{"rendered":"Konec nouzov\u00e9ho stavu, uvoln\u00ed se pohyb a&nbsp;otev\u0159ou n\u011bkter\u00e9 obchody"},"content":{"rendered":"<p>[perex]<\/p>\r\n<p>EDIT 10.&nbsp;4.:\u00a0Omezen\u00ed shroma\u017e\u010fov\u00e1n\u00ed lid\u00ed m\u00e1 pokra\u010dovat navzdory kon\u010d\u00edc\u00edmu nouzov\u00e9mu stavu. Ministr zdravotnictv\u00ed Petr Arenberger v&nbsp;sobotu 10.&nbsp;4.&nbsp;ozn\u00e1mil, \u017ee v&nbsp;pond\u011bl\u00ed vl\u00e1d\u011b navrhne, aby se nad\u00e1le mohli setk\u00e1vat nanejv\u00fd\u0161 dva lid\u00e9 jako doposud.\u00a0<\/p>\r\n<p>Vl\u00e1da \u010cR ji\u017e nebude prodlu\u017eovat nouzov\u00fd stav. Od 12.&nbsp;4.&nbsp;d\u00e1le nebude platit z\u00e1kaz cestov\u00e1n\u00ed mezi okresy \u010di z\u00e1kaz no\u010dn\u00edho vych\u00e1zen\u00ed. Setkat se bude moci nov\u011b a\u017e 10&nbsp;lid\u00ed uvnit\u0159 a&nbsp;20 venku. Otev\u0159ou se tak\u00e9 obchody s&nbsp;d\u011btsk\u00fdm oble\u010den\u00edm a&nbsp;obuv\u00ed, pap\u00edrnictv\u00ed, \u010dist\u00edrny, pr\u00e1delny, z\u00e1me\u010dnictv\u00ed \u010di farm\u00e1\u0159sk\u00e9 trhy. Provoz ve venkovn\u00edch prostorech budou moci obnovit tak\u00e9 ZOO a&nbsp;botanick\u00e9 zahrady.<\/p>\r\n<p>[\/perex]<\/p>\r\n<p>V\u00edce informac\u00ed naleznete <a href=\"https:\/\/www.vlada.cz\/cz\/media-centrum\/aktualne\/od-pondeli-se-s-koncem-nouzoveho-stavu-uvolni-cast-restrikci--do-skol-a-skolek-se-vrati-prvni-deti-187560\/\" target=\"_blank\" rel=\"noopener\">ZDE<\/a>.<\/p>","protected":false},"excerpt":{"rendered":"[perex] EDIT 10.&nbsp;4.:\u00a0Omezen\u00ed shroma\u017e\u010fov\u00e1n\u00ed lid\u00ed m\u00e1 pokra\u010dovat navzdory kon\u010d\u00edc\u00edmu nouzov\u00e9mu stavu. Ministr zdravotnictv\u00ed Petr Arenberger v&nbsp;sobotu 10.&nbsp;4.&nbsp;ozn\u00e1mil, \u017ee v&nbsp;pond\u011bl\u00ed vl\u00e1d\u011b navrhne, aby se nad\u00e1le mohli setk\u00e1vat nanejv\u00fd\u0161 dva lid\u00e9 jako doposud.\u00a0 Vl\u00e1da \u010cR ji\u017e nebude prodlu\u017eovat nouzov\u00fd stav. Od 12.&nbsp;4.&nbsp;d\u00e1le nebude platit z\u00e1kaz cestov\u00e1n\u00ed mezi okresy \u010di z\u00e1kaz no\u010dn\u00edho vych\u00e1zen\u00ed. Setkat se bude moci nov\u011b [&hellip;]","protected":false},"author":5,"featured_media":45100,"comment_status":"closed","ping_status":"open","sticky":false,"template":"","format":"standard","meta":[],"categories":[34],"tags":[],"_links":{"self":[{"href":"https:\/\/www.praha7.cz\/api\/wp\/v2\/posts\/47021"}],"collection":[{"href":"https:\/\/www.praha7.cz\/api\/wp\/v2\/posts"}],"about":[{"href":"https:\/\/www.praha7.cz\/api\/wp\/v2\/types\/post"}],"author":[{"embeddable":true,"href":"https:\/\/www.praha7.cz\/api\/wp\/v2\/users\/5"}],"replies":[{"embeddable":true,"href":"https:\/\/www.praha7.cz\/api\/wp\/v2\/comments?post=47021"}],"version-history":[{"count":5,"href":"https:\/\/www.praha7.cz\/api\/wp\/v2\/posts\/47021\/revisions"}],"predecessor-version":[{"id":47140,"href":"https:\/\/www.praha7.cz\/api\/wp\/v2\/posts\/47021\/revisions\/47140"}],"wp:featuredmedia":[{"embeddable":true,"href":"https:\/\/www.praha7.cz\/api\/wp\/v2\/media\/45100"}],"wp:attachment":[{"href":"https:\/\/www.praha7.cz\/api\/wp\/v2\/media?parent=47021"}],"wp:term":[{"taxonomy":"category","embeddable":true,"href":"https:\/\/www.praha7.cz\/api\/wp\/v2\/categories?post=47021"},{"taxonomy":"post_tag","embeddable":true,"href":"https:\/\/www.praha7.cz\/api\/wp\/v2\/tags?post=47021"}],"curies":[{"name":"wp","href":"https:\/\/api.w.org\/{rel}","templated":true}]}}