    
{"id":46990,"date":"2021-04-07T17:09:35","date_gmt":"2021-04-07T15:09:35","guid":{"rendered":"https:\/\/www.praha7.cz\/?p=46990"},"modified":"2021-04-07T17:23:15","modified_gmt":"2021-04-07T15:23:15","slug":"mobilni-aplikace-pro-darce-krve","status":"publish","type":"post","link":"https:\/\/www.praha7.cz\/mobilni-aplikace-pro-darce-krve\/","title":{"rendered":"Mobiln\u00ed aplikace motivuje k&nbsp;darov\u00e1n\u00ed krve"},"content":{"rendered":"<p>[perex]<\/p>\r\n<p>K\u00a0p\u0159\u00edle\u017eitosti Sv\u011btov\u00e9ho dne zdrav\u00ed &#8211; 7.&nbsp;duben &#8211; spust\u00ed iniciativa <a href=\"https:\/\/darujukrev.cz\/\">Daruju Krev<\/a> novou mobiln\u00ed aplikaci, kter\u00e1 m\u00e1 zp\u0159\u00edjemnit proces darov\u00e1n\u00ed krve a&nbsp;motivovat st\u00e1vaj\u00edc\u00ed i&nbsp;nov\u00e9 d\u00e1rce.\u00a0Podle dat \u010cesk\u00e9ho \u010derven\u00e9ho k\u0159\u00ed\u017ee a&nbsp;Sv\u011btov\u00e9 zdravotnick\u00e9 organizace toti\u017e nyn\u00ed v\u00edce ne\u017e sto tis\u00edc dobrovoln\u00edk\u016f daruj\u00edc\u00edch krev v&nbsp;\u010cesku chyb\u00ed a&nbsp;celkov\u00fd po\u010det d\u00e1rc\u016f nav\u00edc m\u016f\u017ee ka\u017edoro\u010dn\u011b klesat.<\/p>\r\n<p>[\/perex]<\/p>\r\n<p>Aplikace nab\u00eddne na <a href=\"https:\/\/darujukrev.cz\/kde-darovat\" target=\"_blank\" rel=\"noopener\">interaktivn\u00ed map\u011b<\/a> p\u0159ehled v\u0161ech transfuzn\u00edch stanic v\u00a0\u010cesku, \u017eeb\u0159\u00ed\u010dek darovac\u00edch aktivit p\u0159\u00e1tel, ucelen\u00e9 informace i&nbsp;rady, jak se na darov\u00e1n\u00ed krve l\u00e9pe p\u0159ipravit.\u00a0<\/p>\r\n<p>S\u00a0projektem Daruju Krev vyhr\u00e1l v&nbsp;lednu minul\u00e9ho roku tehdy devaten\u00e1ctilet\u00fd rod\u00e1k z\u00a0P\u0159erova David Stan\u010d\u00edk celorepublikov\u00e9 fin\u00e1le sout\u011b\u017ee <a href=\"https:\/\/soutezapodnikej.cz\/\" target=\"_blank\" rel=\"noopener\">Sout\u011b\u017e &amp; Podnikej<\/a> pro nejnadan\u011bj\u0161\u00ed podnikatelsk\u00e9 n\u00e1pady st\u0159edo\u0161kol\u00e1k\u016f. Projektem cht\u011bl motivovat mlad\u00e9 lidi a&nbsp;pom\u00e1hat nemocnic\u00edm s\u00a0nedostatkem pravideln\u00fdch d\u00e1rc\u016f krve. P\u016fvodn\u011b podnikatelsk\u00fd n\u00e1pad p\u0159etvo\u0159il v\u00a0osv\u011btovou iniciativu, kter\u00e1 dnes \u010d\u00edt\u00e1 deseti\u010dlenn\u00fd t\u00fdm dobrovoln\u00edk\u016f a&nbsp;sna\u017e\u00ed se aktivn\u011b \u0159e\u0161it problematiku nedosta\u010duj\u00edc\u00edho po\u010dtu d\u00e1rc\u016f v\u00a0\u010cesku. \u201e<em>Na\u0161e iniciativa se rozrostla a&nbsp;postupn\u011b se k&nbsp;n\u00e1m p\u0159id\u00e1vaj\u00ed dal\u0161\u00ed lid\u00e9. Na na\u0161ich soci\u00e1ln\u00edch s\u00edt\u00edch a&nbsp;webu pravideln\u011b informujeme o&nbsp;zaj\u00edmavostech z&nbsp;darov\u00e1n\u00ed, zve\u0159ej\u0148ujeme p\u0159\u00edb\u011bhy d\u00e1rc\u016f a&nbsp;motivujeme ostatn\u00ed lidi k&nbsp;zapojen\u00ed se do darov\u00e1n\u00ed krve. P\u0159ipravujeme tak\u00e9 p\u0159edn\u00e1\u0161ky pro st\u0159edn\u00ed \u0161koly a&nbsp;firmy<\/em>,\u201d popisuje Stan\u010d\u00edk aktivity Daruju Krev a&nbsp;dopl\u0148uje: \u201e<em>Na\u0161\u00ed viz\u00ed je z\u00edskat sto tis\u00edc nov\u00fdch d\u00e1rc\u016f v&nbsp;\u010cesku do p\u011bti let a&nbsp;zajistit ka\u017edoro\u010dn\u011b takov\u00fd po\u010det prvod\u00e1rc\u016f, aby se v&nbsp;\u010cesku celkov\u00fd po\u010det d\u00e1rc\u016f nesni\u017eoval, ale aby naopak rostl.<\/em>\u201c<\/p>\r\n<p>Krom\u011b dobr\u00e9ho pocitu z&nbsp;pod\u00edlen\u00ed se na z\u00e1chran\u011b lidsk\u00fdch \u017eivot\u016f p\u0159ipom\u00edn\u00e1 Stan\u010d\u00edk i&nbsp;dal\u0161\u00ed p\u0159\u00edjemn\u00e9 benefity plynouc\u00ed z\u00a0hodiny str\u00e1ven\u00e9 na transfuzn\u00ed stanici. \u201e<em>V\u00fdhod je v\u00edce. D\u00e1rce z\u00edsk\u00e1 pravideln\u00fd p\u0159ehled o&nbsp;sv\u00e9m zdravotn\u00edm stavu, vyznamen\u00e1n\u00ed od \u010cesk\u00e9ho \u010derven\u00e9ho k\u0159\u00ed\u017ee \u010di vitam\u00edny a&nbsp;dal\u0161\u00ed benefity od zdravotn\u00ed poji\u0161\u0165ovny. Za ka\u017ed\u00fd odb\u011br, kter\u00fd mimochodem znamen\u00e1 pracovn\u00ed volno s\u00a0n\u00e1hradou mzdy v\u00a0den odb\u011bru, lze tak\u00e9 sn\u00ed\u017eit z\u00e1klad dan\u011b z&nbsp;p\u0159\u00edjmu o&nbsp;t\u0159i tis\u00edce korun,<\/em>\u201c dod\u00e1v\u00e1 k\u00a0samotn\u00e9mu darov\u00e1n\u00ed Stan\u010d\u00edk.<\/p>\r\n<p>Aplikace je zdarma dostupn\u00e1 pro <a href=\"https:\/\/apps.apple.com\/us\/app\/daruju-krev-pro-d%C3%A1rce\/id1544061073\" target=\"_blank\" rel=\"noopener\">iOS<\/a>\u00a0i\u00a0<a href=\"https:\/\/play.google.com\/store\/apps\/details?id=cz.darujukrev.darujukrev\" target=\"_blank\" rel=\"noopener\">Android<\/a>.<\/p>\r\n<p>V\u00edce informac\u00ed\u00a0naleznete na\u00a0<a href=\"https:\/\/darujukrev.cz\/\">webu<\/a>, <a href=\"https:\/\/www.instagram.com\/darujukrev\/\">Instagramu<\/a> a&nbsp;<a href=\"https:\/\/www.facebook.com\/darujukrevofficial\/\">Facebooku<\/a>.<\/p>","protected":false},"excerpt":{"rendered":"[perex] K\u00a0p\u0159\u00edle\u017eitosti Sv\u011btov\u00e9ho dne zdrav\u00ed &#8211; 7.&nbsp;duben &#8211; spust\u00ed iniciativa Daruju Krev novou mobiln\u00ed aplikaci, kter\u00e1 m\u00e1 zp\u0159\u00edjemnit proces darov\u00e1n\u00ed krve a&nbsp;motivovat st\u00e1vaj\u00edc\u00ed i&nbsp;nov\u00e9 d\u00e1rce.\u00a0Podle dat \u010cesk\u00e9ho \u010derven\u00e9ho k\u0159\u00ed\u017ee a&nbsp;Sv\u011btov\u00e9 zdravotnick\u00e9 organizace toti\u017e nyn\u00ed v\u00edce ne\u017e sto tis\u00edc dobrovoln\u00edk\u016f daruj\u00edc\u00edch krev v&nbsp;\u010cesku chyb\u00ed a&nbsp;celkov\u00fd po\u010det d\u00e1rc\u016f nav\u00edc m\u016f\u017ee ka\u017edoro\u010dn\u011b klesat. [\/perex] Aplikace nab\u00eddne na interaktivn\u00ed [&hellip;]","protected":false},"author":76,"featured_media":46998,"comment_status":"closed","ping_status":"open","sticky":false,"template":"","format":"standard","meta":[],"categories":[34],"tags":[],"_links":{"self":[{"href":"https:\/\/www.praha7.cz\/api\/wp\/v2\/posts\/46990"}],"collection":[{"href":"https:\/\/www.praha7.cz\/api\/wp\/v2\/posts"}],"about":[{"href":"https:\/\/www.praha7.cz\/api\/wp\/v2\/types\/post"}],"author":[{"embeddable":true,"href":"https:\/\/www.praha7.cz\/api\/wp\/v2\/users\/76"}],"replies":[{"embeddable":true,"href":"https:\/\/www.praha7.cz\/api\/wp\/v2\/comments?post=46990"}],"version-history":[{"count":17,"href":"https:\/\/www.praha7.cz\/api\/wp\/v2\/posts\/46990\/revisions"}],"predecessor-version":[{"id":47041,"href":"https:\/\/www.praha7.cz\/api\/wp\/v2\/posts\/46990\/revisions\/47041"}],"wp:featuredmedia":[{"embeddable":true,"href":"https:\/\/www.praha7.cz\/api\/wp\/v2\/media\/46998"}],"wp:attachment":[{"href":"https:\/\/www.praha7.cz\/api\/wp\/v2\/media?parent=46990"}],"wp:term":[{"taxonomy":"category","embeddable":true,"href":"https:\/\/www.praha7.cz\/api\/wp\/v2\/categories?post=46990"},{"taxonomy":"post_tag","embeddable":true,"href":"https:\/\/www.praha7.cz\/api\/wp\/v2\/tags?post=46990"}],"curies":[{"name":"wp","href":"https:\/\/api.w.org\/{rel}","templated":true}]}}