    
{"id":46962,"date":"2021-04-01T11:57:11","date_gmt":"2021-04-01T09:57:11","guid":{"rendered":"https:\/\/www.praha7.cz\/?p=46962"},"modified":"2021-04-01T12:04:08","modified_gmt":"2021-04-01T10:04:08","slug":"vystava-divadelni-fotografie-souboru-a-scen-ze-sedmicky","status":"publish","type":"post","link":"https:\/\/www.praha7.cz\/vystava-divadelni-fotografie-souboru-a-scen-ze-sedmicky\/","title":{"rendered":"V\u00fdstava divadeln\u00ed fotografie soubor\u016f a&nbsp;sc\u00e9n ze Sedmi\u010dky"},"content":{"rendered":"<p>[perex]<\/p>\r\n<p>V\u00e1\u017een\u00ed soused\u00e9, r\u00e1di bychom V\u00e1s pozvali na v\u00fdstavu fotografi\u00ed divadeln\u00edch soubor\u016f a&nbsp;sc\u00e9n z\u00a0Prahy&nbsp;7, kterou jsme pro v\u00e1s p\u0159ipravili ve v\u00fdloze deta\u0161ovan\u00e9ho pracovi\u0161t\u011b \u00fa\u0159adu m\u011bstsk\u00e9 \u010d\u00e1sti U&nbsp;Pr\u016fhonu 11.<\/p>\r\n<p>[\/perex]<\/p>\r\n<p>Na dvan\u00e1cti v\u00fdstavn\u00edch panelech si m\u016f\u017eete prohl\u00e9dnout \u010dty\u0159iadvacet momentek z\u00a0r\u016fzn\u00fdch divadeln\u00edch p\u0159edstaven\u00ed \u010di performanc\u00ed, nap\u0159\u00edklad z\u00a0nejnov\u011bj\u0161\u00ed inscenace Studia Hrdin\u016f Zlat\u00fd \u0159ez nebo technologick\u00e9ho myst\u00e9ria \u010ctvrt\u00e1 opice z\u00a0d\u00edlny progresivn\u00edho souboru Handa Gote research &amp; development, jeho\u017e domovskou sc\u00e9nou je divadlo Alfred ve dvo\u0159e.<\/p>\r\n<p>V\u00fdstava bude k&nbsp;vid\u011bn\u00ed do konce leto\u0161n\u00edho roku.\u00a0<\/p>\r\n<p>&nbsp;<\/p>\r\n<p><img loading=\"lazy\" src=\"https:\/\/www.praha7.cz\/wp-content\/uploads\/2021\/04\/IMG_4578-1333x1000.jpg\" alt=\"\" width=\"640\" height=\"480\" class=\"alignnone size-large wp-image-46964\" srcset=\"https:\/\/www.praha7.cz\/wp-content\/uploads\/2021\/04\/IMG_4578-1333x1000.jpg 1333w, https:\/\/www.praha7.cz\/wp-content\/uploads\/2021\/04\/IMG_4578-533x400.jpg 533w, https:\/\/www.praha7.cz\/wp-content\/uploads\/2021\/04\/IMG_4578-768x576.jpg 768w\" sizes=\"(max-width: 640px) 100vw, 640px\" \/><\/p>","protected":false},"excerpt":{"rendered":"[perex] V\u00e1\u017een\u00ed soused\u00e9, r\u00e1di bychom V\u00e1s pozvali na v\u00fdstavu fotografi\u00ed divadeln\u00edch soubor\u016f a&nbsp;sc\u00e9n z\u00a0Prahy&nbsp;7, kterou jsme pro v\u00e1s p\u0159ipravili ve v\u00fdloze deta\u0161ovan\u00e9ho pracovi\u0161t\u011b \u00fa\u0159adu m\u011bstsk\u00e9 \u010d\u00e1sti U&nbsp;Pr\u016fhonu 11. [\/perex] Na dvan\u00e1cti v\u00fdstavn\u00edch panelech si m\u016f\u017eete prohl\u00e9dnout \u010dty\u0159iadvacet momentek z\u00a0r\u016fzn\u00fdch divadeln\u00edch p\u0159edstaven\u00ed \u010di performanc\u00ed, nap\u0159\u00edklad z\u00a0nejnov\u011bj\u0161\u00ed inscenace Studia Hrdin\u016f Zlat\u00fd \u0159ez nebo technologick\u00e9ho myst\u00e9ria \u010ctvrt\u00e1 opice [&hellip;]","protected":false},"author":5,"featured_media":46963,"comment_status":"closed","ping_status":"open","sticky":false,"template":"","format":"standard","meta":[],"categories":[34],"tags":[],"_links":{"self":[{"href":"https:\/\/www.praha7.cz\/api\/wp\/v2\/posts\/46962"}],"collection":[{"href":"https:\/\/www.praha7.cz\/api\/wp\/v2\/posts"}],"about":[{"href":"https:\/\/www.praha7.cz\/api\/wp\/v2\/types\/post"}],"author":[{"embeddable":true,"href":"https:\/\/www.praha7.cz\/api\/wp\/v2\/users\/5"}],"replies":[{"embeddable":true,"href":"https:\/\/www.praha7.cz\/api\/wp\/v2\/comments?post=46962"}],"version-history":[{"count":5,"href":"https:\/\/www.praha7.cz\/api\/wp\/v2\/posts\/46962\/revisions"}],"predecessor-version":[{"id":47426,"href":"https:\/\/www.praha7.cz\/api\/wp\/v2\/posts\/46962\/revisions\/47426"}],"wp:featuredmedia":[{"embeddable":true,"href":"https:\/\/www.praha7.cz\/api\/wp\/v2\/media\/46963"}],"wp:attachment":[{"href":"https:\/\/www.praha7.cz\/api\/wp\/v2\/media?parent=46962"}],"wp:term":[{"taxonomy":"category","embeddable":true,"href":"https:\/\/www.praha7.cz\/api\/wp\/v2\/categories?post=46962"},{"taxonomy":"post_tag","embeddable":true,"href":"https:\/\/www.praha7.cz\/api\/wp\/v2\/tags?post=46962"}],"curies":[{"name":"wp","href":"https:\/\/api.w.org\/{rel}","templated":true}]}}