    
{"id":46879,"date":"2021-03-30T10:55:24","date_gmt":"2021-03-30T08:55:24","guid":{"rendered":"https:\/\/www.praha7.cz\/?p=46879"},"modified":"2021-03-30T10:55:24","modified_gmt":"2021-03-30T08:55:24","slug":"informace-pro-klienty-uradu-prace-prijmy-za-1-ctvrtleti-2021-neni-nutne-dokladat","status":"publish","type":"post","link":"https:\/\/www.praha7.cz\/informace-pro-klienty-uradu-prace-prijmy-za-1-ctvrtleti-2021-neni-nutne-dokladat\/","title":{"rendered":"Informace pro klienty \u00da\u0159adu pr\u00e1ce: p\u0159\u00edjmy za 1.&nbsp;\u010dtvrtlet\u00ed 2021 nen\u00ed nutn\u00e9 dokl\u00e1dat"},"content":{"rendered":"<p>[perex]<\/p>\r\n<p>P\u0159\u00edjemci p\u0159\u00edsp\u011bvku na bydlen\u00ed,\u00a0p\u0159\u00eddavku na d\u00edt\u011b a&nbsp;nav\u00fd\u0161en\u00e9ho p\u0159\u00edsp\u011bvku na p\u00e9\u010di\u00a0nemus\u00ed <a href=\"https:\/\/www.uradprace.cz\/web\/cz\" target=\"_blank\" rel=\"noopener\">\u00da\u0159adu pr\u00e1ce \u010cR<\/a> dokl\u00e1dat p\u0159\u00edjmy a&nbsp;uhrazen\u00e9 n\u00e1klady na bydlen\u00ed za p\u0159edchoz\u00ed kvart\u00e1l. Moment\u00e1ln\u011b se jedn\u00e1 o&nbsp;podklady za 1.&nbsp;\u010dtvrtlet\u00ed roku 2021.&nbsp;\u00da\u0159ad pr\u00e1ce \u010cR klient\u016fm automaticky p\u0159izn\u00e1 stejnou v\u00fd\u0161i d\u00e1vek jako pro 1.&nbsp;\u010dtvrtlet\u00ed 2021. Jedn\u00e1 se o&nbsp;do\u010dasn\u00e9 zm\u011bny, platn\u00e9 pro 2.&nbsp;\u010dtvrtlet\u00ed leto\u0161n\u00edho roku. V\u00edce informac\u00ed <a href=\"https:\/\/www.uradprace.cz\/web\/cz\/-\/prijmy-za-1-ctvrtleti-2021-neni-up-cr-nutne-dokladat\" target=\"_blank\" rel=\"noopener\">zde<\/a>.<\/p>\r\n<p>[\/perex]<\/p>","protected":false},"excerpt":{"rendered":"[perex] P\u0159\u00edjemci p\u0159\u00edsp\u011bvku na bydlen\u00ed,\u00a0p\u0159\u00eddavku na d\u00edt\u011b a&nbsp;nav\u00fd\u0161en\u00e9ho p\u0159\u00edsp\u011bvku na p\u00e9\u010di\u00a0nemus\u00ed \u00da\u0159adu pr\u00e1ce \u010cR dokl\u00e1dat p\u0159\u00edjmy a&nbsp;uhrazen\u00e9 n\u00e1klady na bydlen\u00ed za p\u0159edchoz\u00ed kvart\u00e1l. Moment\u00e1ln\u011b se jedn\u00e1 o&nbsp;podklady za 1.&nbsp;\u010dtvrtlet\u00ed roku 2021.&nbsp;\u00da\u0159ad pr\u00e1ce \u010cR klient\u016fm automaticky p\u0159izn\u00e1 stejnou v\u00fd\u0161i d\u00e1vek jako pro 1.&nbsp;\u010dtvrtlet\u00ed 2021. Jedn\u00e1 se o&nbsp;do\u010dasn\u00e9 zm\u011bny, platn\u00e9 pro 2.&nbsp;\u010dtvrtlet\u00ed leto\u0161n\u00edho roku. V\u00edce informac\u00ed zde. [&hellip;]","protected":false},"author":97,"featured_media":46880,"comment_status":"closed","ping_status":"open","sticky":false,"template":"","format":"standard","meta":[],"categories":[34],"tags":[],"_links":{"self":[{"href":"https:\/\/www.praha7.cz\/api\/wp\/v2\/posts\/46879"}],"collection":[{"href":"https:\/\/www.praha7.cz\/api\/wp\/v2\/posts"}],"about":[{"href":"https:\/\/www.praha7.cz\/api\/wp\/v2\/types\/post"}],"author":[{"embeddable":true,"href":"https:\/\/www.praha7.cz\/api\/wp\/v2\/users\/97"}],"replies":[{"embeddable":true,"href":"https:\/\/www.praha7.cz\/api\/wp\/v2\/comments?post=46879"}],"version-history":[{"count":1,"href":"https:\/\/www.praha7.cz\/api\/wp\/v2\/posts\/46879\/revisions"}],"predecessor-version":[{"id":46881,"href":"https:\/\/www.praha7.cz\/api\/wp\/v2\/posts\/46879\/revisions\/46881"}],"wp:featuredmedia":[{"embeddable":true,"href":"https:\/\/www.praha7.cz\/api\/wp\/v2\/media\/46880"}],"wp:attachment":[{"href":"https:\/\/www.praha7.cz\/api\/wp\/v2\/media?parent=46879"}],"wp:term":[{"taxonomy":"category","embeddable":true,"href":"https:\/\/www.praha7.cz\/api\/wp\/v2\/categories?post=46879"},{"taxonomy":"post_tag","embeddable":true,"href":"https:\/\/www.praha7.cz\/api\/wp\/v2\/tags?post=46879"}],"curies":[{"name":"wp","href":"https:\/\/api.w.org\/{rel}","templated":true}]}}