    
{"id":46863,"date":"2021-04-06T15:24:20","date_gmt":"2021-04-06T13:24:20","guid":{"rendered":"https:\/\/www.praha7.cz\/?p=46863"},"modified":"2021-04-06T16:32:41","modified_gmt":"2021-04-06T14:32:41","slug":"seniory-z-pristavu-7-bavi-vzdelavat-se-na-dalku-adaptuji-se-na-nove-casy","status":"publish","type":"post","link":"https:\/\/www.praha7.cz\/seniory-z-pristavu-7-bavi-vzdelavat-se-na-dalku-adaptuji-se-na-nove-casy\/","title":{"rendered":"Seniory z&nbsp;P\u0159\u00edstavu 7 bav\u00ed vzd\u011bl\u00e1vat se na d\u00e1lku, adaptuj\u00ed se na nov\u00e9 \u010dasy"},"content":{"rendered":"<p>[perex]<\/p>\r\n<p>Online vzd\u011bl\u00e1v\u00e1n\u00ed m\u016f\u017ee m\u00edt r\u016fzn\u00e9 podoby a&nbsp;k\u00a0jeho volb\u011b mohou v\u00e9st r\u016fzn\u00e9 d\u016fvody. Pan\u00ed Martu (67 let), kter\u00e1 \u017eije sama, a&nbsp;nav\u0161t\u011bvuje online vzd\u011bl\u00e1vac\u00ed kurzy P\u0159\u00edstavu 7 zast\u0159e\u0161ovan\u00e9 neziskovou organizac\u00ed Elpida, p\u0159ivedla k\u00a0t\u00e9to form\u011b tr\u00e1ven\u00ed voln\u00e9ho \u010dasu a&nbsp;setk\u00e1v\u00e1n\u00ed se s\u00a0kamar\u00e1dkami doba coronavirov\u00e1.<\/p>\r\n<p>[\/perex]<\/p>\r\n<p>Aktivn\u011b se \u00fa\u010dastn\u00ed kurz\u016f jako nap\u0159. pr\u00e1ce s&nbsp;po\u010d\u00edta\u010dem, ovl\u00e1d\u00e1n\u00ed chytr\u00fdch telefon\u016f, zdrav\u00e9 va\u0159en\u00ed, \u017eonglov\u00e1n\u00ed (pomohlo j\u00ed p\u0159i rehabilitaci po zlomenin\u011b ruky), angli\u010dtina, n\u011bm\u010dina.<\/p>\r\n<p><em>\u201eD\u00edky po\u010d\u00edta\u010dov\u00fdm online kurz\u016fm jsem se nau\u010dila pou\u017e\u00edvat po\u010d\u00edta\u010d nejen jako psac\u00ed stroj. Sv\u00e9 dva mal\u00e9 vnuky vid\u00edm na obrazovce ka\u017ed\u00fd t\u00fdden, se snachou m\u00e1me mo\u017enost si popov\u00eddat a&nbsp;sd\u00edlet radosti i&nbsp;starosti sou\u010dasn\u00e9 doby,\u201c<\/em> \u0159\u00edk\u00e1 pan\u00ed Marta, 67 let, klientka P\u0159\u00edstavu 7, vzd\u011bl\u00e1vac\u00edho a\u00a0kulturn\u00edho centra pro aktivn\u00ed seniory nejen z\u00a0Prahy\u00a07.<\/p>\r\n<p>D\u0159\u00edve do kulturn\u00edho a&nbsp;vzd\u011bl\u00e1vac\u00edho centra pro seniory P\u0159\u00edstav 7 doj\u00ed\u017ed\u011bla. Pot\u00e9, co p\u0159i\u0161la nutn\u00e1 pandemick\u00e1 opat\u0159en\u00ed, p\u0159e\u0161la na online kurzy, d\u00edky nim\u017e je st\u00e1le v\u00a0kontaktu s\u00a0ostatn\u00edmi seniorkami a&nbsp;kamar\u00e1dkami, kter\u00e9 poznala i&nbsp;d\u00edky online kurz\u016fm.<\/p>\r\n<p><em>\u201eStar\u00fd \u017eivot skon\u010dil, sou\u010dasn\u00e1 online \u00e9ra zm\u011bnila na\u0161e \u017eivoty,\u201c<\/em> \u0159\u00edk\u00e1 pan\u00ed Marta.<\/p>\r\n<p>D\u00edky kurz\u016fm zam\u011b\u0159en\u00fdm na pr\u00e1ci s\u00a0mobilem ned\u00e1 Marta dopustit na chytr\u00fd telefon a&nbsp;jeho aplikace, se kter\u00fdmi se nau\u010dila pracovat a&nbsp;kter\u00e9 r\u00e1da vyu\u017e\u00edv\u00e1 nap\u0159. p\u0159i proch\u00e1zk\u00e1ch. Pan\u00ed Marta doporu\u010duje v\u0161em senior\u016fm \u201evym\u011b\u0148te tla\u010d\u00edtkov\u00e9 mobily za chytr\u00e9, je to u\u017eite\u010dn\u00e1 z\u00e1bava.\u201c Sou\u010dasnou dobu pandemie naz\u00fdv\u00e1 novou \u00e9rou a&nbsp;online revoluc\u00ed. Je velice aktivn\u00ed, \u00fa\u010dastn\u00ed se mnoha kurz\u016f online, na kter\u00e9 by vzhledem k\u00a0doj\u00ed\u017ed\u011bn\u00ed nem\u011bla tolik \u010dasu.<\/p>\r\n<p>Kurzy na d\u00e1lku doporu\u010duje \u0161ir\u0161\u00edmu okruhu senior\u016f, i&nbsp;t\u011bm mimopra\u017esk\u00fdm a&nbsp;tak\u00e9 lidem s\u00a0pohybov\u00fdm handicapem.<\/p>\r\n<p><em>\u201eS ohledem na aktu\u00e1ln\u00ed nep\u0159\u00edznivou epidemiologickou situaci se na\u0161i lekto\u0159i se seniory setk\u00e1vaj\u00ed on-line. Pomoc\u00ed aplikace Whereby se tak d\u00e1le vzd\u011bl\u00e1vaj\u00ed a&nbsp;setk\u00e1vaj\u00ed s\u00a0p\u0159\u00e1teli, a&nbsp;to z&nbsp;bezpe\u010d\u00ed sv\u00fdch domov\u016f. V&nbsp;p\u0159\u00edpad\u011b technick\u00fdch probl\u00e9m\u016f senior\u016fm nab\u00edz\u00edme tak\u00e9 na\u0161\u00ed po\u010d\u00edta\u010dovou poradnu, kter\u00e1 je jim k&nbsp;dispozici i&nbsp;telefonicky. Obzvl\u00e1\u0161\u0165 v&nbsp;t\u00e9to nelehk\u00e9 dob\u011b na\u0161i klienti oce\u0148uj\u00ed, \u017ee je program P\u0159\u00edstavu 7 nad\u00e1le p\u0159\u00edstupn\u00fd a&nbsp;dlouh\u00e9 dny tak mohou vyplnit smyslupln\u011b,\u201c<\/em> uv\u00e1d\u00ed Marie Lebedov\u00e1, vedouc\u00ed vzd\u011bl\u00e1vac\u00edho a&nbsp;kulturn\u00edho centra pro aktivn\u00ed seniory P\u0159\u00edstav 7.<\/p>\r\n<p>&nbsp;<\/p>\r\n<h3>O P\u0159\u00edstavu 7<\/h3>\r\n<p>Vzd\u011bl\u00e1vac\u00ed a&nbsp;kulturn\u00ed centrum pro aktivn\u00ed seniory P\u0159\u00edstav 7 s\u00eddl\u00ed v\u00a0modern\u011b vybaven\u00fdch prostor\u00e1ch hole\u0161ovick\u00e9 Mariny poskytuj\u00edc\u00ed ide\u00e1ln\u00ed z\u00e1zem\u00ed pro mno\u017estv\u00ed slu\u017eeb, kter\u00e9 centrum senior\u016fm nab\u00edz\u00ed. Od po\u010d\u00edta\u010dov\u00fdch, jazykov\u00fdch a&nbsp;pohybov\u00fdch kurz\u016f, tv\u016fr\u010d\u00edch d\u00edlen a\u017e po bohat\u00fd kulturn\u00ed program.<\/p>\r\n<p>Jedna z\u00a0nejpopul\u00e1rn\u011bj\u0161\u00edch\u00a0 pomoc\u00ed senior\u016fm je tak\u00e9 pr\u00e1vn\u00ed a&nbsp;psychologick\u00e9 poradenstv\u00ed, kter\u00e9 jim a&nbsp;jejich bl\u00edzk\u00fdm pom\u00e1h\u00e1 p\u0159i \u0159e\u0161en\u00ed obt\u00ed\u017en\u00fdch \u017eivotn\u00edch situac\u00ed. V&nbsp;roce 2020 centrum P\u0159\u00edstav 7 opakovan\u011b nav\u0161t\u00edvilo 2500 senior\u016f z&nbsp;cel\u00e9 Prahy a&nbsp;jejich po\u010det neust\u00e1le roste.<\/p>\r\n<p><em>\u00a0\u201eChceme, aby senio\u0159i m\u011bli m\u00edsto, kam se mohou chodit vzd\u011bl\u00e1vat, setk\u00e1vat se sv\u00fdmi p\u0159\u00e1teli a&nbsp;m\u00edt tak mo\u017enost z\u016fstat aktivn\u00edmi a&nbsp;sob\u011bsta\u010dn\u00fdmi i&nbsp;ve st\u00e1\u0159\u00ed a&nbsp;z\u00e1rove\u0148 chceme, abychom byli p\u0159\u00edstupn\u00ed co nejv\u00edce lidem. Proto provoz P\u0159\u00edstavu 7 zcela financujeme z\u00a0pen\u011bz od d\u00e1rc\u016f \u2013 firem \u010di jednotlivc\u016f a&nbsp;z&nbsp;grant\u016f. Senio\u0159i nav\u0161t\u011bvuj\u00ed kurzy P\u0159\u00edstavu\u00a07 dlouhodob\u011b, a&nbsp;proto si v\u00e1\u017e\u00edme pravideln\u00fdch d\u00e1rc\u016f, jeliko\u017e n\u00e1m pom\u00e1haj\u00ed financovat tyto slu\u017eby ka\u017ed\u00fd m\u011bs\u00edc,\u201c<\/em> \u0159\u00edk\u00e1 Marie Lebedov\u00e1.<\/p>\r\n<p>Pravideln\u00fd d\u00e1rce za 1 rok sv\u00fdmi p\u0159\u00edsp\u011bvky pom\u016f\u017ee 1 seniorovi nau\u010dit se z\u00e1klad\u016fm ciz\u00edho jazyka, pou\u017e\u00edvat po\u010d\u00edta\u010d, chytr\u00fd telefon nebo mu umo\u017enit zdrav\u00fd pohyb prost\u0159ednictv\u00edm kurz\u016f zdravotn\u00edho cvi\u010den\u00ed. To v\u0161e pod veden\u00edm profesion\u00e1ln\u00edch lektor\u016f, kte\u0159\u00ed v\u00fduku um\u00ed v\u00e9st i&nbsp;on-line.<\/p>\r\n<p>500 K\u010d\u00a0umo\u017en\u00ed = 1 jazykov\u00e1, po\u010d\u00edta\u010dov\u00e1 nebo pohybov\u00e1 lekce pro 5 senior\u016f nebo mo\u017enost dozv\u011bd\u011bt se n\u011bco nov\u00e9ho v\u00a0r\u00e1mci cestovatelsk\u00fdch, kulturn\u00edch \u010di spole\u010densk\u00fdch p\u0159edn\u00e1\u0161ek.<\/p>\r\n<p>&nbsp;<\/p>\r\n<p><a href=\"https:\/\/www.agora7.cz\/chci-darovat\">AGORA7 | chci darovat<\/a><\/p>\r\n<p><a href=\"https:\/\/www.darujme.cz\/projekt\/1201237\">Vzd\u011bl\u00e1vac\u00ed a&nbsp;kulturn\u00ed centrum pro seniory P\u0159\u00edstav 7 | Darujme.cz<\/a><\/p>\r\n<p>&nbsp;<\/p>","protected":false},"excerpt":{"rendered":"[perex] Online vzd\u011bl\u00e1v\u00e1n\u00ed m\u016f\u017ee m\u00edt r\u016fzn\u00e9 podoby a&nbsp;k\u00a0jeho volb\u011b mohou v\u00e9st r\u016fzn\u00e9 d\u016fvody. Pan\u00ed Martu (67 let), kter\u00e1 \u017eije sama, a&nbsp;nav\u0161t\u011bvuje online vzd\u011bl\u00e1vac\u00ed kurzy P\u0159\u00edstavu 7 zast\u0159e\u0161ovan\u00e9 neziskovou organizac\u00ed Elpida, p\u0159ivedla k\u00a0t\u00e9to form\u011b tr\u00e1ven\u00ed voln\u00e9ho \u010dasu a&nbsp;setk\u00e1v\u00e1n\u00ed se s\u00a0kamar\u00e1dkami doba coronavirov\u00e1. [\/perex] Aktivn\u011b se \u00fa\u010dastn\u00ed kurz\u016f jako nap\u0159. pr\u00e1ce s&nbsp;po\u010d\u00edta\u010dem, ovl\u00e1d\u00e1n\u00ed chytr\u00fdch telefon\u016f, zdrav\u00e9 va\u0159en\u00ed, [&hellip;]","protected":false},"author":5,"featured_media":46865,"comment_status":"closed","ping_status":"open","sticky":false,"template":"","format":"standard","meta":[],"categories":[34],"tags":[],"_links":{"self":[{"href":"https:\/\/www.praha7.cz\/api\/wp\/v2\/posts\/46863"}],"collection":[{"href":"https:\/\/www.praha7.cz\/api\/wp\/v2\/posts"}],"about":[{"href":"https:\/\/www.praha7.cz\/api\/wp\/v2\/types\/post"}],"author":[{"embeddable":true,"href":"https:\/\/www.praha7.cz\/api\/wp\/v2\/users\/5"}],"replies":[{"embeddable":true,"href":"https:\/\/www.praha7.cz\/api\/wp\/v2\/comments?post=46863"}],"version-history":[{"count":1,"href":"https:\/\/www.praha7.cz\/api\/wp\/v2\/posts\/46863\/revisions"}],"predecessor-version":[{"id":46866,"href":"https:\/\/www.praha7.cz\/api\/wp\/v2\/posts\/46863\/revisions\/46866"}],"wp:featuredmedia":[{"embeddable":true,"href":"https:\/\/www.praha7.cz\/api\/wp\/v2\/media\/46865"}],"wp:attachment":[{"href":"https:\/\/www.praha7.cz\/api\/wp\/v2\/media?parent=46863"}],"wp:term":[{"taxonomy":"category","embeddable":true,"href":"https:\/\/www.praha7.cz\/api\/wp\/v2\/categories?post=46863"},{"taxonomy":"post_tag","embeddable":true,"href":"https:\/\/www.praha7.cz\/api\/wp\/v2\/tags?post=46863"}],"curies":[{"name":"wp","href":"https:\/\/api.w.org\/{rel}","templated":true}]}}