    
{"id":46766,"date":"2021-03-24T18:33:10","date_gmt":"2021-03-24T17:33:10","guid":{"rendered":"https:\/\/www.praha7.cz\/?p=46766"},"modified":"2021-03-25T16:26:42","modified_gmt":"2021-03-25T15:26:42","slug":"metropolitni-ockovaci-centrum-funguje-v-pilotnim-rezimu-za-tento-tyden-bude-podana-vakcina-priblizne-tisicovce-lidi","status":"publish","type":"post","link":"https:\/\/www.praha7.cz\/metropolitni-ockovaci-centrum-funguje-v-pilotnim-rezimu-za-tento-tyden-bude-podana-vakcina-priblizne-tisicovce-lidi\/","title":{"rendered":"Metropolitn\u00ed o\u010dkovac\u00ed centrum funguje v&nbsp;pilotn\u00edm re\u017eimu"},"content":{"rendered":"<p>[perex]<\/p>\r\n<p>V pond\u011bl\u00ed 22.&nbsp;b\u0159ezna za\u010dal pilotn\u00ed provoz Metropolitn\u00edho o\u010dkovac\u00edho centra na Vy\u0161ehrad\u011b. V\u00a0prvn\u00edch dnech byli o\u010dkov\u00e1ni m\u011bst\u0161t\u00ed policist\u00e9 a&nbsp;d\u00e1le lid\u00e9 nap\u0159\u00edklad s\u00a0handicapem, poruchou intelektu \u010di pe\u010dovatel\u00e9. Celkem bylo nao\u010dkov\u00e1no vakc\u00ednami za pond\u011bl\u00ed a&nbsp;\u00fater\u00fd v\u00edce jak 400 lid\u00ed, do p\u00e1tku by m\u011blo b\u00fdt nao\u010dkov\u00e1no asi 1&nbsp;000 osob. Ofici\u00e1ln\u00ed spu\u0161t\u011bn\u00ed centra pro ve\u0159ejnost je pl\u00e1nov\u00e1no na 6.&nbsp;dubna.<\/p>\r\n<p>&nbsp;<\/p>\r\n<p><strong>Jak se k&nbsp;o\u010dkov\u00e1n\u00ed v&nbsp;Metropolitn\u00edm o\u010dkovac\u00edm centru registrovat?\u00a0<\/strong><\/p>\r\n<p>Ve chv\u00edli, kdy budete m\u00edt n\u00e1rok na o\u010dkov\u00e1n\u00ed, zaregistrujete se p\u0159es <a href=\"https:\/\/registrace.mzcr.cz\/\">Centr\u00e1ln\u00ed registra\u010dn\u00ed syst\u00e9m<\/a>. Jako preferovan\u00e9 m\u00edsto k&nbsp;o\u010dkov\u00e1n\u00ed si pak vyberete Kongresov\u00e9 centrum. Nez\u00e1le\u017e\u00ed p\u0159itom na m\u00edst\u011b va\u0161eho trval\u00e9ho bydli\u0161t\u011b. Volba preferovan\u00e9ho o\u010dkovac\u00edho m\u00edsta je jen na v\u00e1s.\u00a0<\/p>\r\n<p>[\/perex]<\/p>\r\n<p><em>\u201eMetropolitn\u00ed o\u010dkovac\u00ed centrum, jeho\u017e ostr\u00fd provoz bychom r\u00e1di spustili 6.&nbsp;dubna, je d\u00edky sv\u00e9 strategick\u00e9 poloze v&nbsp;Kongresov\u00e9m centru Praha dob\u0159e dostupn\u00e9 Pra\u017ean\u016fm i&nbsp;St\u0159edo\u010dech\u016fm. Jsem moc r\u00e1da, \u017ee toto velkokapacitn\u00ed o\u010dkovac\u00ed m\u00edsto mohlo d\u00edky dohod\u011b mezi ob\u011bma vlastn\u00edky objektu, tedy st\u00e1tem a&nbsp;hlavn\u00edm m\u011bstem, vzniknout. Moc d\u011bkuji v\u0161em, kte\u0159\u00ed se na jeho p\u0159\u00edprav\u011b a&nbsp;realizaci pod\u00edleli. Pandemii spole\u010dn\u011b zvl\u00e1dneme jen pokud budeme vz\u00e1jemn\u011b spolupracovat na v\u0161ech front\u00e1ch,\u201c<\/em> \u0159\u00edk\u00e1 Milena Johnov\u00e1, radn\u00ed pro zdravotnictv\u00ed a&nbsp;soci\u00e1ln\u00ed politiku.<\/p>\r\n<p>V\u00a0Kongresov\u00e9m centru Praha, kter\u00e9 je ve spoluvlastnictv\u00ed st\u00e1tu a&nbsp;hlavn\u00edho m\u011bsta, za\u010dal v\u00a0pond\u011bl\u00ed pilotn\u00ed provoz velkokapacitn\u00edho o\u010dkovac\u00edho centra. Za prvn\u00ed dva dny zde bylo o\u010dkov\u00e1no vakc\u00ednou Pfizer p\u0159ibli\u017en\u011b 400&nbsp;lid\u00ed z\u00a0\u0159ad str\u00e1\u017en\u00edk\u016f, handicapovan\u00fdch lid\u00ed nebo nap\u0159\u00edklad pe\u010dovatel\u016f. U&nbsp;drtiv\u00e9 v\u011bt\u0161iny z\u00a0nich nebyly pozorov\u00e1ny \u017e\u00e1dn\u00e9 vedlej\u0161\u00ed \u00fa\u010dinky, ve v\u00fdjime\u010dn\u00fdch p\u0159\u00edpadech o\u010dkov\u00e1n\u00ed doprov\u00e1zela \u00fanava, nevolnost \u010di bolest v\u00a0m\u00edst\u011b vpichu. Do konce t\u00fddne, kdy bude ukon\u010den pilotn\u00ed provoz, by m\u011blo centrum nao\u010dkovat v\u00edce jak 1&nbsp;000&nbsp;lid\u00ed.<\/p>\r\n<p><em>\u201eV\u011b\u0159\u00edm, \u017ee m\u011bstsk\u00e9 o\u010dkovac\u00ed centrum nebude m\u00edt \u017e\u00e1dn\u00fd probl\u00e9m se z\u00e1sobov\u00e1n\u00edm o\u010dkovac\u00edmi l\u00e1tkami od st\u00e1tu. Pana premi\u00e9ra jsem \u017e\u00e1dal o&nbsp;urychlen\u00e9 vyo\u010dkov\u00e1n\u00ed vakc\u00edn od spole\u010dnosti Pfizer, kter\u00e9 le\u017e\u00ed na st\u00e1tn\u00edch o\u010dkovac\u00edch m\u00edstech, nebo o&nbsp;jejich rozvoz do ostatn\u00edch kraj\u016f. Tempo st\u00e1tn\u00edch o\u010dkovac\u00edch m\u00edst se sice o&nbsp;n\u011bco zrychlilo, ale p\u0159esto je zjevn\u00e9, \u017ee pan premi\u00e9r nespln\u00ed sv\u016fj slib pr\u00e1zdn\u00fdch mraz\u00e1k\u016f na apr\u00edla, jak sliboval 14.&nbsp;b\u0159ezna ve sv\u00e9m ned\u011bln\u00edm \u010cau lidi. V&nbsp;tuto chv\u00edli je jen v&nbsp;Praze p\u0159es 42 tis\u00edc d\u00e1vek vakc\u00edny Pfizer,\u201d<\/em> \u0159\u00edk\u00e1 prim\u00e1tor hlavn\u00edho m\u011bsta Prahy Zden\u011bk H\u0159ib.\u00a0\u00a0\u00a0<\/p>\r\n<p>Metropolitn\u00ed o\u010dkovac\u00ed centrum bude do p\u00e1tku fungovat ka\u017ed\u00fd den od 8:00 do 14:00 hodin. Krom\u011b \u010cesk\u00e9ho \u010derven\u00e9ho k\u0159\u00ed\u017ee, Zdravotnick\u00e9 z\u00e1chrann\u00e9 slu\u017eby hl. m. Prahy a&nbsp;administrativn\u00edch pracovn\u00edk\u016f se o&nbsp;provoz staraj\u00ed d\u00e1le tak\u00e9 dva l\u00e9ka\u0159i a&nbsp;dv\u011b sestry. Celkem provoz v\u00a0pilotn\u00edm re\u017eimu zaji\u0161\u0165uje 35&nbsp;lid\u00ed. Samotn\u00fd proces o\u010dkov\u00e1n\u00ed trv\u00e1 p\u0159ibli\u017en\u011b 10 minut a&nbsp;dal\u0161\u00edch 30 minut je pak vyhrazeno pro pozorov\u00e1n\u00ed p\u0159\u00edpadn\u00fdch vedlej\u0161\u00edch \u00fa\u010dink\u016f.<\/p>\r\n<p><em>\u201eZa Ministerstvo financ\u00ed coby v\u011bt\u0161inov\u00e9ho vlastn\u00edka kongresov\u00e9ho centra mohu \u0159\u00edci, \u017ee jsme pot\u0159ebn\u00e9 kapacity pro o\u010dkovac\u00ed centrum vy\u010dlenili velmi r\u00e1di. O\u010dkov\u00e1n\u00ed je naprostou prioritou vl\u00e1dy a&nbsp;Kongresov\u00e9 centrum Praha je strategick\u00e9 m\u00edsto se skv\u011blou dopravn\u00ed dostupnost\u00ed p\u0159\u00edmo uprost\u0159ed hlavn\u00edho m\u011bsta,\u201c<\/em> \u0159\u00edk\u00e1 ministryn\u011b financ\u00ed Alena Schillerov\u00e1.\u00a0<\/p>\r\n<p>Ji\u017e v\u00a0tuto chv\u00edli je do Metropolitn\u00edho o\u010dkovac\u00edho centra zaregistrov\u00e1no n\u011bkolik stovek lid\u00ed. Centrum bude koncipov\u00e1no tak, aby m\u011blo denn\u00ed kapacitu 200 a\u017e 1&nbsp;000 nao\u010dkovan\u00fdch lid\u00ed s\u00a0t\u00edm, \u017ee kapacita m\u016f\u017ee b\u00fdt nav\u00fd\u0161ena d\u00edky roz\u0161\u00ed\u0159en\u00ed provozu na sedm dn\u00ed v\u00a0t\u00fddnu a\u017e dvan\u00e1ct hodin denn\u011b. P\u0159\u00edpadn\u00fdm nav\u00fd\u0161en\u00edm denn\u00ed kapacity bude hlavn\u00ed m\u011bsto pru\u017en\u011b reagovat na aktu\u00e1ln\u00ed epidemickou situaci a&nbsp;dod\u00e1vky o\u010dkovac\u00edch l\u00e1tek.\u00a0<\/p>\r\n<p><em>\u201eV\u00a0prvn\u00edch dvou t\u00fddnech standardn\u00edho provozu pojedeme na polovi\u010dn\u00ed kapacitu a&nbsp;budeme o\u010dkovat p\u0159ibli\u017en\u011b 500&nbsp;lid\u00ed denn\u011b. Dod\u00e1vky vakc\u00edn od firmy Pfizer pro toto obdob\u00ed jsou po dohod\u011b s\u00a0pan\u00ed Ba\u0165hovou a&nbsp;panem ministrem Blatn\u00fdm zaji\u0161t\u011bny. S\u00a0n\u00e1rodn\u00ed koordin\u00e1torkou o\u010dkov\u00e1n\u00ed sou\u010dasn\u011b intenzivn\u011b pracujeme na tom, aby se v\u00a0n\u011bkter\u00fdch o\u010dkovac\u00edch m\u00edstech na \u00fazem\u00ed hlavn\u00edho m\u011bsta zbyte\u010dn\u011b netvo\u0159ily rezervy a\u00a0v jin\u00fdch naopak fronty lid\u00ed, kte\u0159\u00ed \u010dekaj\u00ed na o\u010dkov\u00e1n\u00ed,\u201c<\/em> \u0159\u00edk\u00e1 Martin Je\u017eek, krajsk\u00fd koordin\u00e1tor o\u010dkov\u00e1n\u00ed.<\/p>\r\n<p>P\u0159\u00edstup do o\u010dkovac\u00edho centra je \u0159e\u0161en p\u0159\u00edmo z\u00a0parkovi\u0161t\u011b u&nbsp;Kongresov\u00e9ho centra Praha, p\u0159i\u010dem\u017e zde jsou z\u0159\u00edzeny jak jednotliv\u00e9 \u010dek\u00e1rny a&nbsp;koridory, aby se potkalo v\u00a0ide\u00e1ln\u00edm p\u0159\u00edpad\u011b co nejm\u00e9n\u011b lid\u00ed, tak stanovi\u0161t\u011b s\u00a0l\u00e9ka\u0159i, kte\u0159\u00ed budou kontrolovat zdravotn\u00ed stav klient\u016f, a&nbsp;d\u00e1le m\u00edsta pro samotn\u00e9 o\u010dkov\u00e1n\u00ed a&nbsp;archivaci jednotliv\u00fdch z\u00e1znam\u016f. Sou\u010dasn\u011b jsou zde bezpe\u010dnostn\u00ed r\u00e1my, lidem je kontrolov\u00e1na teplota i&nbsp;speci\u00e1ln\u00ed koridor pro lidi s\u00a0handicapem. P\u0159edb\u011b\u017en\u00e9 n\u00e1klady na n\u00e1sleduj\u00edc\u00edch \u0161est m\u011bs\u00edc\u016f ze strany hlavn\u00edho m\u011bsta se p\u0159edpokl\u00e1daj\u00ed na p\u0159ibli\u017en\u011b 9,3 milionu korun bez DPH.<\/p>\r\n<p>&nbsp;<\/p>\r\n<p><img loading=\"lazy\" src=\"https:\/\/www.praha7.cz\/wp-content\/uploads\/2021\/03\/metropolitn\u00ed-o\u010dkovac\u00ed-centrum-1-1500x1000.jpg\" alt=\"\" width=\"640\" height=\"427\" class=\"alignnone size-large wp-image-46768\" srcset=\"https:\/\/www.praha7.cz\/wp-content\/uploads\/2021\/03\/metropolitn\u00ed-o\u010dkovac\u00ed-centrum-1-1500x1000.jpg 1500w, https:\/\/www.praha7.cz\/wp-content\/uploads\/2021\/03\/metropolitn\u00ed-o\u010dkovac\u00ed-centrum-1-600x400.jpg 600w, https:\/\/www.praha7.cz\/wp-content\/uploads\/2021\/03\/metropolitn\u00ed-o\u010dkovac\u00ed-centrum-1-768x512.jpg 768w\" sizes=\"(max-width: 640px) 100vw, 640px\" \/><\/p>","protected":false},"excerpt":{"rendered":"[perex] V&nbsp;pond\u011bl\u00ed 22.&nbsp;b\u0159ezna za\u010dal pilotn\u00ed provoz Metropolitn\u00edho o\u010dkovac\u00edho centra na Vy\u0161ehrad\u011b. V\u00a0prvn\u00edch dnech byli o\u010dkov\u00e1ni m\u011bst\u0161t\u00ed policist\u00e9 a&nbsp;d\u00e1le lid\u00e9 nap\u0159\u00edklad s\u00a0handicapem, poruchou intelektu \u010di pe\u010dovatel\u00e9. Celkem bylo nao\u010dkov\u00e1no vakc\u00ednami za pond\u011bl\u00ed a&nbsp;\u00fater\u00fd v\u00edce jak 400 lid\u00ed, do p\u00e1tku by m\u011blo b\u00fdt nao\u010dkov\u00e1no asi 1&nbsp;000 osob. Ofici\u00e1ln\u00ed spu\u0161t\u011bn\u00ed centra pro ve\u0159ejnost je pl\u00e1nov\u00e1no na 6.&nbsp;dubna. [&hellip;]","protected":false},"author":5,"featured_media":46767,"comment_status":"closed","ping_status":"open","sticky":false,"template":"","format":"standard","meta":[],"categories":[34],"tags":[],"_links":{"self":[{"href":"https:\/\/www.praha7.cz\/api\/wp\/v2\/posts\/46766"}],"collection":[{"href":"https:\/\/www.praha7.cz\/api\/wp\/v2\/posts"}],"about":[{"href":"https:\/\/www.praha7.cz\/api\/wp\/v2\/types\/post"}],"author":[{"embeddable":true,"href":"https:\/\/www.praha7.cz\/api\/wp\/v2\/users\/5"}],"replies":[{"embeddable":true,"href":"https:\/\/www.praha7.cz\/api\/wp\/v2\/comments?post=46766"}],"version-history":[{"count":6,"href":"https:\/\/www.praha7.cz\/api\/wp\/v2\/posts\/46766\/revisions"}],"predecessor-version":[{"id":46828,"href":"https:\/\/www.praha7.cz\/api\/wp\/v2\/posts\/46766\/revisions\/46828"}],"wp:featuredmedia":[{"embeddable":true,"href":"https:\/\/www.praha7.cz\/api\/wp\/v2\/media\/46767"}],"wp:attachment":[{"href":"https:\/\/www.praha7.cz\/api\/wp\/v2\/media?parent=46766"}],"wp:term":[{"taxonomy":"category","embeddable":true,"href":"https:\/\/www.praha7.cz\/api\/wp\/v2\/categories?post=46766"},{"taxonomy":"post_tag","embeddable":true,"href":"https:\/\/www.praha7.cz\/api\/wp\/v2\/tags?post=46766"}],"curies":[{"name":"wp","href":"https:\/\/api.w.org\/{rel}","templated":true}]}}