    
{"id":46722,"date":"2021-03-24T11:45:05","date_gmt":"2021-03-24T10:45:05","guid":{"rendered":"https:\/\/www.praha7.cz\/?p=46722"},"modified":"2021-03-25T13:02:37","modified_gmt":"2021-03-25T12:02:37","slug":"divaci-v-nedohlednu","status":"publish","type":"post","link":"https:\/\/www.praha7.cz\/divaci-v-nedohlednu\/","title":{"rendered":"Div\u00e1ci v&nbsp;nedohlednu"},"content":{"rendered":"<p>[perex]<\/p>\r\n<p>Boj s\u00a0koronavirem uzav\u0159el br\u00e1ny divadel a\u00a0na m\u00edsta v\u00a0hledi\u0161ti u\u017e dlouho used\u00e1 jen prach. Zat\u00edmco l\u00e9ka\u0159i si na p\u0159\u00edsun \u201ez\u00e1kazn\u00edk\u016f\u201c nemohou st\u011b\u017eovat, herci o\u00a0ty sv\u00e9 p\u0159i\u0161li. Jak se s\u00a0ne\u010dekan\u00fdmi pr\u00e1zdninami poprali, co jim sou\u010dasn\u00e1 krize dala a\u00a0jak si p\u0159edstavuj\u00ed n\u00e1vrat do norm\u00e1lu?<\/p>\r\n<p>[\/perex]<\/p>\r\n<p>Bohat\u00e1 a\u00a0r\u016fznorod\u00e1 kulturn\u00ed sc\u00e9na je jedn\u00edm z\u00a0ukazatel\u016f vysp\u011bl\u00e9 spole\u010dnosti a\u00a0tou se v\u00a0\u010cesk\u00e9 republice ur\u010dit\u011b m\u016f\u017eeme py\u0161nit \u2013 dokonce i\u00a0b\u011bhem uplynul\u00e9ho roku s\u00a0covidem. I\u00a0kdy\u017e ve v\u0161ech jin\u00fdch ohledech posledn\u00ed dobrou zna\u010dn\u011b pokulh\u00e1v\u00e1me a\u00a0ani neexistuj\u00ed spolehliv\u00e9 statistiky kulturn\u00edho d\u011bn\u00ed v\u00a0Evrop\u011b, vypad\u00e1 to, \u017ee kultura m\u00e1 mnohem tu\u017e\u0161\u00ed ko\u0159\u00ednek ne\u017e pohostinstv\u00ed a\u00a0turismus. A\u00a0kdy\u017e nemohou div\u00e1ci p\u0159ij\u00edt do s\u00e1l\u016f, dorazilo divadlo do na\u0161ich ob\u00fdv\u00e1k\u016f.<\/p>\r\n<p><strong>Hledi\u0161t\u011b na gau\u010di<\/strong><br \/>\r\nJedn\u00edm z\u00a0pr\u016fkopn\u00edk\u016f streamovan\u00fdch p\u0159edstaven\u00ed se stala <a href=\"http:\/\/www.jatka78.cz\/cs\">Jatka78<\/a> a\u00a0jejich domovsk\u00fd soubor <a href=\"http:\/\/www.laputyka.cz\/cs\">Cirk La Putyka<\/a>. U\u017e 11.\u00a0b\u0159ezna lo\u0148sk\u00e9ho roku uvedla pro pr\u00e1zdn\u00e9 hledi\u0161t\u011b inscenaci Memories of Fools. P\u0159\u00edb\u011bh kluka, kter\u00fd chce b\u00fdt astronautem, d\u00edky \u017eiv\u00e9mu vys\u00edl\u00e1n\u00ed na internetu zhl\u00e9dlo 60 tis\u00edc lid\u00ed\u00a0a\u00a0na\u00a0platform\u011b Darujme.cz se vybralo 600 tis\u00edc korun. \u201eZa prvn\u00ed dva a\u00a0p\u016fl m\u011bs\u00edce zav\u0159en\u00fdch divadel jsme odehr\u00e1li dv\u011b st\u011b p\u0159edstaven\u00ed a\u00a0odvys\u00edlali dvaadvacet \u017eiv\u00fdch vys\u00edl\u00e1n\u00ed. P\u0159ekvapila n\u00e1s jejich sledovanost. T\u0159eba kabaret POTaLESK vid\u011blo na\u017eivo pades\u00e1t osm tis\u00edc lid\u00ed, ale do dne\u0161ka jich je u\u017e sto t\u0159icet tis\u00edc,\u201c \u017easne Ros\u0165a Nov\u00e1k, princip\u00e1l Cirku La Putyka, souboru, kter\u00fd ned\u00e1vno v\u00a0Cen\u00e1ch divadeln\u00ed kritiky z\u00edskal titul Divadlo roku.<\/p>\r\n<p><a href=\"https:\/\/www.praha7.cz\/divaci-v-nedohlednu\/hobulet04_celostrana5\/\" rel=\"attachment wp-att-46725\"><img loading=\"lazy\" src=\"https:\/\/www.praha7.cz\/wp-content\/uploads\/2021\/03\/hobulet04_celostrana5-446x400.png\" alt=\"\" width=\"446\" height=\"400\" class=\"alignnone wp-image-46725 size-medium\" srcset=\"https:\/\/www.praha7.cz\/wp-content\/uploads\/2021\/03\/hobulet04_celostrana5-446x400.png 446w, https:\/\/www.praha7.cz\/wp-content\/uploads\/2021\/03\/hobulet04_celostrana5.png 466w\" sizes=\"(max-width: 446px) 100vw, 446px\" \/><\/a><\/p>\r\n<p>P\u0159es internet se loni uskute\u010dnila i\u00a0\u0159ada premi\u00e9r. A\u00a0ji\u017e zm\u00edn\u011bn\u00e9 Ceny divadeln\u00ed kritiky dokonce zavedly i\u00a0novou kategorii divadlo z\u00a0karant\u00e9ny. Hodn\u011b soubor\u016f m\u011blo ale ze streamov\u00e1n\u00ed obavu, chyb\u011bly jim zku\u0161enosti i\u00a0technika. P\u0159esto byly n\u011bkdy k\u00a0z\u00e1znamu sv\u00fdm zp\u016fsobem p\u0159inuceny. \u201eRozhodly jsme se hledat jin\u00e9 zp\u016fsoby\u00a0a\u00a0neposkytovat nato\u010den\u00e9 z\u00e1znamy p\u0159edstaven\u00ed. Premi\u00e9ru Vran jsme ale kv\u016fli dotac\u00edm musely uskute\u010dnit a\u00a0rozhodly jsme se pro sest\u0159\u00edhan\u00fd z\u00e1znam. Cht\u011bly jsme div\u00e1k\u016fm poskytnout malou ochutn\u00e1vku a\u00a0ned\u00e1vat v\u0161anc cel\u00e9 p\u0159edstaven\u00ed, kter\u00e9 nen\u00ed ur\u010den\u00e9 pro\u00a0kameru. Ohlas byl ale mimo\u0159\u00e1dn\u011b pozitivn\u00ed, z\u00e1kladn\u00ed symbolick\u00e9 vstupn\u00e9 bylo 50 korun a\u00a0lidi\u00a0mohli dobrovoln\u011b p\u0159isp\u011bt jakoukoliv jinou \u010d\u00e1stkou, co\u017e ud\u011blala v\u011bt\u0161ina z\u00a0nich. Te\u010f jsme se rozhodly, \u017ee nato\u010d\u00edme na\u0161e dal\u0161\u00ed p\u0159edstaven\u00ed Kaffeeklatsch. P\u0159eneseme jej do kav\u00e1rny, kter\u00e9 jsou te\u010f zav\u0159en\u00e9, a\u00a0t\u00edm jej p\u0159izp\u016fsob\u00edme kame\u0159e,\u201c \u0159\u00edk\u00e1 Andrea Vykysal\u00e1, \u010dlenka \u017eensk\u00e9ho pohybov\u00e9ho souboru <a href=\"https:\/\/www.facebook.com\/Holektiv\/\">Holektiv<\/a>, kter\u00fd tvo\u0159\u00ed spolu s\u00a0Evou Starou a\u00a0Karol\u00ednou K\u0159\u00ed\u017ekovou.<\/p>\r\n<p>V\u011bt\u0161ina tv\u016frc\u016f by jist\u011b souhlasila s\u00a0t\u00edm, \u017ee online z\u00e1znam divadeln\u00edho p\u0159edstaven\u00ed, koncertu \u010di v\u00fdstavy \u017eivou ud\u00e1lost nenahrad\u00ed. \u201eZ\u00e1znam rozhodn\u011b nen\u00ed plnohodnotn\u00e1 n\u00e1hrada, je t\u0159eba hledat atraktivn\u011bj\u0161\u00ed form\u00e1ty, kter\u00e9 budou m\u00edt bl\u00ed\u017e k\u00a0filmov\u00e9mu z\u00e1\u017eitku.\u00a0U\u00a0n\u00e1s to skv\u011ble um\u00ed re\u017eis\u00e9r Viktor Tau\u0161, kter\u00fd p\u0159inese v\u017edy n\u011bco nav\u00edc. I\u00a0d\u00edky n\u011bmu jsme spustili projekt <a href=\"https:\/\/nazivo.art\/\">TV Na\u017eivo<\/a>,\u201c pochvaluje si \u0159editel divadla Jatka78 \u0160t\u011bp\u00e1n Kubi\u0161ta. Od listopadu TV Na\u017eivo odvys\u00edlala v\u00a0Multiplexu 23 a\u00a0O2 TV neuv\u011b\u0159iteln\u00fdch 59 premi\u00e9r, z\u00a0toho 21 p\u0159\u00edm\u00fdch p\u0159enos\u016f, ve kter\u00fdch \u00fa\u010dinkovalo 518 vystupuj\u00edc\u00edch, jej\u00ed chod zaji\u0161\u0165ovalo p\u0159es 200 spolupracovn\u00edk\u016f. Krom\u011b soubor\u016f Cirk La Putyka a\u00a0Jatek78 vid\u011bli div\u00e1ci i\u00a0tvorbu Vosto5, Divadla Na z\u00e1bradl\u00ed, Divadla Minor a\u00a0\u0159ady dal\u0161\u00edch. Projekt m\u011bl velk\u00fd ohlas a\u00a0moment\u00e1ln\u011b se jedn\u00e1 o\u00a0jeho pokra\u010dov\u00e1n\u00ed ve spolupr\u00e1ci s\u00a0\u010ceskou televiz\u00ed. Na filmov\u00fd p\u00e1sek vsadil\u00a0i\u00a0soubor Wariot Ideal z\u00a0dal\u0161\u00edho sedmi\u010dkov\u00e9ho divadla Alfred ve dvo\u0159e. V\u00a0prosinci uvedl premi\u00e9ru dokument\u00e1rn\u00edho filmu Frame rat\u00e9 18, jen\u017e zachycuje jeden z\u00a0mnoha pracovn\u00edch dn\u00ed tohoto divadeln\u00edho souboru. Film najdete na <a href=\"https:\/\/www.youtube.com\/channel\/UCLhL-cw1NWnFlnnFQG68sSA\">YouTube kan\u00e1lu Motus\/Alfredvedvo\u0159e<\/a>.<\/p>\r\n<p>I\u00a0p\u0159es jist\u00e1 omezen\u00ed znamenaly online p\u0159enosy a\u00a0z\u00e1znamy je\u0161t\u011b jedno obrovsk\u00e9 plus. Zp\u0159\u00edstupnily toti\u017e pestrou kulturu metropole i\u00a0region\u016fm. \u201eD\u00edky online produkci se na\u0161e p\u0159edstaven\u00ed dostala i\u00a0do t\u011bch nejodlehlej\u0161\u00edch kout\u016f republiky a\u00a0mo\u017en\u00e1 to do budoucna n\u011bkoho nal\u00e1k\u00e1 p\u0159ijet do Prahy a\u00a0vid\u011bt n\u00e1s na\u017eivo,\u201c douf\u00e1 \u0160t\u011bp\u00e1n Kubi\u0161ta. Mo\u017enost sledovat z\u00e1znam \u017eiv\u00e9 kultury na internetu jist\u011b ocenili i\u00a0rodi\u010de s\u00a0mal\u00fdmi d\u011btmi nebo lid\u00e9 s\u00a0handicapem, pro kter\u00e9 je cesta do divadla komplikovan\u00e1\u00a0i\u00a0za norm\u00e1ln\u00ed situace.<\/p>\r\n<p><a href=\"https:\/\/www.praha7.cz\/divaci-v-nedohlednu\/hobulet04_celostrana\/\" rel=\"attachment wp-att-46726\"><img loading=\"lazy\" src=\"https:\/\/www.praha7.cz\/wp-content\/uploads\/2021\/03\/hobulet04_celostrana.png\" alt=\"\" width=\"1352\" height=\"1761\" class=\"alignnone wp-image-46726 size-full\" srcset=\"https:\/\/www.praha7.cz\/wp-content\/uploads\/2021\/03\/hobulet04_celostrana.png 1352w, https:\/\/www.praha7.cz\/wp-content\/uploads\/2021\/03\/hobulet04_celostrana-307x400.png 307w, https:\/\/www.praha7.cz\/wp-content\/uploads\/2021\/03\/hobulet04_celostrana-768x1000.png 768w\" sizes=\"(max-width: 1352px) 100vw, 1352px\" \/><\/a><\/p>\r\n<p><strong>Kulturn\u00ed prvn\u00ed pomoc<\/strong><br \/>\r\nKrom\u011b streamovan\u00fdch p\u0159edstaven\u00ed a\u00a0z\u00e1znam\u016f hledaly divadeln\u00ed soubory i\u00a0jin\u00e9 cesty, jak se dostat k\u00a0div\u00e1kovi. Jatka78 nap\u0159\u00edklad loni v\u00a0listopadu otev\u0159ela v\u00fddejn\u00ed ok\u00e9nko kultury, kde se pod\u00e1vala \u201emikrod\u00e1vka \u017eiv\u00e9 kultury pro kulturn\u011b z\u00e1visl\u00e9 div\u00e1ky\u201c. Soubor se inspiroval tak\u00e9 z\u00e1b\u011bry z\u00a0It\u00e1lie, kde lid\u00e9 zav\u0159en\u00ed doma zp\u00edvali a\u00a0hr\u00e1li na balkonech a\u00a0ostatn\u00ed se k\u00a0nim spont\u00e1nn\u011b p\u0159id\u00e1vali.\u00a0A\u00a0tak vyrazili za div\u00e1ky. Hr\u00e1li na dvorc\u00edch, v\u00a0autech, v\u00a0zahrad\u00e1ch nebo vnitrobloc\u00edch. \u201eDen p\u0159edem jsme vylepili plak\u00e1t, co se kdy bude d\u00edt. A\u00a0za ve\u010der jsme stihli i\u00a0\u0161estn\u00e1ct vystoupen\u00ed. Od za\u010d\u00e1tku jsem v\u011bd\u011bl, \u017ee chci svoje lidi udr\u017eet za ka\u017edou cenu, ne jako slavn\u00fd Cirque du Soleil, kter\u00fd ze dne na den propustil 4700 cirkusov\u00fdch um\u011blc\u016f, \u201c popisuje Ros\u0165a Nov\u00e1k, kter\u00fd projekt s\u00a0n\u00e1zvem #kulturunezastavis inicioval. Posledn\u00ed dobou za\u010dal kulturou o\u017eivovat v\u00fdlohy nebo obecn\u00ed rozhlasy. S\u00a0ohledem na zhor\u0161uj\u00edc\u00ed se pandemickou situaci se ale na konci \u00fanora rozhodl tyto aktivity pozastavit a\u00a0p\u0159i\u0161el s\u00a0dal\u0161\u00ed novinkou. \u201eV\u017edy pro n\u00e1s byla a\u00a0je na prvn\u00edm m\u00edst\u011b bezpe\u010dnost. Pot\u00e9, co vl\u00e1da vyhl\u00e1sila dal\u0161\u00ed lockdown, ale nem\u016f\u017eeme z\u016fstat ne\u010dinn\u011b sed\u011bt a\u00a0nic ned\u011blat.\u00a0Z\u00a0um\u011bleck\u00e9ho p\u0159etlaku i\u00a0z\u00a0frustrace ze st\u00e1le se zhor\u0161uj\u00edc\u00ed situace rozsv\u011bc\u00edme v\u00a0divadeln\u00edm s\u00e1le a\u00a0za\u010d\u00edn\u00e1me hr\u00e1t. Pro pr\u00e1zdn\u00e9 hledi\u0161t\u011b, zato 24 hodin denn\u011b.\u201c Do projektu s\u00a0n\u00e1zvem Um\u011blec v\u00a0izolaci nastoupil jako prvn\u00ed s\u00e1m Ros\u0165a Nov\u00e1k, z\u00e1znamy i\u00a0\u017eiv\u00fd p\u0159enos jsou k\u00a0vid\u011bn\u00ed na <a href=\"https:\/\/www.facebook.com\/watch\/cirklaputyka\/\">FB<\/a> a\u00a0<a href=\"https:\/\/www.youtube.com\/channel\/UC-tleat7cLpH0rmUYasCLnA\">YouTube kan\u00e1lu souboru<\/a>.<\/p>\r\n<p>Koncem \u00fanora, kdy za\u010dal vznikat tento \u010dl\u00e1nek, by za norm\u00e1ln\u00edch okolnost\u00ed nejen na Sedmi\u010dce prob\u00edhala p\u0159ehl\u00eddka toho nejzaj\u00edmav\u011bj\u0161\u00edho z\u00a0nov\u00e9ho divadla, festival <a href=\"http:\/\/www.malainventura.cz\/2020\/\">Mal\u00e1 inventura<\/a>. \u201eDo posledn\u00ed chv\u00edle jsme pracovali se t\u0159emi variantami festivalu, co\u017e v\u00e1s samoz\u0159ejm\u011b stoj\u00ed t\u0159ikr\u00e1t v\u00edce energie,\u201c popisuje \u0159editelka festivalu i\u00a0organizace <a href=\"http:\/\/www.novasit.cz\/\">Nov\u00e1 s\u00ed\u0165<\/a> Adriana Sv\u011btl\u00edkov\u00e1. Ve h\u0159e bylo i\u00a0streamov\u00e1n\u00ed pro ve\u0159ejnost, nakonec ale 19.&nbsp;ro\u010dn\u00edk p\u0159ehl\u00eddky prob\u011bhl v\u00a0souladu s\u00a0jeho aktu\u00e1ln\u00edm mottem \u2013 Milujeme offline. \u201eMysl\u00edm si, \u017ee onlinu maj\u00ed v\u0161ichni u\u017e dost, nav\u00edc kvalitn\u00ed streamov\u00e1n\u00ed si \u017e\u00e1d\u00e1 v\u011bt\u0161\u00ed rozpo\u010det a\u00a0spousta v\u011bc\u00ed se na rozd\u00edl od \u017eiv\u00e9ho divadla ztrat\u00ed, tak\u017ee my si t\u00edm vlastn\u011b chr\u00e1n\u00edme div\u00e1ka, aby ho to sp\u00ed\u0161 neodradilo do budoucna,\u201c glosuje Sv\u011btl\u00edkov\u00e1. Na \u017eiv\u00e9 divadlo tak mohli dorazit pouze profesion\u00e1lov\u00e9 z\u00a0divadeln\u00ed bran\u017ee \u2013 re\u017eis\u00e9\u0159i, producenti \u010di dramaturgov\u00e9. \u201eDivadla hraj\u00ed, v\u0161ichni jsou otestovan\u00ed, maj\u00ed respir\u00e1tory a\u00a0rozestupy a\u00a0tak\u00e9 m\u00e1me velmi omezen\u00fd po\u010det div\u00e1k\u016f. Na\u0161\u00edm c\u00edlem ale bylo udr\u017eet kontinuitu a\u00a0uk\u00e1zat, \u017ee um\u011blci neleno\u0161\u00ed, naopak je divadeln\u00ed obec velmi \u010dinorod\u00e1. Letos jsme vyb\u00edrali ze 120 p\u0159edstaven\u00ed za lo\u0148sk\u00fd rok, spousta projekt\u016f div\u00e1ka v\u00a0hledi\u0161ti ale v\u016fbec neza\u017eila,\u201c upozor\u0148uje Sv\u011btl\u00edkov\u00e1.<\/p>\r\n<p>S\u00a0ohledem na aktu\u00e1ln\u00ed epidemiologickou situaci je jist\u00e9, \u017ee na opravdov\u00e9 \u017eiv\u00e9 produkce si\u00a0je\u0161t\u011b budeme muset n\u011bjak\u00fd ten m\u011bs\u00edc po\u010dkat. A\u00a0p\u0159esto\u017ee m\u00e1 internetov\u00e9 divadlo v\u00a0na\u0161em ob\u00fdv\u00e1ku \u0159adu v\u00fdhod \u2013 m\u016f\u017eete p\u0159i p\u0159edstaven\u00ed kou\u0159it, chroupat chipsy a\u00a0nechat si zapnut\u00fd\u00a0mobil \u2013, p\u0159eci jen ten cvrkot v\u00a0\u0161atn\u011b, skleni\u010dka v\u00edna o\u00a0p\u0159est\u00e1vce i\u00a0ob\u010dasn\u00e9 poka\u0161l\u00e1v\u00e1n\u00ed z\u00a0hledi\u0161t\u011b, ale hlavn\u011b \u017eiv\u00ed herci na dosah prost\u011b chyb\u00ed. Stejn\u011b jako my, div\u00e1ci, chyb\u00edme herc\u016fm.<\/p>\r\n<p><a href=\"https:\/\/www.praha7.cz\/divaci-v-nedohlednu\/hobulet04_klaun\/\" rel=\"attachment wp-att-46727\"><img loading=\"lazy\" src=\"https:\/\/www.praha7.cz\/wp-content\/uploads\/2021\/03\/hobulet04_klaun-394x400.png\" alt=\"\" width=\"394\" height=\"400\" class=\"alignnone wp-image-46727 size-medium\" srcset=\"https:\/\/www.praha7.cz\/wp-content\/uploads\/2021\/03\/hobulet04_klaun-394x400.png 394w, https:\/\/www.praha7.cz\/wp-content\/uploads\/2021\/03\/hobulet04_klaun.png 730w\" sizes=\"(max-width: 394px) 100vw, 394px\" \/><\/a><\/p>\r\n<p><strong>K\u0159ehk\u00e9 du\u0161e<\/strong><br \/>\r\n\u201eHodn\u011b lid\u00ed se dr\u017eelo prakticky cel\u00fd minul\u00fd rok, ale u\u017e je to dlouh\u00e9, a\u00a0pr\u00e1v\u011b te\u010f se to l\u00e1me a\u00a0mnoh\u00fdm doch\u00e1zej\u00ed psychick\u00e9 s\u00edly. Um\u011blci maj\u00ed \u010dasto\u00a0velmi k\u0159ehkou du\u0161i, \u0159e\u0161\u00ed nejr\u016fzn\u011bj\u0161\u00ed\u00a0p\u0159etlaky\u00a0a\u00a0\u00fapln\u011b nejv\u00edc jim chyb\u00ed situace, kdy mus\u00ed j\u00edt se svou k\u016f\u017e\u00ed na trh. Jsme te\u010f trochu takov\u00e1 krizov\u00e1 psychologick\u00e1 linka a\u00a0samoz\u0159ejm\u011b odkazujeme\u00a0na pomoc k\u00a0odborn\u00edk\u016fm,\u201c l\u00ed\u010d\u00ed Adriana Sv\u011btl\u00edkov\u00e1 z\u00a0Nov\u00e9 s\u00edt\u011b, kter\u00e1 provozuje horkou linku ur\u010denou p\u0159edev\u0161\u00edm pro pomoc s\u00a0nejr\u016fzn\u011bj\u0161\u00edmi dotacemi. \u201eKdy\u017e se n\u011bkde objev\u00ed n\u011bjak\u00e1 forma podpory, tak to nastudujeme a\u00a0pom\u00e1h\u00e1me\u00a0s\u00a0vypln\u011bn\u00edm formul\u00e1\u0159\u016f \u2013 n\u011bkdy je to n\u00e1ro\u010dn\u011bj\u0161\u00ed v\u00a0tom, \u017ee mus\u00edme st\u00e1tn\u00edm \u00fa\u0159edn\u00edk\u016fm vysv\u011btlovat, \u017ee um\u011blec nepracuje ty dv\u011b hodiny, co trv\u00e1\u00a0p\u0159edstaven\u00ed na sc\u00e9n\u011b, ale \u017ee na ty dv\u011b hodiny zkou\u0161\u00ed t\u0159eba i\u00a0t\u0159i m\u011bs\u00edce,\u201c podot\u00fdk\u00e1 Sv\u011btl\u00edkov\u00e1. Finance jsou toti\u017e jednou z\u00a0v\u011bc\u00ed, kter\u00e9 velice tr\u00e1p\u00ed i\u00a0divadeln\u00ed provoz.\u00a0\u201eNa\u0161e fixn\u00ed n\u00e1klady\u00a0nejsou mal\u00e9, 75&nbsp;% ale dok\u00e1\u017eeme za norm\u00e1ln\u00edho\u00a0re\u017eimu pokr\u00fdt ze vstupn\u00e9ho. Te\u010f n\u00e1m v\u0161ak\u00a0nav\u00edc ode\u0161el n\u00e1\u0161 gener\u00e1ln\u00ed partner \u010cSOB, a\u00a0tak\u00a0jsme vypsali program patron\u016f. V\u00a0tuto chv\u00edli n\u00e1m pravideln\u011b p\u0159isp\u00edv\u00e1 u\u017e 300 fanou\u0161k\u016f, pro kter\u00e9, jakmile to bude mo\u017en\u00e9, p\u0159ichyst\u00e1me zaj\u00edmav\u00fd patronsk\u00fd program,\u201c slibuje Kubi\u0161ta z\u00a0Jatek78.&nbsp;\u0158ada nez\u00e1visl\u00fdch um\u011blc\u016f i\u00a0sc\u00e9n je\u00a0podle Adriany Sv\u011btl\u00edkov\u00e9 na finan\u010dn\u00ed probl\u00e9my sv\u00fdm zp\u016fsobem zvykl\u00e1. \u201eNez\u00e1visl\u00ed um\u011blci a\u00a0soubory na tom nikdy nebyli finan\u010dn\u011b extra dob\u0159e a\u00a0jsou zvykl\u00ed, \u017ee pen\u00edze mus\u00ed vyd\u011blat bokem i\u00a0za norm\u00e1ln\u00ed situace, tak\u017ee v\u00a0tomhle m\u011bli oproti st\u00e1l\u00fdm sc\u00e9n\u00e1m tak trochu v\u00fdhodu.\u201c Jak ale dopl\u0148uje tane\u010dnice a\u00a0performerka Andrea Vykysal\u00e1, situace je v\u017edy individu\u00e1ln\u00ed. \u201ePo\u0159\u00e1d je\u0161t\u011b nepropad\u00e1m stav\u016fm deprese a\u00a0paniky. T\u0159eba matky samo\u017eivitelky, lid\u00e9, kte\u0159\u00ed pracovali na dohody, restaurat\u00e9\u0159i a\u00a0hoteli\u00e9\u0159i jsou na tom ur\u010dit\u011b h\u016f\u0159. Ale i\u00a0pro mnoho um\u011blc\u016f je situace opravdu obt\u00ed\u017en\u00e1. Sama za sebe ale mluv\u00edm z\u00a0pozice here\u010dky na voln\u00e9 noze, kter\u00e1 m\u00e1 z\u00e1zem\u00ed, tedy man\u017eela se stabiln\u00edm zam\u011bstn\u00e1n\u00edm. Kdybychom byli oba z\u00a0bran\u017ee a\u00a0m\u011bli d\u011bti, byla by to zcela jin\u00e1 situace. Zat\u00edm ale nev\u00edm o\u00a0souboru, kter\u00fd by tuhle bezprecedentn\u00ed krizi nep\u0159e\u017eil.\u201c<\/p>\r\n<p><a href=\"https:\/\/www.praha7.cz\/divaci-v-nedohlednu\/mim\/\" rel=\"attachment wp-att-46729\"><img loading=\"lazy\" src=\"https:\/\/www.praha7.cz\/wp-content\/uploads\/2021\/03\/mim.png\" alt=\"\" width=\"620\" height=\"717\" class=\"alignnone wp-image-46729 size-full\" srcset=\"https:\/\/www.praha7.cz\/wp-content\/uploads\/2021\/03\/mim.png 620w, https:\/\/www.praha7.cz\/wp-content\/uploads\/2021\/03\/mim-346x400.png 346w\" sizes=\"(max-width: 620px) 100vw, 620px\" \/><\/a><\/p>\r\n<p><strong>A\u00a0vy jste kdo?<\/strong><br \/>\r\nZd\u00e1 se, \u017ee st\u00e1t kulturu nenechal na holi\u010dk\u00e1ch. Podpory je relativn\u011b dost, na koho se ale v\u00a0prvn\u00ed chv\u00edli \u00fapln\u011b zapomn\u011blo, byli lid\u00e9 ze z\u00e1kulis\u00ed, kter\u00fdch je p\u0159itom ve sv\u011bt\u011b divadla zhruba t\u0159ikr\u00e1t v\u00edc ne\u017e na jevi\u0161ti. \u201eHodn\u011b lid\u00ed z\u00a0t\u011bchto bran\u017e\u00ed jako kulis\u00e1k, osv\u011btlova\u010d\u00a0a\u00a0podobn\u011b si muselo hledat pr\u00e1ci jinde, pracuj\u00ed te\u010f na stavb\u00e1ch, v\u00a0rozv\u00e1\u017ekov\u00fdch slu\u017eb\u00e1ch. Obzvl\u00e1\u0161\u0165 to postihlo lidi z\u00a0hudebn\u00edho pr\u016fmyslu a\u00a0event\u016f a\u00a0je ot\u00e1zka, zda budou moci nasko\u010dit zp\u011bt,\u201c ob\u00e1v\u00e1 se Adriana Sv\u011btl\u00edkov\u00e1 a\u00a0pokra\u010duje: \u201eR\u00e1da bych pochv\u00e1lila jak magistr\u00e1t, tak ministerstvo kultury, je\u017e vypsaly mimo\u0159\u00e1dn\u00e9 dota\u010dn\u00ed programy na online kulturn\u00ed akce, kter\u00e9 vznikaj\u00ed b\u011bhem pandemie. Na druhou stranu ale u\u00a0klasick\u00fdch dotac\u00ed magistr\u00e1t, na rozd\u00edl od Ministerstva kultury, nezru\u0161il nutnost kofinancov\u00e1n\u00ed z\u00a0jin\u00fdch ne\u017e ve\u0159ejn\u00fdch zdroj\u016f. Co\u017e je opravdu paradoxn\u00ed, kdy\u017e nem\u00e1te \u017e\u00e1dn\u00e9 p\u0159\u00edjmy. A\u00a0jak je vid\u011bt, \u0161et\u0159it se na dotac\u00edch do budoucna bude.\u201c<\/p>\r\n<p>To dokazuje i\u00a0zku\u0161enost tane\u010dnice a\u00a0pedago\u017eky Andrey Vykysal\u00e9. \u201eNa celoro\u010dn\u00ed \u010dinnost jsme zat\u00edm obdr\u017eely m\u00ed\u0148 pen\u011bz, ne\u017e s\u00a0jak\u00fdmi jsme po\u010d\u00edtaly. Financ\u00ed na kulturu bude obecn\u011b m\u00ed\u0148\u00a0i\u00a0po republice, kam jsme si zvykly jezdit na nejr\u016fzn\u011bj\u0161\u00ed m\u011bstsk\u00e9 slavnosti a\u00a0podobn\u011b. A\u010dkoliv byla loni \u0159ada akc\u00ed zru\u0161en\u00e1, mnoho festival\u016f se nakonec konalo v\u00a0komorn\u011bj\u0161\u00ed verzi. Letos ale budou z\u0159ejm\u011b v\u0161ichni pracovat s\u00a0mnohem men\u0161\u00edm rozpo\u010dtem. Te\u010f je konec \u00fanora a\u00a0j\u00e1 bych za norm\u00e1ln\u00ed situace u\u017e m\u011bla di\u00e1\u0159 zapln\u011bn\u00fd vystoupen\u00edmi na kv\u011bten a\u017e \u010dervenec. Zat\u00edm je ale t\u00e9m\u011b\u0159 pr\u00e1zdn\u00fd.\u201c<\/p>\r\n<p>Sou\u010dasn\u00e1 krize tak\u00e9 odhalila dost bizarn\u00ed fakt, \u017ee st\u00e1t toho o\u00a0sv\u00e9 kultu\u0159e a\u00a0jej\u00edch tv\u016frc\u00edch v\u00ed jen pram\u00e1lo. \u201eMinisterstvo kultury v\u016fbec netu\u0161\u00ed, kdo v\u00a0\u010cesku kulturu tvo\u0159\u00ed. Nezn\u00e1 nez\u00e1visl\u00e9 tv\u016frce, v\u00ed jen o\u00a0p\u0159\u00edsp\u011bvkov\u00fdch souborech a\u00a0divadlech, kter\u00e9 od n\u011bj \u010derpaj\u00ed n\u011bjakou dotaci. \u0158ad\u011b um\u011blc\u016f to zat\u00edm nevadilo, byla to voln\u00e1 profese. Ale ve chv\u00edli, kdy st\u00e1t za\u010dal rozd\u00e1vat kompenzace, se uk\u00e1zalo jako probl\u00e9m, \u017ee v\u00a0\u010cR st\u00e1le neexistuje status um\u011blce,\u201c vysv\u011btluje \u0160t\u011bp\u00e1n Kubi\u0161ta, kter\u00fd je tak\u00e9 p\u0159edsedou Asociace nez\u00e1visl\u00fdch divadel. Ta funguje ji\u017e \u010dty\u0159i roky a\u00a0sna\u017e\u00ed se prosazovat z\u00e1jmy nez\u00e1visl\u00fdch soubor\u016f.<\/p>\r\n<p>Pandemie tak m\u011bla dal\u0161\u00ed pozitivn\u00ed efekt, urychlila toti\u017e propojov\u00e1n\u00ed profesion\u00e1l\u016f. Nap\u0159\u00edklad organizace divadla, tance\u00a0a\u00a0nov\u00e9ho cirkusu te\u010f funguj\u00ed pod zast\u0159e\u0161uj\u00edc\u00ed platformou sc\u00e9nick\u00fdch um\u011bn\u00ed \u010cesk\u00e9 st\u0159edisko ITI. \u201eMus\u00edm \u0159\u00edct, \u017ee d\u00edky covidu se kultura v\u00a0na\u0161\u00ed spole\u010dnosti trochu v\u00edc zviditelnila. U\u017e se nemluv\u00ed jen o\u00a0zem\u011bd\u011blstv\u00ed a\u00a0ly\u017ea\u0159sk\u00fdch are\u00e1lech, ale i\u00a0o\u00a0um\u011blc\u00edch, co\u017e je dob\u0159e,\u201c pochvaluje si Sv\u011btl\u00edkov\u00e1. Obecn\u011b pak covidov\u00e1 krize p\u0159im\u011bla celou komunitu tv\u016frc\u016f k\u00a0mnohem v\u011bt\u0161\u00edmu semknut\u00ed a\u00a0vz\u00e1jemn\u00e9 pomoci. Nap\u0159\u00edklad divadlo Alfred ve dvo\u0159e ned\u00e1vno nab\u00eddlo sv\u00e9 prostory n\u011bkolika nez\u00e1visl\u00fdm divadeln\u00edm projekt\u016fm. St\u0159echu nad hlavou tak aktu\u00e1ln\u011b sd\u00edl\u00ed t\u0159eba s\u00a0Musa\u0161i Entertainment Company \u010di souborem PY. \u201eNavazujeme na na\u0161i tradici podpory mlad\u00fdch soubor\u016f a\u00a0um\u011blc\u016f. Oba projekty te\u010f mohou intenzivn\u011b zkou\u0161et a\u00a0t\u011b\u0161\u00edme se, \u017ee se snad letos do\u010dk\u00e1me obou premi\u00e9r. Krom\u011b toho p\u0159ipravujeme dal\u0161\u00ed inscenace, jako t\u0159eba Vzpom\u00ednky na Togoland rezidentn\u00edho souboru Handa Gote, a\u00a0pracujeme na online programu, kter\u00fd uv\u00e1d\u00ed r\u016fzn\u00e9 intermedi\u00e1ln\u00ed projekty divadeln\u00edk\u016f a\u00a0audiovizu\u00e1ln\u00edch um\u011blc\u016f, ur\u010den\u00e9 p\u0159\u00edmo pro obrazovky,\u201c uvedla Pamela Ku\u0165\u00e1kov\u00e1 z\u00a0Alfredu ve dvo\u0159e.<\/p>\r\n<p><a href=\"https:\/\/www.praha7.cz\/divaci-v-nedohlednu\/hobulet04_celostrana4\/\" rel=\"attachment wp-att-46730\"><img loading=\"lazy\" src=\"https:\/\/www.praha7.cz\/wp-content\/uploads\/2021\/03\/hobulet04_celostrana4.png\" alt=\"\" width=\"517\" height=\"435\" class=\"alignnone wp-image-46730 size-full\" srcset=\"https:\/\/www.praha7.cz\/wp-content\/uploads\/2021\/03\/hobulet04_celostrana4.png 517w, https:\/\/www.praha7.cz\/wp-content\/uploads\/2021\/03\/hobulet04_celostrana4-475x400.png 475w\" sizes=\"(max-width: 517px) 100vw, 517px\" \/><\/a><\/p>\r\n<p><strong>S\u00a0divadeln\u00edky na proch\u00e1zku<\/strong><br \/>\r\n&#8218;Divadeln\u00ed soubory st\u00e1le hledaj\u00ed i\u00a0dal\u0161\u00ed form\u00e1ty, jak se dostat k\u00a0div\u00e1k\u016fm, t\u0159eba rozhlasov\u00e9 podcasty. Divadeln\u00ed rozhlasovou stanici <a href=\"http:\/\/tygrvtisni.cz\/radio-tygr\/\">Radio Tygr<\/a> si m\u016f\u017eete naladit na webov\u00fdch str\u00e1nk\u00e1ch <a href=\"http:\/\/tygrvtisni.cz\/\">Tygra v\u00a0t\u00edsni<\/a>, souboru z\u00a0<a href=\"https:\/\/vilastvanice.cz\/\">Vily \u0160tvanice<\/a>. Cestou podcast\u016f se vydalo i\u00a0dal\u0161\u00ed zdej\u0161\u00ed seskupen\u00ed, <a href=\"https:\/\/geisslers.cz\/\">Geisslers Hofcomoedianten<\/a>, kter\u00e9 touto formou p\u0159edstavilo sv\u00e9 obl\u00edben\u00e9 baroko. Pustili se tak\u00e9 do netradi\u010dn\u00ed bojovky, je\u017e v\u00e1m zp\u0159\u00edjemn\u00ed proch\u00e1zku opu\u0161t\u011bn\u00fdm centrem Prahy. Venkovn\u00ed online hra s\u00a0n\u00e1zvem Hero of the White Hill: ten, kter\u00fd tam byl v\u00e1s zavede do doby povst\u00e1n\u00ed \u010desk\u00fdch protestantsk\u00fdch stav\u016f proti c\u00edsa\u0159i. A\u00a0jak auto\u0159i slibuj\u00ed, \u201enebojte se nudn\u00e9ho d\u011bjepisu, jak u\u017e je u\u00a0Geissler\u016f zvykem, legrace mus\u00ed b\u00fdt i\u00a0na popravi\u0161ti\u2026\u201c V\u0161e, co pot\u0159ebujete, je mobiln\u00ed telefon s\u00a0daty. Po registraci z\u00edsk\u00e1te odkaz na str\u00e1nku a\u00a0s\u00a0n\u00edm\u00a0i\u00a0m\u00edsto prvn\u00edho zastaven\u00ed. Tady zjist\u00edte odpov\u011b\u010f na ot\u00e1zku, kter\u00e1 v\u00e1m odemkne prvn\u00ed video, a\u00a0pak u\u017e m\u016f\u017eete vyrazit na cestu od stanovi\u0161t\u011b ke stanovi\u0161ti, od jednoho historick\u00e9ho p\u0159\u00edb\u011bhu k\u00a0dal\u0161\u00edmu. Chyb\u011bt nebude defenestrace m\u00edstodr\u017e\u00edc\u00edch z\u00a0oken Pra\u017esk\u00e9ho hradu, korunovace Fridricha Falck\u00e9ho, pohled na bitvu na B\u00edl\u00e9 ho\u0159e ani poprava 27 p\u00e1n\u016f na Starom\u011bstsk\u00e9m n\u00e1m\u011bst\u00ed. Ale \u017e\u00e1dn\u00fd strach, krev nepote\u010de a\u00a0na\u010dan\u010dan\u00e9 paruky tak\u00e9 ne\u010dekejte. Pro\u010d by ostatn\u011b Fridrich Falck\u00fd nemohl nosit k\u0161iltovku? Geissle\u0159i se i\u00a0u\u00a0t\u00e9to divadeln\u00ed proch\u00e1zky dr\u017e\u00ed sv\u00e9ho principu, kdy spojuj\u00ed star\u00e9 s\u00a0nov\u00fdm a\u00a0v\u00e1\u017en\u00e9 se z\u00e1bavn\u00fdm.<\/p>\r\n<p>Nepl\u00e1novan\u00e9 pr\u00e1zdniny vyu\u017e\u00edvaj\u00ed divadeln\u00ed soubory tak\u00e9 k\u00a0intenzivn\u00edmu zkou\u0161en\u00ed. Na p\u0159ipravovan\u00fdch premi\u00e9r\u00e1ch pracuje t\u0159eba <a href=\"https:\/\/studiohrdinu.cz\/cs\/\">Studio Hrdin\u016f<\/a>. P\u0159edstaven\u00ed Pig Boy 1986\/2358 v\u00a0re\u017eii Lindy Du\u0161kov\u00e9 a\u00a0Zlat\u00fd \u0159ez Jana Hor\u00e1ka prob\u011bhla bez div\u00e1k\u016f, premi\u00e9ra t\u0159et\u00edho kousku Moje \u0159\u00ed\u0161e je z\u00a0tohoto sv\u011bta v\u00a0re\u017eii Miroslava Bambu\u0161ka se uskute\u010dnila za\u010d\u00e1tkem b\u0159ezna. \u201eDivadlo jede krom\u011b pravideln\u00e9ho repr\u00edzov\u00e1n\u00ed naplno. P\u0159ed pr\u00e1zdn\u00fdm s\u00e1lem ,repr\u00edzujeme\u2018 na\u0161e nov\u00e9 inscenace, tak abychom je udr\u017eeli ve form\u011b, ne\u017e je budeme moci prezentovat p\u0159ed ve\u0159ejnost\u00ed. Je to samoz\u0159ejm\u011b frustruj\u00edc\u00ed obdob\u00ed, sna\u017e\u00edme se navz\u00e1jem podporovat a\u00a0motivovat. Zpr\u00e1vy s\u00a0negativn\u00edmi v\u00fdsledky test\u016f na COVID-19 u\u017e ani po\u0159\u00e1dn\u011b nesd\u00edl\u00edme, prost\u011b na testy chod\u00edme a\u00a0t\u011b\u0161\u00edme se na na\u0161e publikum,\u201c komentuje aktu\u00e1ln\u00ed d\u011bn\u00ed ve Studiu Hrdin\u016f jeho um\u011bleck\u00fd \u0161\u00e9f Jan Hor\u00e1k.<\/p>\r\n<p>Jak p\u0159ipom\u00edn\u00e1 Adriana Sv\u011btl\u00edkov\u00e1 z\u00a0Nov\u00e9 s\u00edt\u011b, uplynul\u00fd rok s\u00a0covidem byl sice extr\u00e9mn\u011b t\u011b\u017ek\u00fd, na druhou stranu ale dal prostor obrovsk\u00e9 kreativit\u011b a\u00a0zcela nov\u00fdm propojov\u00e1n\u00edm \u017e\u00e1nr\u016f i\u00a0form\u00e1t\u016f. \u201eVzniklo toho tolik, \u017ee na p\u0159\u00ed\u0161t\u00ed jubilejn\u00ed 20.&nbsp;ro\u010dn\u00edk Mal\u00e9 inventury uva\u017eujeme o\u00a0zcela nov\u00e9 sekci, retrospektivy roku 2021, kter\u00fd byl v\u00a0mnoha ohledech velmi plodn\u00fd.\u201c Sv\u00fdm zp\u016fsobem p\u0159\u00ednosn\u00e1 je takhle krize i\u00a0pro samotn\u00e9 tv\u016frce. \u201eZa\u010dali jsme p\u0159em\u00fd\u0161let, jak d\u011blat v\u011bci jinak, trochu jsme ten n\u00e1\u0161 rozjet\u00fd vlak mohli zastavit a\u00a0pop\u0159em\u00fd\u0161let, kam jedeme a\u00a0pro\u010d, p\u0159ehodnotit na\u0161e priority. Vyzkou\u0161eli jsme si televizi a\u00a0\u0159adu dal\u0161\u00edch form\u00e1t\u016f a\u00a0v\u0161echny tyhle zku\u0161enosti v\u00a0budoucnu ur\u010dit\u011b vyu\u017eijeme,\u201c hodnot\u00ed \u0159editel Jatek78 \u0160t\u011bp\u00e1n Kubi\u0161ta. Podobn\u011b pozitivn\u011b to vn\u00edm\u00e1 i\u00a0Andrea Vykysal\u00e1, je\u017e se sv\u00fdm souborem Holektiv hr\u00e1la p\u0159ed div\u00e1ky naposledy loni v\u00a0z\u00e1\u0159\u00ed. \u201eM\u011bly jsme napl\u00e1nov\u00e1no hned n\u011bkolik projekt\u016f, v\u00a0N\u00e1rodn\u00edm divadle jsme m\u011bly zkou\u0161et novou operu v\u00a0re\u017eii Vladim\u00edra Mor\u00e1vka. Hodn\u011b v\u011bc\u00ed odpadlo a\u00a0vlastn\u011b mi to ud\u011blalo dob\u0159e. Zjistila jsem, \u017ee se nemus\u00edm honit, \u017ee sta\u010d\u00ed, kdy\u017e budu d\u011blat jeden projekt a\u00a0budu v\u00edc doma s\u00a0rodinou. D\u00edky pandemii jsme se jako soubor pustily do v\u011bc\u00ed, kter\u00e9 jsme si dlouho cht\u011bly vyzkou\u0161et, ale nebyl na n\u011b \u010das, prostor ani energie. T\u0159eba n\u00e1\u0161 ned\u00e1vn\u00fd projekt Vr\u00e1ny, co\u017e je site specific p\u0159edstaven\u00ed v\u00a0prostoru \u010cesk\u00e9ho muzea hudby s\u00a0\u017eivou hudbou. Po\u0159\u00e1d p\u0159em\u00fd\u0161l\u00edme, co m\u016f\u017eeme d\u011blat. Aktu\u00e1ln\u011b p\u0159ipravujeme nov\u00e9 p\u0159edstaven\u00ed s\u00a0dal\u0161\u00edm souborem, d\u011bl\u00e1me online lekce rann\u00edch rozcvi\u010dek a\u00a0tance a\u00a0s\u00a0ohledem na v\u00fdvoj pandemie p\u0159ehodnocujeme pl\u00e1ny a\u00a0mo\u017enosti.\u201c<\/p>\r\n<p><a href=\"https:\/\/www.praha7.cz\/divaci-v-nedohlednu\/hobulet04_celostrana2\/\" rel=\"attachment wp-att-46731\"><img loading=\"lazy\" src=\"https:\/\/www.praha7.cz\/wp-content\/uploads\/2021\/03\/hobulet04_celostrana2.png\" alt=\"\" width=\"470\" height=\"288\" class=\"alignnone wp-image-46731 size-full\" \/><\/a><\/p>\r\n<p><strong>Na \u010derstv\u00e9m vzduchu<\/strong><br \/>\r\nPosledn\u00ed p\u0159\u00edle\u017eitost\u00ed, jak z\u00edskat p\u0159irozen\u00fd kontakt s\u00a0div\u00e1kem, bylo lo\u0148sk\u00e9 l\u00e9to, kdy uvoln\u011bn\u00e9 restrikce umo\u017enovaly venkovn\u00ed produkce. Toho vyu\u017eily nejen Holektiv a\u00a0Jatka78, ale t\u0159eba i\u00a0Divadlo Vila \u0160tvanice. \u201eZa norm\u00e1ln\u00edch okolnost\u00ed bychom se do letn\u00ed sc\u00e9ny asi nepou\u0161t\u011bli, v\u00edme, kolik to s\u00a0sebou nese produk\u010dn\u00ed z\u00e1t\u011b\u017ee. Ale d\u00edky velk\u00e9mu tv\u016fr\u010d\u00edmu pnut\u00ed jsme nakonec za pouh\u00fd jeden m\u011bs\u00edc dok\u00e1zali zprodukovat letn\u00ed program na t\u0159i m\u011bs\u00edce,\u201c popsala Aneta Ku\u010de\u0159\u00edkov\u00e1 z\u00a0Divadla Vila \u0160tvanice. Na letn\u00ed hran\u00ed jako jednu z\u00a0prvn\u00edch mo\u017enost\u00ed, jak se vr\u00e1tit do norm\u00e1ln\u00edch kolej\u00ed, spol\u00e9haj\u00ed soubory i\u00a0letos. Do karet to trochu nahr\u00e1v\u00e1 divadlu Jatka78, kter\u00e9 se ji\u017e dlouhou dobu p\u0159ipravuje na rekonstrukci sv\u00e9ho kamenn\u00e9ho s\u00eddla v\u00a0tr\u017enici. S\u00a0novou venkovn\u00ed sc\u00e9nou tak po\u010d\u00edtali je\u0161t\u011b p\u0159ed covidem. \u201eNejprve jsme si cht\u011bli koupit n\u011bjak\u00e9 pou\u017eit\u00e9 \u0161apit\u00f3 ve Francii, pak jsme si ale \u0159ekli, \u017ee by bylo celkem fajn m\u00edt stan p\u0159esn\u011b podle na\u0161ich p\u0159edstav a\u00a0pot\u0159eb. U\u017e rok n\u00e1m ho \u0161ij\u00ed v\u00a0It\u00e1lii a\u00a0do Prahy by m\u011bl dorazit ka\u017ed\u00fdm dnem,\u201c prozradil \u0160t\u011bp\u00e1n Kubi\u0161ta. S\u00eddlo novodob\u00fdch nom\u00e1d\u016f v\u00a0cen\u011b rodinn\u00e9ho domku s\u00a0v\u00fdsti\u017en\u00fdm n\u00e1zvem Azyl78 a\u00a0kapacitou 500 a\u017e 800 div\u00e1k\u016f zakotv\u00ed v\u00a0kv\u011btnu na pomez\u00ed Stromovky a\u00a0V\u00fdstavi\u0161t\u011b. \u00dato\u010di\u0161t\u011b a\u00a0mo\u017enost bezpe\u010dn\u00e9 a\u00a0dost mo\u017en\u00e1 jedin\u00e9 povolen\u00e9 produkce zde Jatka78 nab\u00eddnou i\u00a0dal\u0161\u00edm kamenn\u00fdm divadl\u016fm. Do Stromovky bychom se tak mohli vypravit t\u0159eba na Divadlo pod Palmovkou, p\u0159edstaven\u00ed M\u011bstsk\u00fdch divadel pra\u017esk\u00fdch, VOSTO5, Divadla Minor a\u00a0\u0159ady dal\u0161\u00edch. Azyl78 bude v\u00a0provozu od poloviny kv\u011btna do konce z\u00e1\u0159\u00ed, ale kdy p\u0159esn\u011b se tato sc\u00e9na otev\u0159e, je st\u00e1le velkou nezn\u00e1mou.<\/p>\r\n<p>Zat\u00edmco Britov\u00e9 ji\u017e v\u011bd\u00ed, kdy dojde ke znovuotev\u0159en\u00ed jejich kulturn\u00ed sc\u00e9ny \u2013 mimochodem pro divadla operuj\u00ed s\u00a0datem 17.&nbsp;5. \u2013, v\u00a0\u010cesku si na p\u0159esn\u00fd term\u00edn budeme muset asi je\u0161t\u011b dlouho po\u010dkat. Jak se v\u0161ak shoduj\u00ed v\u0161ichni n\u00e1mi osloven\u00ed profesion\u00e1lov\u00e9, bylo by dobr\u00e9 zn\u00e1t den D s\u00a0ur\u010dit\u00fdm p\u0159edstihem. \u201eDivadla nejsou obchody ani hospody, nejde otev\u0159\u00edt ze dne na den. Vstupenky b\u011b\u017en\u011b prod\u00e1v\u00e1me s\u00a0t\u0159\u00edm\u011bs\u00ed\u010dn\u00edm p\u0159edstihem, ale asi nakonec nebude probl\u00e9m se situaci p\u0159izp\u016fsobit. Mysl\u00edm, \u017ee kdybychom z\u00edtra dostali mo\u017enost divadla otev\u0159\u00edt, jsme schopni n\u011bjak\u00e9 p\u0159edstaven\u00ed odehr\u00e1t a\u00a0ur\u010dit\u011b i\u00a0n\u011bkdo p\u0159ijde. Ide\u00e1ln\u00ed by ale bylo v\u011bd\u011bt to aspo\u0148 p\u00e1r m\u011bs\u00edc\u016f p\u0159edem,\u201c p\u0159eje si Kubi\u0161ta.<\/p>\r\n<p><a href=\"https:\/\/www.praha7.cz\/divaci-v-nedohlednu\/hobulet04_celostrana1\/\" rel=\"attachment wp-att-46728\"><img loading=\"lazy\" src=\"https:\/\/www.praha7.cz\/wp-content\/uploads\/2021\/03\/hobulet04_celostrana1.png\" alt=\"\" width=\"391\" height=\"204\" class=\"alignnone wp-image-46728 size-full\" \/><\/a><\/p>\r\n<p>Ot\u00e1zkou nicm\u00e9n\u011b z\u016fst\u00e1v\u00e1, jak na obnovenou kulturn\u00ed nab\u00eddku zareaguj\u00ed div\u00e1ci. To divadeln\u00ed obec moment\u00e1ln\u011b stra\u0161\u00ed asi mo\u017en\u00e1 \u00fapln\u011b nejv\u00edc. \u201eTi, co do divadla nechodili ani p\u0159ed pandemi\u00ed, z\u0159ejm\u011b chodit neza\u010dnou, a\u00a0je ot\u00e1zka, jestli se v\u016fbec n\u011bkdy vr\u00e1t\u00edme do stavu p\u0159ed covidem. V\u00a0Praze je hodn\u011b divadel, ka\u017ed\u00fd den si m\u016f\u017eete vybrat hned z\u00a0n\u011bkolika p\u0159edstaven\u00ed, je to tak trochu boj o\u00a0div\u00e1ka. Mysl\u00edm, \u017ee se div\u00e1ck\u00e1 obec dost z\u00fa\u017e\u00ed, lid\u00e9 si nav\u00edc tak\u00e9 nebudou moci dovolit chodit s\u00a0celou rodinou t\u0159ikr\u00e1t m\u011bs\u00ed\u010dn\u011b do divadla, budou v\u00edce \u0161et\u0159it,\u201c p\u0159edpov\u00edd\u00e1 Andrea Vykysal\u00e1. Jej\u00ed obavy sd\u00edl\u00ed i\u00a0Adriana Sv\u011btl\u00edkov\u00e1: \u201eStrach je v\u00a0n\u00e1s zako\u0159en\u011bn\u00fd a\u00a0dlouho potrv\u00e1, ne\u017e lidi zase z\u00edskaj\u00ed d\u016fv\u011bru a\u00a0za\u010dnou chodit do v\u011bt\u0161\u00edch kolektiv\u016f. Obecn\u011b si budou v\u00edce vyb\u00edrat, jak str\u00e1v\u00ed sv\u016fj voln\u00fd \u010das. Klidn\u011b to m\u016f\u017ee trvat dva a\u017e t\u0159i roky, ne\u017e se situace dostane do norm\u00e1lu, n\u00e1v\u0161t\u011bvnost divadel klesne tak na p\u011btinu a\u00a0ze strany nejr\u016fzn\u011bj\u0161\u00edch instituc\u00ed a\u00a0podpor by se na to nem\u011blo zapomenout.\u201c<\/p>\r\n<p>Je velmi pravd\u011bpodobn\u00e9, \u017ee po v\u00edce ne\u017e rok trvaj\u00edc\u00edm \u017eivot\u011b s\u00a0proticovidov\u00fdmi opat\u0159en\u00edmi bude m\u00edt \u0159ada z\u00a0n\u00e1s opravdu jin\u00e9 starosti ne\u017e chodit do divadla. Na druhou stranu ten chvilkov\u00fd \u00fanik do jin\u00e9 reality by mohl b\u00fdt pro n\u00e1s v\u0161echny velkou vzpruhou a\u00a0osv\u011b\u017een\u00edm z\u00a0\u0161ed\u00fdch pandemick\u00fdch dn\u016f. Te\u010f je ale nejd\u016fle\u017eit\u011bj\u0161\u00ed, abychom z\u00e1pas s\u00a0virem co nejrychleji \u00fasp\u011b\u0161n\u011b zvl\u00e1dli.\u00a0<\/p>\r\n<p>&nbsp;<\/p>\r\n<p><a href=\"https:\/\/www.praha7.cz\/divaci-v-nedohlednu\/hobulet04_celostrana3\/\" rel=\"attachment wp-att-46734\"><img loading=\"lazy\" src=\"https:\/\/www.praha7.cz\/wp-content\/uploads\/2021\/03\/hobulet04_celostrana3.png\" alt=\"\" width=\"292\" height=\"99\" class=\"alignnone wp-image-46734 size-full\" \/><\/a><\/p>\r\n<p>&nbsp;<\/p>","protected":false},"excerpt":{"rendered":"[perex] Boj s\u00a0koronavirem uzav\u0159el br\u00e1ny divadel a\u00a0na m\u00edsta v\u00a0hledi\u0161ti u\u017e dlouho used\u00e1 jen prach. Zat\u00edmco l\u00e9ka\u0159i si na p\u0159\u00edsun \u201ez\u00e1kazn\u00edk\u016f\u201c nemohou st\u011b\u017eovat, herci o\u00a0ty sv\u00e9 p\u0159i\u0161li. Jak se s\u00a0ne\u010dekan\u00fdmi pr\u00e1zdninami poprali, co jim sou\u010dasn\u00e1 krize dala a\u00a0jak si p\u0159edstavuj\u00ed n\u00e1vrat do norm\u00e1lu? [\/perex] Bohat\u00e1 a\u00a0r\u016fznorod\u00e1 kulturn\u00ed sc\u00e9na je jedn\u00edm z\u00a0ukazatel\u016f vysp\u011bl\u00e9 spole\u010dnosti a\u00a0tou se v\u00a0\u010cesk\u00e9 [&hellip;]","protected":false},"author":76,"featured_media":46724,"comment_status":"closed","ping_status":"open","sticky":false,"template":"","format":"standard","meta":[],"categories":[37],"tags":[],"_links":{"self":[{"href":"https:\/\/www.praha7.cz\/api\/wp\/v2\/posts\/46722"}],"collection":[{"href":"https:\/\/www.praha7.cz\/api\/wp\/v2\/posts"}],"about":[{"href":"https:\/\/www.praha7.cz\/api\/wp\/v2\/types\/post"}],"author":[{"embeddable":true,"href":"https:\/\/www.praha7.cz\/api\/wp\/v2\/users\/76"}],"replies":[{"embeddable":true,"href":"https:\/\/www.praha7.cz\/api\/wp\/v2\/comments?post=46722"}],"version-history":[{"count":6,"href":"https:\/\/www.praha7.cz\/api\/wp\/v2\/posts\/46722\/revisions"}],"predecessor-version":[{"id":46739,"href":"https:\/\/www.praha7.cz\/api\/wp\/v2\/posts\/46722\/revisions\/46739"}],"wp:featuredmedia":[{"embeddable":true,"href":"https:\/\/www.praha7.cz\/api\/wp\/v2\/media\/46724"}],"wp:attachment":[{"href":"https:\/\/www.praha7.cz\/api\/wp\/v2\/media?parent=46722"}],"wp:term":[{"taxonomy":"category","embeddable":true,"href":"https:\/\/www.praha7.cz\/api\/wp\/v2\/categories?post=46722"},{"taxonomy":"post_tag","embeddable":true,"href":"https:\/\/www.praha7.cz\/api\/wp\/v2\/tags?post=46722"}],"curies":[{"name":"wp","href":"https:\/\/api.w.org\/{rel}","templated":true}]}}