    
{"id":46622,"date":"2021-03-19T11:23:21","date_gmt":"2021-03-19T10:23:21","guid":{"rendered":"https:\/\/www.praha7.cz\/?p=46622"},"modified":"2021-03-19T11:23:21","modified_gmt":"2021-03-19T10:23:21","slug":"vlada-prodlouzila-omezeni-pohybu-osob-a-dalsi-opatreni","status":"publish","type":"post","link":"https:\/\/www.praha7.cz\/vlada-prodlouzila-omezeni-pohybu-osob-a-dalsi-opatreni\/","title":{"rendered":"Vl\u00e1da prodlou\u017eila omezen\u00ed pohybu osob a&nbsp;dal\u0161\u00ed opat\u0159en\u00ed"},"content":{"rendered":"<p>[perex]<\/p>\r\n<p>Omezen\u00ed pohybu a&nbsp;dal\u0161\u00ed opat\u0159en\u00ed proti \u0161\u00ed\u0159en\u00ed nemoci covid-19 budou platit i&nbsp;po 21.&nbsp;b\u0159eznu.\u00a0Vl\u00e1da 18.&nbsp;3.&nbsp;prodlou\u017eila platnost opat\u0159en\u00ed do konce nouzov\u00e9ho stavu. Ten zat\u00edm plat\u00ed do 28.&nbsp;b\u0159ezna, ale kabinet chce op\u011bt po\u017e\u00e1dat o&nbsp;jeho prodlou\u017een\u00ed. Nad\u00e1le plat\u00ed z\u00e1kaz cestov\u00e1n\u00ed mezi okresy a&nbsp;dal\u0161\u00ed omezen\u00ed. \u00a0Vl\u00e1da lidem nov\u011b povolila sportov\u00e1n\u00ed a&nbsp;proch\u00e1zky i&nbsp;mimo obec, ale st\u00e1le v&nbsp;r\u00e1mci jednoho okresu. Sportuj\u00edc\u00ed lid\u00e9 nebudou muset m\u00edt v&nbsp;obci rou\u0161ku, kdy\u017e budou dodr\u017eovat odstupy dvou metr\u016f od ostatn\u00edch.<\/p>\r\n<p>Ve\u0161ker\u00e1 aktu\u00e1ln\u011b platn\u00e1 opat\u0159en\u00ed naleznete zde:\u00a0V\u0161echna aktu\u00e1ln\u011b platn\u00e1 opat\u0159en\u00ed naleznete <a href=\"https:\/\/www.vlada.cz\/cz\/epidemie-koronaviru\/dulezite-informace\/nouzovy-stav-a-mimoradna-opatreni-_-co-aktualne-plati-180234\/\">ZDE<\/a>.<\/p>\r\n<p>[\/perex]<\/p>","protected":false},"excerpt":{"rendered":"[perex] Omezen\u00ed pohybu a&nbsp;dal\u0161\u00ed opat\u0159en\u00ed proti \u0161\u00ed\u0159en\u00ed nemoci covid-19 budou platit i&nbsp;po 21.&nbsp;b\u0159eznu.\u00a0Vl\u00e1da 18.&nbsp;3.&nbsp;prodlou\u017eila platnost opat\u0159en\u00ed do konce nouzov\u00e9ho stavu. Ten zat\u00edm plat\u00ed do 28.&nbsp;b\u0159ezna, ale kabinet chce op\u011bt po\u017e\u00e1dat o&nbsp;jeho prodlou\u017een\u00ed. Nad\u00e1le plat\u00ed z\u00e1kaz cestov\u00e1n\u00ed mezi okresy a&nbsp;dal\u0161\u00ed omezen\u00ed. \u00a0Vl\u00e1da lidem nov\u011b povolila sportov\u00e1n\u00ed a&nbsp;proch\u00e1zky i&nbsp;mimo obec, ale st\u00e1le v&nbsp;r\u00e1mci jednoho okresu. Sportuj\u00edc\u00ed lid\u00e9 [&hellip;]","protected":false},"author":5,"featured_media":34744,"comment_status":"closed","ping_status":"open","sticky":false,"template":"","format":"standard","meta":[],"categories":[34],"tags":[],"_links":{"self":[{"href":"https:\/\/www.praha7.cz\/api\/wp\/v2\/posts\/46622"}],"collection":[{"href":"https:\/\/www.praha7.cz\/api\/wp\/v2\/posts"}],"about":[{"href":"https:\/\/www.praha7.cz\/api\/wp\/v2\/types\/post"}],"author":[{"embeddable":true,"href":"https:\/\/www.praha7.cz\/api\/wp\/v2\/users\/5"}],"replies":[{"embeddable":true,"href":"https:\/\/www.praha7.cz\/api\/wp\/v2\/comments?post=46622"}],"version-history":[{"count":1,"href":"https:\/\/www.praha7.cz\/api\/wp\/v2\/posts\/46622\/revisions"}],"predecessor-version":[{"id":46623,"href":"https:\/\/www.praha7.cz\/api\/wp\/v2\/posts\/46622\/revisions\/46623"}],"wp:featuredmedia":[{"embeddable":true,"href":"https:\/\/www.praha7.cz\/api\/wp\/v2\/media\/34744"}],"wp:attachment":[{"href":"https:\/\/www.praha7.cz\/api\/wp\/v2\/media?parent=46622"}],"wp:term":[{"taxonomy":"category","embeddable":true,"href":"https:\/\/www.praha7.cz\/api\/wp\/v2\/categories?post=46622"},{"taxonomy":"post_tag","embeddable":true,"href":"https:\/\/www.praha7.cz\/api\/wp\/v2\/tags?post=46622"}],"curies":[{"name":"wp","href":"https:\/\/api.w.org\/{rel}","templated":true}]}}