    
{"id":46591,"date":"2021-03-18T10:55:00","date_gmt":"2021-03-18T09:55:00","guid":{"rendered":"https:\/\/www.praha7.cz\/?p=46591"},"modified":"2022-04-13T16:22:14","modified_gmt":"2022-04-13T14:22:14","slug":"praha-7-pomaha-rodinam-zvladnout-distancni-vyuku-a-dalsi-uskali-v-case-pandemie","status":"publish","type":"post","link":"https:\/\/www.praha7.cz\/praha-7-pomaha-rodinam-zvladnout-distancni-vyuku-a-dalsi-uskali-v-case-pandemie\/","title":{"rendered":"Praha&nbsp;7 pom\u00e1h\u00e1 rodin\u00e1m zvl\u00e1dnout distan\u010dn\u00ed v\u00fduku a&nbsp;dal\u0161\u00ed \u00faskal\u00ed v&nbsp;\u010dase pandemie"},"content":{"rendered":"<p>[perex]<\/p>\r\n<p>Ob\u010dan\u00e9 Prahy&nbsp;7, kte\u0159\u00ed si v\u00a0nejr\u016fzn\u011bj\u0161\u00edch situac\u00edch b\u011bhem pandemie covidu-19 nev\u011bd\u00ed rady, se mohou obracet na <a href=\"https:\/\/www.praha7.cz\/jsme-tu-pro-vas-infolinka-poradny-a-sousedska-pomoc\/\">infolinku m\u011bstsk\u00e9 \u010d\u00e1sti nebo na n\u011bkterou z\u00a0tematick\u00fdch poraden<\/a>. Od \u010dervna lo\u0148sk\u00e9ho roku na Sedmi\u010dce funguje tak\u00e9 <a href=\"https:\/\/www.praha7.cz\/potrebuji-zaridit\/socialni-oblast\/poradna-pro-rodiny\/\">poradna pro rodiny<\/a>, kter\u00e9 se (nejen) v\u00a0souvislost\u00ed s&nbsp;pandemi\u00ed dost\u00e1vaj\u00ed do t\u00ed\u017eiv\u00e9 situace. V\u00a0sou\u010dasn\u00e9 dob\u011b se m\u011bstsk\u00e1 \u010d\u00e1st zam\u011b\u0159uje na podporu rodin a&nbsp;\u0161kol v\u00a0oblasti dou\u010dov\u00e1n\u00ed a&nbsp;dal\u0161\u00edch pot\u0159eb b\u011bhem distan\u010dn\u00ed v\u00fduky.<\/p>\r\n<p>[\/perex]<\/p>\r\n<p><em>\u201eD\u011bti, rodi\u010de i&nbsp;u\u010ditel\u00e9 se b\u011bhem pandemie pot\u00fdkaj\u00ed s\u00a0mnoha nejr\u016fzn\u011bj\u0161\u00edmi probl\u00e9my. Sna\u017e\u00edme se jim b\u00fdt maxim\u00e1ln\u011b n\u00e1pomocn\u00ed. Od jara zaji\u0161\u0165ujeme v\u00fdpo\u010detn\u00ed techniku pro d\u011bti z\u00a0rodin v\u00a0nep\u0159\u00edzniv\u00e9 finan\u010dn\u00ed situaci a&nbsp;z\u0159\u00eddili jsme tak\u00e9 poradnu, na kterou se mohou obracet rodi\u010de, kdy\u017e si nev\u00ed s\u00a0\u010d\u00edmkoli rady. Aktu\u00e1ln\u011b \u0159e\u0161\u00edme t\u00e9ma dou\u010dov\u00e1n\u00ed. M\u00e1me tu velkou spoustu u\u010ditel\u016f, organizac\u00ed, rodi\u010d\u016f a&nbsp;dobrovoln\u00edk\u016f, kte\u0159\u00ed dou\u010dov\u00e1n\u00ed zaji\u0161\u0165uj\u00ed nebo jsou p\u0159ipraveni pomoc nab\u00eddnout. Z\u0159\u00eddili jsme proto pilotn\u00ed pozici lok\u00e1ln\u00edho koordin\u00e1tora, kter\u00fd tyto nab\u00eddky vyhled\u00e1v\u00e1, mapuje a&nbsp;propojuje s\u00a0jednotliv\u00fdmi \u0161kolami, aby se konkr\u00e9tn\u00ed podpora dostala v\u0161em d\u011btem\u00a0<\/em><em>i rodi\u010d\u016fm, kte\u0159\u00ed v\u00a0dob\u011b n\u00e1ro\u010dn\u00e9 distan\u010dn\u00ed v\u00fduky uv\u00edtaj\u00ed pomocnou ruku,\u201c<\/em> uvedla <em><strong>radn\u00ed Prahy&nbsp;7 pro oblast \u0161kolstv\u00ed a&nbsp;vzd\u011bl\u00e1v\u00e1n\u00ed Hana \u0160i\u0161kov\u00e1<\/strong><\/em>. \u00a0\u00a0\u00a0<\/p>\r\n<p>&nbsp;<\/p>\r\n<h3><a href=\"https:\/\/www.praha7.cz\/potrebuji-zaridit\/socialni-oblast\/poradna-pro-rodiny\/\">Poradna pro rodiny<\/a><\/h3>\r\n<p>&nbsp;<\/p>\r\n<p><strong>Odborn\u00edci rodi\u010d\u016fm pomohou s&nbsp;konkr\u00e9tn\u00edmi probl\u00e9my a&nbsp;provedou je syst\u00e9mem podpory a&nbsp;slu\u017eeb, kter\u00e9 lze v&nbsp;krizov\u00fdch situac\u00edch vyu\u017e\u00edt. Poradenstv\u00ed je poskytov\u00e1no bezplatn\u011b\u00a0<\/strong><strong>a anonymn\u011b.<\/strong><\/p>\r\n<p><em>\u201ePoradna pro rodiny vedle z\u00e1le\u017eitost\u00ed \u0161kol a&nbsp;v\u00fduky \u0159e\u0161\u00ed celou \u0159adu probl\u00e9m\u016f, kter\u00e9 doba pandemie p\u0159in\u00e1\u0161\u00ed. Obracej\u00ed se na n\u00e1s nap\u0159\u00edklad lid\u00e9, kte\u0159\u00ed p\u0159i\u0161li o&nbsp;pravideln\u00e9 p\u0159\u00edjmy a&nbsp;neorientuj\u00ed se v\u00a0syst\u00e9mu soci\u00e1ln\u00edch slu\u017eeb, proto\u017ee je nikdy d\u0159\u00edv nepot\u0159ebovali. Nab\u00edz\u00edme tak\u00e9 psychologick\u00e9 poradenstv\u00ed, jeliko\u017e lid\u00e9 dlouhodob\u011b \u010del\u00ed velk\u00e9mu tlaku a&nbsp;nap\u011bt\u00ed. A&nbsp;rodi\u010de se na n\u00e1s s\u00a0d\u016fv\u011brou mohou obr\u00e1tit tak\u00e9 se z\u00e1le\u017eitostmi, kter\u00e9 s\u00a0pandemi\u00ed p\u0159\u00edmo nesouvis\u00ed, jako jsou probl\u00e9my s\u00a0n\u00e1vykov\u00fdmi l\u00e1tkami, dom\u00e1c\u00ed n\u00e1sil\u00ed, \u0161ikana, \u00famrt\u00ed v\u00a0rodin\u011b a&nbsp;jin\u00e9 z\u00e1t\u011b\u017eov\u00e9 situace,\u201c<\/em> doplnil <em><strong>radn\u00ed Prahy&nbsp;7 Jakob Hurrle<\/strong><\/em>, kter\u00fd m\u00e1 na starosti soci\u00e1ln\u00ed a&nbsp;zdravotn\u00ed politiku. \u00a0\u00a0<\/p>\r\n<p>V\u00a0Praze 7 funguj\u00ed tak\u00e9 dal\u0161\u00ed poradny, jako je poradna pro seniory, poradna pro pe\u010duj\u00edc\u00ed \u010di pr\u00e1vn\u00ed poradna. Podporu v\u00a0krizov\u00fdch situac\u00edch zaji\u0161\u0165uj\u00ed tak\u00e9 sousedsk\u00e9 spolky. V\u00edce informac\u00ed se dozv\u00edte <a href=\"https:\/\/www.praha7.cz\/jsme-tu-pro-vas-infolinka-poradny-a-sousedska-pomoc\/\">ZDE<\/a>.<\/p>\r\n<p>&nbsp;<\/p>","protected":false},"excerpt":{"rendered":"[perex] Ob\u010dan\u00e9 Prahy&nbsp;7, kte\u0159\u00ed si v\u00a0nejr\u016fzn\u011bj\u0161\u00edch situac\u00edch b\u011bhem pandemie covidu-19 nev\u011bd\u00ed rady, se mohou obracet na infolinku m\u011bstsk\u00e9 \u010d\u00e1sti nebo na n\u011bkterou z\u00a0tematick\u00fdch poraden. Od \u010dervna lo\u0148sk\u00e9ho roku na Sedmi\u010dce funguje tak\u00e9 poradna pro rodiny, kter\u00e9 se (nejen) v\u00a0souvislost\u00ed s&nbsp;pandemi\u00ed dost\u00e1vaj\u00ed do t\u00ed\u017eiv\u00e9 situace. V\u00a0sou\u010dasn\u00e9 dob\u011b se m\u011bstsk\u00e1 \u010d\u00e1st zam\u011b\u0159uje na podporu rodin a&nbsp;\u0161kol v\u00a0oblasti [&hellip;]","protected":false},"author":5,"featured_media":46590,"comment_status":"closed","ping_status":"open","sticky":false,"template":"","format":"standard","meta":[],"categories":[34,74],"tags":[],"_links":{"self":[{"href":"https:\/\/www.praha7.cz\/api\/wp\/v2\/posts\/46591"}],"collection":[{"href":"https:\/\/www.praha7.cz\/api\/wp\/v2\/posts"}],"about":[{"href":"https:\/\/www.praha7.cz\/api\/wp\/v2\/types\/post"}],"author":[{"embeddable":true,"href":"https:\/\/www.praha7.cz\/api\/wp\/v2\/users\/5"}],"replies":[{"embeddable":true,"href":"https:\/\/www.praha7.cz\/api\/wp\/v2\/comments?post=46591"}],"version-history":[{"count":7,"href":"https:\/\/www.praha7.cz\/api\/wp\/v2\/posts\/46591\/revisions"}],"predecessor-version":[{"id":56632,"href":"https:\/\/www.praha7.cz\/api\/wp\/v2\/posts\/46591\/revisions\/56632"}],"wp:featuredmedia":[{"embeddable":true,"href":"https:\/\/www.praha7.cz\/api\/wp\/v2\/media\/46590"}],"wp:attachment":[{"href":"https:\/\/www.praha7.cz\/api\/wp\/v2\/media?parent=46591"}],"wp:term":[{"taxonomy":"category","embeddable":true,"href":"https:\/\/www.praha7.cz\/api\/wp\/v2\/categories?post=46591"},{"taxonomy":"post_tag","embeddable":true,"href":"https:\/\/www.praha7.cz\/api\/wp\/v2\/tags?post=46591"}],"curies":[{"name":"wp","href":"https:\/\/api.w.org\/{rel}","templated":true}]}}