    
{"id":46381,"date":"2021-03-15T14:35:51","date_gmt":"2021-03-15T13:35:51","guid":{"rendered":"https:\/\/www.praha7.cz\/?p=46381"},"modified":"2021-03-30T11:46:16","modified_gmt":"2021-03-30T09:46:16","slug":"scitani-obyvatelstva","status":"publish","type":"post","link":"https:\/\/www.praha7.cz\/scitani-obyvatelstva\/","title":{"rendered":"S\u010d\u00edt\u00e1n\u00ed obyvatelstva 2021"},"content":{"rendered":"<p>[perex]<\/p>\r\n<p>Kolik \u017eije na Sedmi\u010dce obyvatel a&nbsp;v&nbsp;jak\u00e9 v\u011bkov\u00e9 struktu\u0159e? Kolik je zde dom\u016f a&nbsp;byt\u016f? To jsou jen n\u011bkter\u00e9 ot\u00e1zky, na kter\u00e9 jednou za deset let odpov\u00ed s\u010d\u00edt\u00e1n\u00ed lidu, dom\u016f a&nbsp;byt\u016f. S\u010d\u00edt\u00e1n\u00ed odstartuje o&nbsp;p\u016flnoci na sobotu 27.&nbsp;b\u0159ezna a&nbsp;pob\u011b\u017e\u00ed do 11.&nbsp;kv\u011btna 2021. S&nbsp;ohledem na epidemickou situaci prob\u011bhne tentokr\u00e1t prim\u00e1rn\u011b v&nbsp;online form\u011b tedy\u00a0bez kontaktu s&nbsp;jak\u00fdmkoliv \u00fa\u0159edn\u00edkem, z&nbsp;pohodl\u00ed domova.\u00a0Kdo se nese\u010dte online, bude m\u00edt od 17.&nbsp;dubna mo\u017enost vyplnit listinn\u00fd formul\u00e1\u0159, jejich\u017e sb\u011br prob\u011bhne za\u00a0p\u0159\u00edsn\u00fdch hygienick\u00fdch opat\u0159en\u00ed. Podrobnosti na <a href=\"https:\/\/scitani.cz\/\" target=\"_blank\" rel=\"noopener\">scitani.cz<\/a>.<\/p>\r\n<p>[\/perex]<\/p>\r\n<p>V obdob\u00ed <strong>od 27.&nbsp;b\u0159ezna do 11.&nbsp;kv\u011btna<\/strong> bude mo\u017en\u00e9 vyplnit s\u010d\u00edtac\u00ed formul\u00e1\u0159 jednodu\u0161e a&nbsp;bezpe\u010dn\u011b <strong>p\u0159es internet<\/strong>, na webu nebo v&nbsp;mobiln\u00ed aplikaci, kterou naleznete v&nbsp;Google Play i&nbsp;App Store pod n\u00e1zvem S\u010d\u00edt\u00e1n\u00ed21. Elektronick\u00fd s\u010d\u00edtac\u00ed formul\u00e1\u0159 je krom\u011b \u010de\u0161tiny dostupn\u00fd v&nbsp;7 jazyc\u00edch (angli\u010dtina, n\u011bm\u010dina, pol\u0161tina, ru\u0161tina, ukrajin\u0161tina, vietnam\u0161tina, rom\u0161tina). Formul\u00e1\u0159 je mo\u017en\u00e9 vyplnit i&nbsp;za dal\u0161\u00ed osoby. Mus\u00edte v\u0161ak zn\u00e1t situaci v&nbsp;dom\u00e1cnosti a&nbsp;tak\u00e9 n\u011bkter\u00e9 osobn\u00ed \u00fadaje jej\u00edch \u010dlen\u016f. Osoby, kter\u00e9 nebydl\u00ed na adrese trval\u00e9ho pobytu, vypln\u00ed s\u010d\u00edtac\u00ed formul\u00e1\u0159 za svou dom\u00e1cnost dle sv\u00e9ho skute\u010dn\u00e9ho (faktick\u00e9ho) bydli\u0161t\u011b, bez ohledu na m\u00edsto trval\u00e9ho pobytu.<\/p>\r\n<p>Kdo se nese\u010dte online, bude muset vyplnit <strong>listinn\u00fd s\u010d\u00edtac\u00ed formul\u00e1\u0159<\/strong>. \u010cinnost s\u010d\u00edtac\u00edch komisa\u0159\u016f p\u0159i ter\u00e9nn\u00edm do\u0161et\u0159en\u00ed mezi <strong>17.&nbsp;dubnem a&nbsp;11.&nbsp;kv\u011btnem<\/strong> bude v&nbsp;sou\u010dinnosti \u010cesk\u00e9ho statistick\u00e9ho \u00fa\u0159adu a&nbsp;\u010cesk\u00e9 po\u0161ty upravena tak, aby do\u0161lo k&nbsp;v\u00fdrazn\u00e9mu omezen\u00ed fyzick\u00fdch kontakt\u016f mezi s\u010d\u00edtac\u00edmi komisa\u0159i a&nbsp;obyvatelstvem. Oproti s\u010d\u00edt\u00e1n\u00ed v&nbsp;roce 2011 ubude po\u010det zji\u0161\u0165ovan\u00fdch \u00fadaj\u016f. Zcela odpadnou ot\u00e1zky t\u00fdkaj\u00edc\u00ed se vybavenosti dom\u00e1cnosti nap\u0159\u00edklad koupelnou nebo osobn\u00edm po\u010d\u00edta\u010dem, zjednodu\u0161\u00ed se ot\u00e1zky ohledn\u011b velikosti bytu, vzd\u011bl\u00e1n\u00ed \u010di doj\u00ed\u017e\u010fky do zam\u011bstn\u00e1n\u00ed. V\u0161echny ot\u00e1zky jsou povinn\u00e9, pouze ot\u00e1zky na n\u00e1rodnost a&nbsp;n\u00e1bo\u017eensk\u00e9 vyzn\u00e1n\u00ed jsou dobrovoln\u00e9.<\/p>\r\n<p>S\u010d\u00edt\u00e1n\u00ed p\u0159inese cenn\u00e9 \u00fadaje o&nbsp;obyvatelstvu, jeho rozm\u00edst\u011bn\u00ed, demografick\u00fdch, soci\u00e1ln\u00edch a&nbsp;ekonomick\u00fdch charakteristik\u00e1ch, slo\u017een\u00ed a&nbsp;zp\u016fsobu bydlen\u00ed dom\u00e1cnost\u00ed, a&nbsp;to ve vz\u00e1jemn\u00fdch vazb\u00e1ch v&nbsp;celost\u00e1tn\u00edm pohledu i&nbsp;v&nbsp;nejmen\u0161\u00edm \u00fazemn\u00edm detailu. Jeho v\u00fdsledky pak pom\u00e1haj\u00ed v&nbsp;mnoha sf\u00e9r\u00e1ch \u2013 nap\u0159\u00edklad p\u0159i pl\u00e1nov\u00e1n\u00ed dopravy, kapacit ve zdravotnick\u00fdch za\u0159\u00edzen\u00edch, domovech pro seniory nebo \u0161kolk\u00e1ch i&nbsp;p\u0159i tvorb\u011b \u00fazemn\u00edch pl\u00e1n\u016f \u010di v\u00fdjezdech hasi\u010d\u016f.<\/p>\r\n<p>S\u010d\u00edt\u00e1n\u00ed se na na\u0161em \u00fazem\u00ed kon\u00e1 pravideln\u011b u\u017e od roku 1869. To zat\u00edm posledn\u00ed prob\u011bhlo v&nbsp;roce 2011. V&nbsp;uplynul\u00fdch 150 letech se s\u010d\u00edt\u00e1n\u00ed lidu v&nbsp;desetilet\u00e9m intervalu nekonalo pouze jednou \u2013 v&nbsp;obdob\u00ed druh\u00e9 sv\u011btov\u00e9 v\u00e1lky. Na z\u00e1klad\u011b rozhodnut\u00ed OSN pl\u00e1nuje prov\u00e9st s\u010d\u00edt\u00e1n\u00ed v&nbsp;roce 2021 celkem 55 st\u00e1t\u016f. V&nbsp;EU dokonce letos prob\u011bhne census i&nbsp;p\u0159es nelehkou situaci ve v\u0161ech jej\u00edch \u010dlensk\u00fdch zem\u00edch.<\/p>\r\n<p>V\u0161echny pot\u0159ebn\u00e9 informace naleznete na internetov\u00fdch str\u00e1nk\u00e1ch <a href=\"https:\/\/scitani.cz\/\">Scitani.cz<\/a> a&nbsp;v&nbsp;informa\u010dn\u00edch let\u00e1c\u00edch, kter\u00e9 v\u010das dostanete do po\u0161tovn\u00ed schr\u00e1nky. Informace z\u00edsk\u00e1te d\u00e1le na infolince 274&nbsp;056&nbsp;789 a&nbsp;emailu <a href=\"mailto:dotazy@scitani.cz\">dotazy@scitani.cz<\/a>. V\u00edce <a href=\"https:\/\/www.scitani.cz\/csu\/scitani2021\/kontaktni-centrum-scitani-2021-zahajilo-svou-cinnost\" target=\"_blank\" rel=\"noopener\">zde<\/a>.<\/p>\r\n<p><a href=\"https:\/\/www.praha7.cz\/wp-content\/uploads\/2021\/03\/scitani_2021_timeline.png\" target=\"_blank\" rel=\"noopener\"><img loading=\"lazy\" src=\"https:\/\/www.praha7.cz\/wp-content\/uploads\/2021\/03\/scitani_2021_timeline.png\" alt=\"\" width=\"1026\" height=\"173\" class=\"wp-image-46886 size-full alignleft\" srcset=\"https:\/\/www.praha7.cz\/wp-content\/uploads\/2021\/03\/scitani_2021_timeline.png 1026w, https:\/\/www.praha7.cz\/wp-content\/uploads\/2021\/03\/scitani_2021_timeline-600x101.png 600w, https:\/\/www.praha7.cz\/wp-content\/uploads\/2021\/03\/scitani_2021_timeline-768x129.png 768w\" sizes=\"(max-width: 1026px) 100vw, 1026px\" \/><\/a><\/p>","protected":false},"excerpt":{"rendered":"[perex] Kolik \u017eije na Sedmi\u010dce obyvatel a&nbsp;v&nbsp;jak\u00e9 v\u011bkov\u00e9 struktu\u0159e? Kolik je zde dom\u016f a&nbsp;byt\u016f? To jsou jen n\u011bkter\u00e9 ot\u00e1zky, na kter\u00e9 jednou za deset let odpov\u00ed s\u010d\u00edt\u00e1n\u00ed lidu, dom\u016f a&nbsp;byt\u016f. S\u010d\u00edt\u00e1n\u00ed odstartuje o&nbsp;p\u016flnoci na sobotu 27.&nbsp;b\u0159ezna a&nbsp;pob\u011b\u017e\u00ed do 11.&nbsp;kv\u011btna 2021. S&nbsp;ohledem na epidemickou situaci prob\u011bhne tentokr\u00e1t prim\u00e1rn\u011b v&nbsp;online form\u011b tedy\u00a0bez kontaktu s&nbsp;jak\u00fdmkoliv \u00fa\u0159edn\u00edkem, z&nbsp;pohodl\u00ed domova.\u00a0Kdo [&hellip;]","protected":false},"author":76,"featured_media":46519,"comment_status":"closed","ping_status":"open","sticky":false,"template":"","format":"standard","meta":[],"categories":[34],"tags":[],"_links":{"self":[{"href":"https:\/\/www.praha7.cz\/api\/wp\/v2\/posts\/46381"}],"collection":[{"href":"https:\/\/www.praha7.cz\/api\/wp\/v2\/posts"}],"about":[{"href":"https:\/\/www.praha7.cz\/api\/wp\/v2\/types\/post"}],"author":[{"embeddable":true,"href":"https:\/\/www.praha7.cz\/api\/wp\/v2\/users\/76"}],"replies":[{"embeddable":true,"href":"https:\/\/www.praha7.cz\/api\/wp\/v2\/comments?post=46381"}],"version-history":[{"count":17,"href":"https:\/\/www.praha7.cz\/api\/wp\/v2\/posts\/46381\/revisions"}],"predecessor-version":[{"id":46891,"href":"https:\/\/www.praha7.cz\/api\/wp\/v2\/posts\/46381\/revisions\/46891"}],"wp:featuredmedia":[{"embeddable":true,"href":"https:\/\/www.praha7.cz\/api\/wp\/v2\/media\/46519"}],"wp:attachment":[{"href":"https:\/\/www.praha7.cz\/api\/wp\/v2\/media?parent=46381"}],"wp:term":[{"taxonomy":"category","embeddable":true,"href":"https:\/\/www.praha7.cz\/api\/wp\/v2\/categories?post=46381"},{"taxonomy":"post_tag","embeddable":true,"href":"https:\/\/www.praha7.cz\/api\/wp\/v2\/tags?post=46381"}],"curies":[{"name":"wp","href":"https:\/\/api.w.org\/{rel}","templated":true}]}}