    
{"id":46090,"date":"2021-02-26T12:09:55","date_gmt":"2021-02-26T11:09:55","guid":{"rendered":"https:\/\/www.praha7.cz\/?p=46090"},"modified":"2021-03-15T11:12:32","modified_gmt":"2021-03-15T10:12:32","slug":"pozvanka-na-2-radne-zasedani-zastupitelstva-mc-praha-7-3","status":"publish","type":"post","link":"https:\/\/www.praha7.cz\/pozvanka-na-2-radne-zasedani-zastupitelstva-mc-praha-7-3\/","title":{"rendered":"Pozv\u00e1nka na 2.&nbsp;\u0159\u00e1dn\u00e9 zased\u00e1n\u00ed Zastupitelstva M\u010c Praha&nbsp;7"},"content":{"rendered":"<p style=\"text-align: justify;\">[perex]<\/p>\r\n<p style=\"text-align: justify;\">2.&nbsp;\u0159\u00e1dn\u00e9 zased\u00e1n\u00ed Zastupitelstva M\u010c Praha&nbsp;7 se kon\u00e1 v&nbsp;pond\u011bl\u00ed dne 8.&nbsp;b\u0159ezna 2021 od 17:00 hodin. Online p\u0159enos naleznete <a href=\"https:\/\/youtu.be\/AiV195_ngSw\">zde<\/a>.<\/p>\r\n<p style=\"text-align: justify;\">Materi\u00e1ly ke sta\u017een\u00ed budou k\u00a0dispozici pod eviden\u010dn\u00edmi \u010d\u00edsly u\u00a0n\u00e1zv\u016f jednotliv\u00fdch bod\u016f.\u00a0<\/p>\r\n<p style=\"text-align: justify;\">Toto zased\u00e1n\u00ed Z\u00a0M\u010c P7 je p\u0159\u00edstupno pro ve\u0159ejnost, ale z\u00e1rove\u0148<strong> p\u0159ij\u00edm\u00e1 dotazy prost\u0159ednictv\u00edm SMS na tel. \u010d\u00edsle: +420&nbsp;770\u00a0101\u00a0951<\/strong><\/p>\r\n<p style=\"text-align: justify;\">Jedn\u00e1n\u00ed bude prob\u00edhat prezen\u010dn\u011b s\u00a0mo\u017enost\u00ed online p\u0159\u00edtomnosti pro zastupitele.<\/p>\r\n<p style=\"text-align: justify;\">[\/perex]<\/p>\r\n<p style=\"text-align: justify;\"><strong>Program 2.\u00a0\u0159\u00e1dn\u00e9ho zased\u00e1n\u00ed Zastupitelstva M\u010c Praha\u00a07\u00a0<\/strong><\/p>\r\n<ul style=\"text-align: justify;\">\r\n\t<li>Pravideln\u00fd bod programu za\u0159azen\u00fd za bod \u010d. 2 \u2013 Dotazy a&nbsp;p\u0159ipom\u00ednky ob\u010dan\u016f 1<\/li>\r\n\t<li>Pravideln\u00fd bod programu za\u0159azen\u00fd pevn\u011b na 18 hodinu \u2013 Dotazy a&nbsp;p\u0159ipom\u00ednky ob\u010dan\u016f 2<\/li>\r\n<\/ul>\r\n<p style=\"text-align: justify;\"><strong>1.\u00a0<\/strong>Zah\u00e1jen\u00ed &#8211; schv\u00e1len\u00ed programu<\/p>\r\n<p style=\"text-align: justify;\"><strong>2.\u00a0<\/strong>\u00a0N\u00c1VRH usnesen\u00ed k&nbsp;rozpo\u010dtov\u00e9mu opat\u0159en\u00ed m\u011bs\u00edce b\u0159ezna 2021 v&nbsp;celkov\u00e9m objemu 842,7 tis. K\u010d (rozpo\u010dtov\u011b) &#8211; \u00faprava rozpo\u010dtu M\u010c Praha&nbsp;7 v&nbsp;souvislosti s&nbsp;tvorbou Humanitn\u00edho fondu v&nbsp;r\u00e1mci UR 2021 &#8211; <a href=\"https:\/\/www.praha7.cz\/wp-content\/uploads\/2021\/02\/1781.zip\">\u010d. 1781<\/a><\/p>\r\n<p style=\"text-align: justify;\"><strong>3.\u00a0<\/strong> N\u00c1VRH usnesen\u00ed na p\u0159evod pozemk\u016f M\u010c Praha&nbsp;7 pod bytov\u00fdmi domy soukrom\u00fdch vlastn\u00edk\u016f &#8211; Schnirchova 1373\/26 (parc. \u010d. 1502\/1, v&nbsp;k.\u00fa. Hole\u0161ovice) a&nbsp;Janovsk\u00e9ho 709\/57 (parc. \u010d. 1541 a&nbsp;1542, oba v&nbsp;k.\u00fa. Hole\u0161ovice), kter\u00e9 tvo\u0159\u00ed s&nbsp;bytov\u00fdmi domy funk\u010dn\u00ed technologick\u00e9 celky &#8211; <a href=\"https:\/\/www.praha7.cz\/wp-content\/uploads\/2021\/02\/1721.zip\">\u010d. 1721<\/a><\/p>\r\n<p style=\"text-align: justify;\"><strong>4.\u00a0<\/strong> N\u00c1VRH usnesen\u00ed na sv\u011b\u0159en\u00ed n\u011bkter\u00fdch pozemk\u016f a&nbsp;budov v&nbsp;katastr\u00e1ln\u00edch \u00fazem\u00edch Hole\u0161ovice a&nbsp;Bubene\u010d, obec Praha, do sv\u011b\u0159en\u00e9 spr\u00e1vy nemovitost\u00ed M\u011bstsk\u00e9 \u010d\u00e1sti Praha&nbsp;7 &#8211; <a href=\"https:\/\/file.praha7.cz\/odbory\/kst\/1779.zip\">\u010d. 1779<\/a><\/p>\r\n<p style=\"text-align: justify;\"><strong>5.\u00a0<\/strong> N\u00c1VRH usnesen\u00ed\u00a0k pod\u00e1n\u00ed \u017ealoby na zru\u0161en\u00ed a&nbsp;vypo\u0159\u00e1d\u00e1n\u00ed spoluvlastnictv\u00ed pozemk\u016f parc. \u010d. 2008 a&nbsp;2009, k.\u00fa. Hole\u0161ovice (d\u016fm \u010d.p. 804, Letohradsk\u00e1 14) &#8211; <a href=\"https:\/\/www.praha7.cz\/wp-content\/uploads\/2021\/02\/1616.zip\">\u010d. 1616<\/a><\/p>\r\n<p style=\"text-align: justify;\"><strong>6.<\/strong>\u00a0 N\u00c1VRH usnesen\u00ed k&nbsp;aktualizaci dokumentu &#8222;Pravidla pro um\u00eds\u0165ov\u00e1n\u00ed za\u0159\u00edzen\u00ed a&nbsp;staveb reklamn\u00ed a&nbsp;informa\u010dn\u00ed povahy na \u00fazem\u00ed m\u011bstsk\u00e9 \u010d\u00e1sti Praha&nbsp;7&#8220; &#8211; <a href=\"https:\/\/www.praha7.cz\/wp-content\/uploads\/2021\/02\/1777.zip\">\u010d. 1777<\/a><\/p>\r\n<p style=\"text-align: justify;\"><strong>7.\u00a0<\/strong> N\u00c1VRH usnesen\u00ed na po\u0159\u00edzen\u00ed zm\u011bny \u00fazemn\u00edho pl\u00e1nu zkr\u00e1cen\u00fdm postupem na pozemku 1824\/1 k. \u00fa. Bubene\u010d pro z\u00e1m\u011br obnoven\u00ed tramvajov\u00e9 trati &#8211; <a href=\"https:\/\/www.praha7.cz\/wp-content\/uploads\/2021\/02\/1765.zip\">\u010d. 1765<\/a><\/p>\r\n<p style=\"text-align: justify;\"><strong>8.\u00a0<\/strong> N\u00c1VRH usnesen\u00ed k&nbsp;p\u0159ipom\u00ednk\u00e1m \u00a0M\u010c Praha&nbsp;7 k&nbsp;Aktualizaci \u010d. 5 Z\u00e1sad \u00fazemn\u00edho rozvoje hl. m. Prahy ve spole\u010dn\u00e9m jedn\u00e1n\u00ed dle \u00a7 37 z\u00e1kona \u010d. 183\/2006 Sb. &#8211; <a href=\"https:\/\/www.praha7.cz\/wp-content\/uploads\/2021\/02\/1778.zip\">\u010d. 1778<\/a><\/p>\r\n<p style=\"text-align: justify;\"><strong>9.<\/strong>\u00a0 N\u00c1VRH usnesen\u00ed k&nbsp;za\u0159azen\u00ed dvou nov\u00fdch investi\u010dn\u00edch akc\u00ed do praven\u00e9ho rozpo\u010dtu v\u00fddaj\u016f ORJ 0120, ORVP &#8211; v\u010detn\u011b realizace p\u0159\u00edslu\u0161n\u00e9ho rozpo\u010dtov\u00e9ho opat\u0159en\u00ed m\u011bs\u00edce b\u0159ezna 2021 &#8211; a&nbsp;to v&nbsp;celkov\u00e9m objemu finan\u010dn\u00edch prost\u0159edk\u016f 1&nbsp;300&nbsp;000,- K\u010d (rozpo\u010dtov\u011b 1&nbsp;300,0 tis. K\u010d) &#8211; <a href=\"https:\/\/www.praha7.cz\/wp-content\/uploads\/2021\/02\/1783.zip\">\u010d. 1783<\/a><\/p>\r\n<p style=\"text-align: justify;\"><strong>10.\u00a0<\/strong> INFORMACE o&nbsp;\u010dinnosti Rady M\u010c Praha&nbsp;7 a&nbsp;pln\u011bn\u00ed \u00fakol\u016f ulo\u017een\u00fdch Rad\u011b M\u010c Praha&nbsp;7 Zastupitelstvem\u00a0 M\u010c Praha&nbsp;7 v\u00a0obdob\u00ed mezi 1.&nbsp;a&nbsp;2.&nbsp;zased\u00e1n\u00edm\u00a0Zastupitelstva M\u010c Praha&nbsp;7 v\u00a0roce 2021 &#8211; <a href=\"https:\/\/www.praha7.cz\/wp-content\/uploads\/2021\/02\/1780.zip\">\u010d. 1780<\/a><\/p>\r\n<p style=\"text-align: justify;\"><strong>11.\u00a0<\/strong> INFORMACE o&nbsp;pl\u00e1nu z\u0159\u00eddit novou M\u0160 Rajsk\u00e1 na pozemku ve\u0159ejn\u00e9 vybavenosti na z\u00e1klad\u011b v\u00fdsledku studie &#8211; <a href=\"https:\/\/www.praha7.cz\/wp-content\/uploads\/2021\/02\/1787.zip\">\u010d. 1787<\/a><\/p>\r\n<p style=\"text-align: justify;\"><strong>12.\u00a0<\/strong> INFORMACE o&nbsp;\u010derp\u00e1n\u00ed finan\u010dn\u00edch prost\u0159edk\u016f z&nbsp;Humanitn\u00edho fondu za 2.&nbsp;pololet\u00ed 2020 a&nbsp;prost\u0159edk\u016f z\u00a0transparentn\u00edho \u00fa\u010dtu M\u010c P7 &#8211; <a href=\"https:\/\/www.praha7.cz\/wp-content\/uploads\/2021\/02\/1754.zip\">\u010d. 1754<\/a><\/p>\r\n<p style=\"text-align: justify;\"><strong>13.\u00a0<\/strong> INFORMACE o&nbsp;realizaci o\u010dkov\u00e1n\u00ed a&nbsp;mimo\u0159\u00e1dn\u00e9 odm\u011bn\u011b \u0159editelce Polikliniky Prahy&nbsp;7 &#8211; <a href=\"https:\/\/www.praha7.cz\/wp-content\/uploads\/2021\/02\/1786-2.zip\">\u010d. 1786<\/a><\/p>\r\n<p style=\"text-align: justify;\"><strong>14.<\/strong>\u00a0 INFORMACE o&nbsp;\u010dinnosti Kontroln\u00edho v\u00fdboru Zastupitelstva M\u010c Praha&nbsp;7\u00a0v\u00a0obdob\u00ed mezi 1.&nbsp;a&nbsp;2.&nbsp;zased\u00e1n\u00edm Zastupitelstva M\u010c Praha&nbsp;7 v\u00a0roce 2021 &#8211; <a href=\"https:\/\/www.praha7.cz\/wp-content\/uploads\/2021\/02\/1782-2.zip\">\u010d. 1782<\/a><\/p>\r\n<p style=\"text-align: justify;\"><strong>15.\u00a0<\/strong> INFORMACE o&nbsp;\u010dinnosti Finan\u010dn\u00edho v\u00fdboru Zastupitelstva M\u010c Praha&nbsp;7\u00a0v\u00a0obdob\u00ed mezi 1.&nbsp;a&nbsp;2.&nbsp;zased\u00e1n\u00edm Zastupitelstva M\u010c Praha&nbsp;7 v\u00a0roce 2021 &#8211; <a href=\"https:\/\/www.praha7.cz\/wp-content\/uploads\/2021\/02\/1784-2.zip\">\u010d. 1784<\/a><\/p>\r\n<p style=\"text-align: justify;\"><strong>16.\u00a0<\/strong> INFORMACE o&nbsp;\u010dinnosti V\u00fdboru pro\u00a0vzd\u011bl\u00e1v\u00e1n\u00ed, soci\u00e1ln\u00ed politiku a&nbsp;zdravotnictv\u00ed Zastupitelstva M\u010c Praha&nbsp;7 v\u00a0obdob\u00ed mezi 1.&nbsp;a&nbsp;2.&nbsp;zased\u00e1n\u00edm\u00a0Zastupitelstva M\u010c Praha&nbsp;7 v\u00a0roce 2021 &#8211; <a href=\"https:\/\/www.praha7.cz\/wp-content\/uploads\/2021\/02\/1785.zip\">\u010d. 1785<\/a><\/p>\r\n<p style=\"text-align: justify;\"><strong>17.\u00a0<\/strong>\u00a0INFORMACE k&nbsp;rezignaci na funkci p\u0159\u00edsed\u00edc\u00ed Obvodn\u00edho soudu pro Prahu 7 &#8211; <a href=\"https:\/\/www.praha7.cz\/wp-content\/uploads\/2021\/02\/1788.zip\">\u010d. 1788<\/a><\/p>\r\n<p style=\"text-align: justify;\"><strong>18.<\/strong>\u00a0 N\u00c1VRH usnesen\u00ed\u00a0k \u017e\u00e1dosti neziskov\u00e9 organizace Charita Praha &#8211; Hole\u0161ovice I\u010cO: 49368222 o\u00a0poskytnut\u00ed n\u00e1vratn\u00e9 finan\u010dn\u00ed v\u00fdpomoci pro finan\u010dn\u00ed kryt\u00ed mzdov\u00fdch prost\u0159edk\u016f\u00a0zam\u011bstnanc\u016f organizace za m\u011bs\u00edc \u00fanor a&nbsp;souvisej\u00edc\u00edho rozpo\u010dtov\u00e9ho opat\u0159en\u00ed\u00a0m\u011bs\u00edce b\u0159ezna 2021 &#8211; a&nbsp;to v&nbsp;celkov\u00e9m objemu finan\u010dn\u00edch prost\u0159edk\u016f 500&nbsp;000,- K\u010d\u00a0(rozpo\u010dtov\u011b 500,0 tis. K\u010d) &#8211; <a href=\"https:\/\/www.praha7.cz\/wp-content\/uploads\/2021\/02\/1789.zip\">\u010d. 1789<\/a><\/p>\r\n<p style=\"text-align: justify;\"><strong>19.<\/strong>\u00a0 Dopisy, adresovan\u00e9 Z\u00a0M\u010c P7<\/p>\r\n<p style=\"text-align: justify;\"><strong>20.<\/strong>\u00a0 R\u016fzn\u00e9<\/p>\r\n<p style=\"text-align: justify;\"><strong>21.<\/strong>\u00a0 Z\u00e1v\u011br\u00a0\u00a0\u00a0\u00a0\u00a0\u00a0\u00a0\u00a0\u00a0\u00a0\u00a0\u00a0\u00a0\u00a0\u00a0\u00a0\u00a0<\/p>\r\n<p style=\"text-align: justify;\">Mgr. Jan \u010ci\u017einsk\u00fd<br \/>\r\nstarosta m\u011bstsk\u00e9 \u010d\u00e1sti Praha&nbsp;7<\/p>\r\n<p>&nbsp;<\/p>\r\n<p><a href=\"https:\/\/file.praha7.cz\/odbory\/kst\/2_2021.zip\">Materi\u00e1ly k&nbsp;2.\u00a0\u0159\u00e1dn\u00e9mu zased\u00e1n\u00ed Z\u00a0M\u010c Praha\u00a07<\/a><\/p>","protected":false},"excerpt":{"rendered":"[perex] 2.&nbsp;\u0159\u00e1dn\u00e9 zased\u00e1n\u00ed Zastupitelstva M\u010c Praha&nbsp;7 se kon\u00e1 v&nbsp;pond\u011bl\u00ed dne 8.&nbsp;b\u0159ezna 2021 od 17:00 hodin. Online p\u0159enos naleznete zde. Materi\u00e1ly ke sta\u017een\u00ed budou k\u00a0dispozici pod eviden\u010dn\u00edmi \u010d\u00edsly u\u00a0n\u00e1zv\u016f jednotliv\u00fdch bod\u016f.\u00a0 Toto zased\u00e1n\u00ed Z\u00a0M\u010c P7 je p\u0159\u00edstupno pro ve\u0159ejnost, ale z\u00e1rove\u0148 p\u0159ij\u00edm\u00e1 dotazy prost\u0159ednictv\u00edm SMS na tel. \u010d\u00edsle: +420&nbsp;770\u00a0101\u00a0951 Jedn\u00e1n\u00ed bude prob\u00edhat prezen\u010dn\u011b s\u00a0mo\u017enost\u00ed online p\u0159\u00edtomnosti [&hellip;]","protected":false},"author":14,"featured_media":33780,"comment_status":"closed","ping_status":"open","sticky":false,"template":"","format":"standard","meta":[],"categories":[34],"tags":[],"_links":{"self":[{"href":"https:\/\/www.praha7.cz\/api\/wp\/v2\/posts\/46090"}],"collection":[{"href":"https:\/\/www.praha7.cz\/api\/wp\/v2\/posts"}],"about":[{"href":"https:\/\/www.praha7.cz\/api\/wp\/v2\/types\/post"}],"author":[{"embeddable":true,"href":"https:\/\/www.praha7.cz\/api\/wp\/v2\/users\/14"}],"replies":[{"embeddable":true,"href":"https:\/\/www.praha7.cz\/api\/wp\/v2\/comments?post=46090"}],"version-history":[{"count":21,"href":"https:\/\/www.praha7.cz\/api\/wp\/v2\/posts\/46090\/revisions"}],"predecessor-version":[{"id":46360,"href":"https:\/\/www.praha7.cz\/api\/wp\/v2\/posts\/46090\/revisions\/46360"}],"wp:featuredmedia":[{"embeddable":true,"href":"https:\/\/www.praha7.cz\/api\/wp\/v2\/media\/33780"}],"wp:attachment":[{"href":"https:\/\/www.praha7.cz\/api\/wp\/v2\/media?parent=46090"}],"wp:term":[{"taxonomy":"category","embeddable":true,"href":"https:\/\/www.praha7.cz\/api\/wp\/v2\/categories?post=46090"},{"taxonomy":"post_tag","embeddable":true,"href":"https:\/\/www.praha7.cz\/api\/wp\/v2\/tags?post=46090"}],"curies":[{"name":"wp","href":"https:\/\/api.w.org\/{rel}","templated":true}]}}