    
{"id":4582,"date":"2017-02-28T10:04:14","date_gmt":"2017-02-28T09:04:14","guid":{"rendered":"https:\/\/praha7.cz\/?p=4582"},"modified":"2018-05-23T11:22:26","modified_gmt":"2018-05-23T09:22:26","slug":"kyslik-pro-molochov","status":"publish","type":"post","link":"https:\/\/www.praha7.cz\/kyslik-pro-molochov\/","title":{"rendered":"Kysl\u00edk pro Molochov"},"content":{"rendered":"<p>[perex]<\/p>\r\n<p>Uli\u010dka za Molochovem se m\u011bn\u00ed k&nbsp;lep\u0161\u00edmu. Na podzim se v&nbsp;n\u00ed rozeb\u011bhly zahradnick\u00e9 pr\u00e1ce, kter\u00e9 by m\u011bly ulici utopen\u00e9 ve st\u00ednu funkcionalistick\u00e9 pam\u00e1tky p\u0159in\u00e9st t\u0159i sta ke\u0159\u016f, dv\u011b st\u011b pop\u00ednavek, dvan\u00e1ct strom\u016f a&nbsp;jeden ps\u00ed piso\u00e1r.<\/p>\r\n<p>[\/perex]<\/p>\r\n<p>Letensk\u00fd Molochov pat\u0159\u00ed mezi m\u00edsta, okolo kter\u00fdch kr\u00e1\u010dely d\u011bjiny. A\u0165 u\u017e \u0161lo o\u00a0pr\u016fvody na Prvn\u00edho m\u00e1je, vojensk\u00e9 p\u0159ehl\u00eddky nebo demonstrace v\u00a0roce 1989. Zat\u00edmco na Letensk\u00e9 pl\u00e1ni se psala historie, v\u00a0uli\u010dce za domem se rodily mal\u00e9 lidsk\u00e9 p\u0159\u00edb\u011bhy. Ulice se jmenuje U\u00a0Letensk\u00e9 vod\u00e1rny a\u00a0zaj\u00edmav\u00e9 na n\u00ed je, \u017ee tvo\u0159\u00ed zadn\u00ed trakt k\u00a0dvan\u00e1cti budov\u00e1m spojen\u00fdm jednou fas\u00e1dou. Z\u00a0tolika dom\u016f se Molochov skl\u00e1d\u00e1 a\u00a0odtud se tak\u00e9 odv\u00edj\u00ed jeho lidov\u00e9 pojmenov\u00e1n\u00ed.<\/p>\r\n<p>Kdy\u017e jej v\u00a0roce 1938 dokon\u010dovali zedn\u00edci, za\u010dali mu kv\u016fli jeho mohutnosti p\u0159ezd\u00edvat Moloch. Za jeho zdmi se od t\u00e9 doby vyst\u0159\u00eddala pestr\u00e1 \u0161k\u00e1la obyvatel\u00a0\u2013 od p\u016fvodn\u00edch bohat\u00fdch \u017eidovsk\u00fdch obchodn\u00edk\u016f p\u0159es nacistickou smet\u00e1nku a\u00a0zam\u011bstnance \u0159\u00ed\u0161sk\u00e9ho filmov\u00e9ho pr\u016fmyslu a\u017e po komunistick\u00e9 prominenty a\u00a0pracovn\u00edky nedalek\u00e9ho ministerstva vnitra. Jedno cel\u00e9 patro v\u00a0jednom z\u00a0vchod\u016f ob\u00fdval nap\u0159\u00edklad komunistick\u00fd ministr spoj\u016f Karel Hoffman.<\/p>\r\n<p>Uli\u010dka dlouho pustla, a\u017e na jej\u00ed \u00fapravu radnice p\u0159ed t\u0159emi lety vypsala architektonickou sout\u011b\u017e (ulici m\u00e1 sv\u011b\u0159enou m\u011bstsk\u00e1 \u010d\u00e1st, zat\u00edmco d\u016fm m\u00e1 n\u011bkolik soukrom\u00fdch majitel\u016f). Zak\u00e1zku vyhr\u00e1l Ivan Marek s\u00a0t\u00fdmem Zahradn\u00ed architektura Martinov, kter\u00fd m\u00e1 za sebou zku\u0161enosti z\u00a0kultivace zahrad \u010cern\u00ednsk\u00e9ho pal\u00e1ce, z\u00e1meck\u00e9ho parku v\u00a0Litv\u00ednov\u011b nebo revitalizace parku profesora Proch\u00e1zky v\u00a0L\u00e1zn\u00edch Tou\u0161e\u0148, za ni\u017e studio z\u00edskalo ocen\u011bn\u00ed Park roku 2011. Samotn\u00e9 pr\u00e1ce za\u010daly loni na podzim tak, aby uli\u010dka byla v\u00a0nov\u00e9m na konci kv\u011btna.<\/p>\r\n<p>&nbsp;<\/p>\r\n<p><strong>Zm\u011bna pl\u00e1n\u016f<br \/>\r\n <\/strong>V\u0161echno ale ne\u0161lo hladce. \u201eP\u016fvodn\u011b jsme si p\u0159edstavovali, \u017ee vytvo\u0159\u00edme ve\u0159ejn\u00fd prostor, kde spolu budou moct obyvatel\u00e9 tr\u00e1vit voln\u00fd \u010das,\u201c popisuje nad p\u016fdorysem ulice svou ideu Marek. Kdy\u017e v\u0161ak s\u00a0n\u00e1vrhem sezn\u00e1mil obyvatele domu, za\u010dala se mu sch\u00e1zet jedna p\u0159ipom\u00ednka za druhou. Postupn\u011b vzaly za sv\u00e9 navr\u017een\u00e9 stolky se \u0161achovnicemi, sloupky se z\u00e1suvkami na dobit\u00ed mobil\u016f, lavi\u010dky a\u00a0nakonec i\u00a0tabule, na kter\u00e9 by si m\u00edstn\u00ed mohli po vzoru n\u011bmeck\u00fdch m\u011bst nech\u00e1vat vzkazy. \u201eOzvala se hlavn\u011b star\u0161\u00ed generace, kter\u00e1 necht\u011bla, aby jim pod okny sed\u011bl n\u011bkdo ciz\u00ed a\u00a0ru\u0161il je,\u201c vzpom\u00edn\u00e1 Marek.<\/p>\r\n<p>Pod\u00edval se tedy na celou v\u011bc z\u00a0jin\u00e9ho \u00fahlu a\u00a0za\u010dal se soust\u0159edit v\u00edc na zjednodu\u0161en\u00ed prostoru, v\u00fdrazn\u011bj\u0161\u00ed odd\u011blen\u00ed chodn\u00edku od silnice a\u00a0zazelen\u011bn\u00ed ulice. Ta toti\u017e trp\u00ed n\u011bkolika neduhy\u00a0\u2013 je tmav\u00e1, otev\u0159en\u00e1 na sever, st\u00edn\u00ed ji vysok\u00fd d\u016fm, chodn\u00edk blokuj\u00ed zaparkovan\u00e1 auta, nav\u00edc jeden jej\u00ed konec \u00fast\u00ed na improvizovan\u00e9 parkovi\u0161t\u011b u\u00a0obchodu Erotic City a\u00a0druh\u00fd ke spar\u0165ansk\u00e9mu stadionu, tak\u017ee se ulice b\u011bhem z\u00e1pas\u016f m\u011bn\u00ed ve ve\u0159ejn\u00e9 z\u00e1chodky. I\u00a0kdy\u017e prot\u011bj\u0161\u00ed stranu uli\u010dky tvo\u0159\u00ed zahrady mate\u0159sk\u00e9 \u0161koly, dopravn\u00edho h\u0159i\u0161t\u011b a\u00a0vod\u00e1rensk\u00e9 v\u011b\u017ee, pozemky jsou odd\u011blen\u00e9 plotem s\u00a0ostnat\u00fdm dr\u00e1tem.<\/p>\r\n<p>Architekti tedy navrhli polo\u017eit na chodn\u00edk dla\u017ebu z\u00a0velkoform\u00e1tov\u00fdch betonov\u00fdch dla\u017edic, kter\u00e1 odpov\u00edd\u00e1 t\u00e9 p\u016fvodn\u00ed, je\u017e se zachovala v\u00a0n\u011bkter\u00fdch vchodech, silnici od prostoru pro chodce odd\u011blit sloupky, zalo\u017eit z\u00e1hony kv\u011btin, do ulice vysadit v\u00a0pravideln\u00e9m rytmu dvan\u00e1ct strom\u016f se sv\u011btl\u00fdmi korunami, plot po cel\u00e9 d\u00e9lce nechat zmizet pod pop\u00ednavkami a\u00a0k\u00a0tomu v\u00a0cel\u00e9 ulici vys\u00e1zet cibule narcis\u016f a\u00a0hyacint\u016f, kter\u00e9 na ja\u0159e vyra\u0161\u00ed jako prvn\u00ed poslov\u00e9 jara a\u00a0pak zase zmiz\u00ed, tak\u017ee by je nikdo nem\u011bl zdevastovat.<\/p>\r\n<p>&nbsp;<\/p>\r\n<p><strong>Lavi\u010dkov\u00e9 referendum<br \/>\r\n <\/strong>V\u00a0potaz se museli vz\u00edt i\u00a0ven\u010d\u00edc\u00ed psi, proto Marek z\u00e1hony osadil trvalkami, kter\u00e9 nejsou tak choulostiv\u00e9 jako st\u00e1lezelen\u00e9 rostliny a\u00a0ke\u0159e. \u201eKdy\u017e p\u0159es n\u011b p\u0159eb\u011bhne pes, ulom\u00ed maxim\u00e1ln\u011b list a\u00a0nic se nestane,\u201c l\u00ed\u010d\u00ed architekt. Na m\u00edst\u011b by se tak\u00e9 m\u011bl objevit jeden ps\u00ed piso\u00e1r, kter\u00fd si architekti prosadili z\u00a0p\u016fvodn\u011b zam\u00edtnut\u00e9ho mobili\u00e1\u0159e.<\/p>\r\n<p>Kapitola sama pro sebe jsou lavi\u010dky. V\u00a0p\u016fvodn\u00edm n\u00e1vrhu jich bylo v\u00a0ulici rozestaveno p\u0159ibli\u017en\u011b deset, aby ji opticky \u010dlenily a\u00a0do uli\u010dky p\u0159il\u00e1kaly obyvatele domu. To se ale nel\u00edbilo m\u00edstn\u00edm, podle kter\u00fdch by se z\u00a0nich brzy stala nocleh\u00e1rna bezdomovc\u016f. Lavi\u010dky by vid\u011bli rad\u011bji na Letensk\u00e9 pl\u00e1ni, odkud ned\u00e1vno zmizely.<\/p>\r\n<p>\u201eStar\u0161\u00ed a\u00a0nemocn\u00ed lid\u00e9 nedojdou do Letensk\u00fdch sad\u016f. Sama jsem p\u0159ed p\u00e1r lety chodila n\u011bkolik m\u011bs\u00edc\u016f o\u00a0berl\u00edch od lavi\u010dky k\u00a0lavi\u010dce, proto\u017ee jsem m\u011bla velk\u00e9 bolesti a\u00a0pot\u0159ebovala si odpo\u010dinout,\u201c vzpom\u00edn\u00e1 dlouholet\u00e1 obyvatelka domu Miroslava Mou\u010dkov\u00e1, je\u017e ot\u00e1zku Molochovu n\u011bkolikr\u00e1t otev\u0159ela na zastupitelstvu a\u00a0plat\u00ed za neofici\u00e1ln\u00ed mluv\u010d\u00ed jeho n\u00e1jemn\u00edk\u016f. Spolu s\u00a0Letenskou pl\u00e1n\u00ed by lavi\u010dky p\u0159iv\u00edtala tak\u00e9 u\u00a0vod\u00e1rensk\u00e9 v\u011b\u017ee za brankou, od kter\u00e9 by m\u011bli n\u00e1jemn\u00edci kl\u00ed\u010d. V\u00a0jednom vchod\u011b svolali n\u00e1jemn\u00edci kv\u016fli lavi\u010dk\u00e1m m\u00edstn\u00ed referendum, ale nepro\u0161ly ani tady. Pokud by se situace zm\u011bnila, je mo\u017en\u00e9 je do ulice dodat i\u00a0pozd\u011bji.<\/p>\r\n<p>&nbsp;<\/p>\r\n<p><strong>Teorie rozbit\u00fdch oken<br \/>\r\n <\/strong>Dal\u0161\u00edm v\u00fdrazn\u00fdm prvkem v\u00a0ulici budou nov\u00e9 lampy, kter\u00e9 si museli architekti vyvzdorovat na spr\u00e1vcovsk\u00e9 firm\u011b ve\u0159ejn\u00e9ho osv\u011btlen\u00ed Eltodo. Ta jim navzdory projektu cht\u011bla dodat zbyte\u010dn\u011b velk\u00e1 sv\u00edtidla, kter\u00e1 se do st\u00edsn\u011bn\u00e9 uli\u010dky nehod\u00ed a\u00a0ani nevejdou. \u201eNakonec jsme je p\u0159esv\u011bd\u010dili \u010distotou sv\u00fdch my\u0161lenek,\u201c popisuje vyjedn\u00e1v\u00e1n\u00ed Marek. Na m\u00edst\u011b se tak objev\u00ed drobn\u011bj\u0161\u00ed odrazn\u00e9 lampy, kter\u00e9 nebudou sv\u00edtit lidem do oken ani vytv\u00e1\u0159et sv\u011bteln\u00fd smog. Tato sv\u00edtidla byla jednou z\u00a0podm\u00ednek z\u00fatuln\u011bn\u00ed prostoru.<\/p>\r\n<p>Jakmile se bude revitalizace ch\u00fdlit ke konci, za\u010dne radnice sh\u00e1n\u011bt zahradn\u00edky na \u00fadr\u017ebu. Ta toti\u017e b\u00fdv\u00e1 \u010dasto kamenem \u00farazu\u00a0\u2013 sebekr\u00e1sn\u011bj\u0161\u00ed zele\u0148 se obvykle prom\u011bn\u00ed v\u00a0plevel jenom proto, \u017ee se o\u00a0nov\u00e9 z\u00e1hony nikdo nestar\u00e1. Kvalitn\u00ed zalo\u017een\u00ed zelen\u011b je jenom polovinou \u00fasp\u011bchu. \u201eNa zahradn\u00edky vyp\u00ed\u0161eme dal\u0161\u00ed ve\u0159ejnou sout\u011b\u017e,\u201c l\u00ed\u010d\u00ed vedouc\u00ed odboru \u017eivotn\u00edho prost\u0159ed\u00ed Prahy&nbsp;7 Hana Horsk\u00e1.<\/p>\r\n<p>Kdy\u017e se v\u00a0roce 1994 stal Rudy Giuliani nov\u00fdm starostou New Yorku, rozhodl se sn\u00ed\u017eit kriminalitu pomoc\u00ed takzvan\u00e9 teorie rozbit\u00fdch oken. Ta \u0159\u00edk\u00e1, \u017ee \u010d\u00edm v\u00edc se v\u00a0ulic\u00edch povaluje odpadk\u016f, \u010d\u00edm v\u00edc je okolo n\u00e1s rozbit\u00fdch oken nebo zd\u00ed pokryt\u00fdch graffiti, t\u00edm v\u00edc roste zlo\u010dinnost, proto\u017ee lid\u00e9 za\u010dnou b\u00fdt ke sv\u00e9mu okol\u00ed nete\u010dn\u00ed. Jedn\u00edm z\u00a0Giulianiho prvn\u00edch krok\u016f tak byl velk\u00fd \u00faklid. Podobn\u011b se na sv\u011bt d\u00edv\u00e1 i\u00a0Marek. \u201eV\u0161ichni na za\u010d\u00e1tku \u0159\u00edkaj\u00ed: \u017d\u00e1dn\u00fd hezk\u00fd mobili\u00e1\u0159 tam ned\u00e1vejte, lid\u00e9 to stejn\u011b zni\u010d\u00ed, ul\u00e1mou a\u00a0zdevastuj\u00ed. Ale kdy\u017e se zrod\u00ed n\u011bco p\u011bkn\u00e9ho a\u00a0funk\u010dn\u00edho, lid\u00e9 se na ta m\u00edsta nau\u010d\u00ed chodit a\u00a0maj\u00ed k\u00a0nim respekt,\u201c vysv\u011btluje. \u201eByli bychom r\u00e1di, kdyby uli\u010dka kultivovala sv\u00e9 obyvatele a\u00a0oni na opl\u00e1tku kultivovali ji.\u201c Proto se do budoucnosti nevzd\u00e1v\u00e1 my\u0161lenek na lavi\u010dky, stolky nebo dob\u00edjec\u00ed sloupky. Jak se \u0159\u00edk\u00e1: ka\u017ed\u00e1 akce m\u00e1 sv\u016fj \u010das.\u00a0<\/p>","protected":false},"excerpt":{"rendered":"[perex] Uli\u010dka za Molochovem se m\u011bn\u00ed k&nbsp;lep\u0161\u00edmu. Na podzim se v&nbsp;n\u00ed rozeb\u011bhly zahradnick\u00e9 pr\u00e1ce, kter\u00e9 by m\u011bly ulici utopen\u00e9 ve st\u00ednu funkcionalistick\u00e9 pam\u00e1tky p\u0159in\u00e9st t\u0159i sta ke\u0159\u016f, dv\u011b st\u011b pop\u00ednavek, dvan\u00e1ct strom\u016f a&nbsp;jeden ps\u00ed piso\u00e1r. [\/perex] Letensk\u00fd Molochov pat\u0159\u00ed mezi m\u00edsta, okolo kter\u00fdch kr\u00e1\u010dely d\u011bjiny. A\u0165 u\u017e \u0161lo o\u00a0pr\u016fvody na Prvn\u00edho m\u00e1je, vojensk\u00e9 p\u0159ehl\u00eddky nebo [&hellip;]","protected":false},"author":2,"featured_media":14931,"comment_status":"open","ping_status":"open","sticky":false,"template":"","format":"standard","meta":[],"categories":[37],"tags":[],"_links":{"self":[{"href":"https:\/\/www.praha7.cz\/api\/wp\/v2\/posts\/4582"}],"collection":[{"href":"https:\/\/www.praha7.cz\/api\/wp\/v2\/posts"}],"about":[{"href":"https:\/\/www.praha7.cz\/api\/wp\/v2\/types\/post"}],"author":[{"embeddable":true,"href":"https:\/\/www.praha7.cz\/api\/wp\/v2\/users\/2"}],"replies":[{"embeddable":true,"href":"https:\/\/www.praha7.cz\/api\/wp\/v2\/comments?post=4582"}],"version-history":[{"count":2,"href":"https:\/\/www.praha7.cz\/api\/wp\/v2\/posts\/4582\/revisions"}],"predecessor-version":[{"id":16718,"href":"https:\/\/www.praha7.cz\/api\/wp\/v2\/posts\/4582\/revisions\/16718"}],"wp:featuredmedia":[{"embeddable":true,"href":"https:\/\/www.praha7.cz\/api\/wp\/v2\/media\/14931"}],"wp:attachment":[{"href":"https:\/\/www.praha7.cz\/api\/wp\/v2\/media?parent=4582"}],"wp:term":[{"taxonomy":"category","embeddable":true,"href":"https:\/\/www.praha7.cz\/api\/wp\/v2\/categories?post=4582"},{"taxonomy":"post_tag","embeddable":true,"href":"https:\/\/www.praha7.cz\/api\/wp\/v2\/tags?post=4582"}],"curies":[{"name":"wp","href":"https:\/\/api.w.org\/{rel}","templated":true}]}}