    
{"id":45657,"date":"2021-05-18T12:01:24","date_gmt":"2021-05-18T10:01:24","guid":{"rendered":"https:\/\/www.praha7.cz\/?p=45657"},"modified":"2022-05-30T13:12:19","modified_gmt":"2022-05-30T11:12:19","slug":"inzerujte-v-hobuletu-zdarma-az-do-cervna","status":"publish","type":"post","link":"https:\/\/www.praha7.cz\/inzerujte-v-hobuletu-zdarma-az-do-cervna\/","title":{"rendered":"Inzerujte v&nbsp;Hobuletu zdarma a\u017e do \u0159\u00edjna!"},"content":{"rendered":"<p>[perex]<\/p>\r\n<p>V r\u00e1mci podpory podnik\u00e1n\u00ed s&nbsp;ohledem na koronavirovou situaci, kter\u00e1 omezila provoz nespo\u010dtu obchod\u016f a&nbsp;slu\u017eeb, nab\u00edz\u00edme mo\u017enost inzerovat zdarma v\u00a0na\u0161em \u010dasopise <a href=\"https:\/\/www.praha7.cz\/hobulet\/\" target=\"_blank\" rel=\"noopener\">Hobulet<\/a>. Chceme m\u00edstn\u00edm firm\u00e1m a&nbsp;\u017eivnostn\u00edk\u016fm pomoci udr\u017eet jejich podnik\u00e1n\u00ed na Sedmi\u010dce, a&nbsp;jakmile to bude mo\u017en\u00e9, op\u011bt p\u0159iv\u00e9st lidi do provozoven, podnik\u016f \u010di k&nbsp;vyu\u017e\u00edv\u00e1n\u00ed nab\u00edzen\u00fdch slu\u017eeb.<\/p>\r\n<p><span style=\"color: #ff0000;\"><strong>Tato nab\u00eddka ji\u017e byla ukon\u010dena.\u00a0<\/strong><\/span><\/p>\r\n<p>[\/perex]<\/p>\r\n<p>Program pro inzerenty \u201eOsminka zdarma\u201c je ur\u010den v\u0161em firm\u00e1m, podnikatel\u016fm, \u017eivnostn\u00edk\u016fm a&nbsp;dal\u0161\u00edm organizac\u00edm, kter\u00e9 maj\u00ed s\u00eddlo \u010di provozovnu v&nbsp;Praze 7. Obsah inzerce mus\u00ed b\u00fdt v\u011bnov\u00e1n produkt\u016fm, provozovn\u00e1m \u010di slu\u017eb\u00e1m, kter\u00e9 jsou poskytov\u00e1ny na \u00fazem\u00ed Prahy&nbsp;7.<\/p>\r\n<p>Nab\u00eddka osminky zdarma byla jako forma podpory m\u00edstn\u00edm podnikatel\u016fm a&nbsp;organizac\u00edm prodlou\u017eena a\u017e do konce 3.&nbsp;\u010dtvrtlet\u00ed 2021. <span style=\"text-decoration: underline;\">Naposledy ji lze vyu\u017e\u00edt v\u00a0\u0159\u00edjnov\u00e9m vyd\u00e1n\u00ed \u010dasopisu Hobulet<\/span>.<\/p>\r\n<p><strong>V\u00edce o&nbsp;tom, jak objednat inzerci v&nbsp;Hobuletu, se dozv\u00edte<\/strong> <strong><a href=\"https:\/\/www.praha7.cz\/hobulet\/inzerce-v-hobuletu\/\" target=\"_blank\" rel=\"noopener\">ZDE<\/a>.<\/strong><\/p>","protected":false},"excerpt":{"rendered":"[perex] V&nbsp;r\u00e1mci podpory podnik\u00e1n\u00ed s&nbsp;ohledem na koronavirovou situaci, kter\u00e1 omezila provoz nespo\u010dtu obchod\u016f a&nbsp;slu\u017eeb, nab\u00edz\u00edme mo\u017enost inzerovat zdarma v\u00a0na\u0161em \u010dasopise Hobulet. Chceme m\u00edstn\u00edm firm\u00e1m a&nbsp;\u017eivnostn\u00edk\u016fm pomoci udr\u017eet jejich podnik\u00e1n\u00ed na Sedmi\u010dce, a&nbsp;jakmile to bude mo\u017en\u00e9, op\u011bt p\u0159iv\u00e9st lidi do provozoven, podnik\u016f \u010di k&nbsp;vyu\u017e\u00edv\u00e1n\u00ed nab\u00edzen\u00fdch slu\u017eeb. Tato nab\u00eddka ji\u017e byla ukon\u010dena.\u00a0 [\/perex] Program pro inzerenty [&hellip;]","protected":false},"author":5,"featured_media":47525,"comment_status":"closed","ping_status":"open","sticky":false,"template":"","format":"standard","meta":[],"categories":[34],"tags":[],"_links":{"self":[{"href":"https:\/\/www.praha7.cz\/api\/wp\/v2\/posts\/45657"}],"collection":[{"href":"https:\/\/www.praha7.cz\/api\/wp\/v2\/posts"}],"about":[{"href":"https:\/\/www.praha7.cz\/api\/wp\/v2\/types\/post"}],"author":[{"embeddable":true,"href":"https:\/\/www.praha7.cz\/api\/wp\/v2\/users\/5"}],"replies":[{"embeddable":true,"href":"https:\/\/www.praha7.cz\/api\/wp\/v2\/comments?post=45657"}],"version-history":[{"count":7,"href":"https:\/\/www.praha7.cz\/api\/wp\/v2\/posts\/45657\/revisions"}],"predecessor-version":[{"id":57905,"href":"https:\/\/www.praha7.cz\/api\/wp\/v2\/posts\/45657\/revisions\/57905"}],"wp:featuredmedia":[{"embeddable":true,"href":"https:\/\/www.praha7.cz\/api\/wp\/v2\/media\/47525"}],"wp:attachment":[{"href":"https:\/\/www.praha7.cz\/api\/wp\/v2\/media?parent=45657"}],"wp:term":[{"taxonomy":"category","embeddable":true,"href":"https:\/\/www.praha7.cz\/api\/wp\/v2\/categories?post=45657"},{"taxonomy":"post_tag","embeddable":true,"href":"https:\/\/www.praha7.cz\/api\/wp\/v2\/tags?post=45657"}],"curies":[{"name":"wp","href":"https:\/\/api.w.org\/{rel}","templated":true}]}}