    
{"id":45407,"date":"2021-01-28T21:28:13","date_gmt":"2021-01-28T20:28:13","guid":{"rendered":"https:\/\/www.praha7.cz\/?p=45407"},"modified":"2021-01-29T13:45:48","modified_gmt":"2021-01-29T12:45:48","slug":"vlada-zprisnila-opatreni-proti-epidemii","status":"publish","type":"post","link":"https:\/\/www.praha7.cz\/vlada-zprisnila-opatreni-proti-epidemii\/","title":{"rendered":"Vl\u00e1da zp\u0159\u00edsnila opat\u0159en\u00ed proti epidemii"},"content":{"rendered":"<p>[perex]<\/p>\r\n<p>Vl\u00e1da ve \u010dtvrtek 28.&nbsp;1.&nbsp;rozhodla o&nbsp;zp\u0159\u00edsn\u011bn\u00ed opat\u0159en\u00ed proti onemocn\u011bn\u00ed COVID-19. Ubytovac\u00ed slu\u017eby budou moci vyu\u017e\u00edvat pouze osoby na slu\u017eebn\u00ed cest\u011b, kter\u00e9 se budou muset prok\u00e1zat p\u00edsemn\u00fdm potvrzen\u00edm zam\u011bstnavatele \u010di objednatele slu\u017eby. Lid\u00e9 budou moci vyrazit do vlastn\u00edch rekrea\u010dn\u00edch objekt\u016f, pob\u00fdvat v&nbsp;nich v\u0161ak maj\u00ed pouze \u010dlenov\u00e9 jedn\u00e9 dom\u00e1cnosti. Skiare\u00e1ly nad\u00e1le nebudou moci otev\u0159\u00edt, lanovky a&nbsp;vleky ji\u017e nav\u00edc nebudou moci vozit krom\u011b ly\u017ea\u0159\u016f ani p\u011b\u0161\u00ed. Vl\u00e1da zak\u00e1zala tak\u00e9 prodej na tr\u017ei\u0161t\u00edch, v&nbsp;tr\u017enic\u00edch a&nbsp;v&nbsp;mobiln\u00edch provozovn\u00e1ch. V\u0161ichni ob\u010dan\u00e9 by m\u011bli omezit kontakty mimo \u010dleny dom\u00e1cnosti na nezbytn\u00e9 minimum. Obnoven byl z\u00e1kaz n\u00e1v\u0161t\u011bv pacient\u016f u&nbsp;l\u016f\u017eek akutn\u00ed p\u00e9\u010de. Respir\u00e1tory nebudou povinn\u00e9, ale pouze doporu\u010den\u00e9, pou\u017e\u00edvat je v\u0161ak budou muset u\u010ditel\u00e9 a&nbsp;\u017e\u00e1ci auto\u0161kol. Nov\u00e1 opat\u0159en\u00ed za\u010dnou platit o&nbsp;p\u016flnoci z&nbsp;p\u00e1tku 29.&nbsp;1.&nbsp;na sobotu 30.&nbsp;1.<\/p>\r\n<p><strong>Od p\u00e1tku 29.&nbsp;1.&nbsp;se bude mo\u017en\u00e9 nechat zdarma testovat na covid-19 ka\u017ed\u00e9 t\u0159i dny oproti dne\u0161n\u00edm p\u011bti dn\u016fm.<\/strong><\/p>\r\n<p>Podrobnosti k&nbsp;aktu\u00e1ln\u00edm vl\u00e1dn\u00edm opat\u0159en\u00edm najdete <a href=\"https:\/\/www.vlada.cz\/cz\/media-centrum\/aktualne\/vlada-pristoupila-k-upravam-opatreni--od-soboty-bude-narizeno-dalsi-omezeni-vyuzivani-hotelovych-sluzeb-ci-kontaktu-186265\/\">ZDE<\/a>.<\/p>\r\n<p>[\/perex]<\/p>","protected":false},"excerpt":{"rendered":"[perex] Vl\u00e1da ve \u010dtvrtek 28.&nbsp;1.&nbsp;rozhodla o&nbsp;zp\u0159\u00edsn\u011bn\u00ed opat\u0159en\u00ed proti onemocn\u011bn\u00ed COVID-19. Ubytovac\u00ed slu\u017eby budou moci vyu\u017e\u00edvat pouze osoby na slu\u017eebn\u00ed cest\u011b, kter\u00e9 se budou muset prok\u00e1zat p\u00edsemn\u00fdm potvrzen\u00edm zam\u011bstnavatele \u010di objednatele slu\u017eby. Lid\u00e9 budou moci vyrazit do vlastn\u00edch rekrea\u010dn\u00edch objekt\u016f, pob\u00fdvat v&nbsp;nich v\u0161ak maj\u00ed pouze \u010dlenov\u00e9 jedn\u00e9 dom\u00e1cnosti. Skiare\u00e1ly nad\u00e1le nebudou moci otev\u0159\u00edt, lanovky a&nbsp;vleky ji\u017e [&hellip;]","protected":false},"author":5,"featured_media":34744,"comment_status":"closed","ping_status":"open","sticky":false,"template":"","format":"standard","meta":[],"categories":[34],"tags":[],"_links":{"self":[{"href":"https:\/\/www.praha7.cz\/api\/wp\/v2\/posts\/45407"}],"collection":[{"href":"https:\/\/www.praha7.cz\/api\/wp\/v2\/posts"}],"about":[{"href":"https:\/\/www.praha7.cz\/api\/wp\/v2\/types\/post"}],"author":[{"embeddable":true,"href":"https:\/\/www.praha7.cz\/api\/wp\/v2\/users\/5"}],"replies":[{"embeddable":true,"href":"https:\/\/www.praha7.cz\/api\/wp\/v2\/comments?post=45407"}],"version-history":[{"count":8,"href":"https:\/\/www.praha7.cz\/api\/wp\/v2\/posts\/45407\/revisions"}],"predecessor-version":[{"id":45443,"href":"https:\/\/www.praha7.cz\/api\/wp\/v2\/posts\/45407\/revisions\/45443"}],"wp:featuredmedia":[{"embeddable":true,"href":"https:\/\/www.praha7.cz\/api\/wp\/v2\/media\/34744"}],"wp:attachment":[{"href":"https:\/\/www.praha7.cz\/api\/wp\/v2\/media?parent=45407"}],"wp:term":[{"taxonomy":"category","embeddable":true,"href":"https:\/\/www.praha7.cz\/api\/wp\/v2\/categories?post=45407"},{"taxonomy":"post_tag","embeddable":true,"href":"https:\/\/www.praha7.cz\/api\/wp\/v2\/tags?post=45407"}],"curies":[{"name":"wp","href":"https:\/\/api.w.org\/{rel}","templated":true}]}}