    
{"id":45343,"date":"2021-01-27T13:49:03","date_gmt":"2021-01-27T12:49:03","guid":{"rendered":"https:\/\/www.praha7.cz\/?p=45343"},"modified":"2021-01-27T13:49:03","modified_gmt":"2021-01-27T12:49:03","slug":"bohaty-zivot-richarda-jahna","status":"publish","type":"post","link":"https:\/\/www.praha7.cz\/bohaty-zivot-richarda-jahna\/","title":{"rendered":"Bohat\u00fd \u017eivot Richarda Jahna"},"content":{"rendered":"<p>[perex]<\/p>\r\n<p>Mezi pion\u00fdry \u010desk\u00e9ho pr\u016fmyslu, kte\u0159\u00ed sv\u00e9 podnik\u00e1n\u00ed\u00a0rozvinuli v\u00a0posledn\u00edch dek\u00e1d\u00e1ch 19.&nbsp;stolet\u00ed, pat\u0159il\u00a0dnes ji\u017e pozapomenut\u00fd podnikatel a\u00a0pr\u016fmysln\u00edk\u00a0dr. ing. Richard Jahn. Jeho bohat\u00fd \u017eivot byl\u00a0neodmysliteln\u011b spjat s\u00a0Letnou, respektive Prahou 7. N\u011bkolik desetilet\u00ed zde toti\u017e se sv\u00fdm spole\u010dn\u00edkem\u00a0Josefem Vincentem Nov\u00e1kem vlastnil a\u00a0vedl tov\u00e1rnu na stroje. \u017divot tohoto podnikatele se ale neomezil\u00a0pouze na vlastn\u00ed byznys, byl velice aktivn\u00ed i\u00a0v\u00a0cel\u00e9 \u0159ad\u011b dal\u0161\u00edch oblast\u00ed.<\/p>\r\n<p>[\/perex]<\/p>\r\n<p>Richard Jahn se narodil v\u00a0\u010dervenci 1840. Na rozd\u00edl od sv\u00e9ho genera\u010dn\u00edho souputn\u00edka Franti\u0161ka K\u0159i\u017e\u00edka nevze\u0161el z\u00a0chud\u00fdch pom\u011br\u016f. Jeho otec pracoval jako okresn\u00ed in\u017een\u00fdr v\u00a0technick\u00e9m odd\u011blen\u00ed \u010desk\u00e9ho m\u00edstodr\u017eitelstv\u00ed a\u00a0ur\u010dit\u00fd v\u011bhlas z\u00edskal i\u00a0jeho prad\u011bd, mal\u00ed\u0159 a\u00a0teoretik um\u011bn\u00ed Jan Quirin Jahn (1739\u20131802).<\/p>\r\n<p>Po maturit\u011b na starom\u011bstsk\u00e9m gymn\u00e1ziu se Richard Jahn pustil do studia pra\u017esk\u00e9 vysok\u00e9 \u0161koly polytechnick\u00e9. Po absolutoriu v\u00a0roce 1862 nastoupil do stroj\u00edrny Ringhoffer, kter\u00e1 byla tehdy nejv\u011bt\u0161\u00ed pra\u017eskou firmou sv\u00e9ho druhu. Ji\u017e v\u00a0roce 1866 byl pov\u011b\u0159en, aby vybudoval rozs\u00e1hl\u00fd pr\u016fmyslov\u00fd podnik v\u00a0\u00dalic\u00edch u\u00a0Plzn\u011b, sest\u00e1vaj\u00edc\u00ed se z\u00a0parn\u00edho ml\u00fdna, lihovaru, pivovaru a\u00a0tov\u00e1rny na um\u011bl\u00e1 hnojiva. V\u00a0pouh\u00fdch sedmadvaceti letech se stal \u0159editelem cel\u00e9ho velkostatku. O\u00a0rok pozd\u011bji vyrazil jako z\u00e1stupce tohoto panstv\u00ed na sv\u011btovou v\u00fdstavu v\u00a0Pa\u0159\u00ed\u017ei, kde prezentoval v\u00fdrobky sv\u00fdch podnik\u016f. Prok\u00e1zal zde i\u00a0svou odbornou erudici\u00a0\u2013 prost\u0159ednictv\u00edm tabulek a\u00a0diagram\u016f propagoval my\u0161lenky Justuse von Lieblinga (1803\u20131873), kter\u00fd zformuloval z\u00e1klady nauky o\u00a0v\u00fd\u017eiv\u011b rostlin a\u00a0zv\u00ed\u0159at. D\u00edky nim si Jahn z\u00a0pa\u0159\u00ed\u017esk\u00e9 v\u00fdstavy odvezl st\u0159\u00edbrnou medaili.<\/p>\r\n<p>V\u00a0roce 1871 kon\u010d\u00ed Jahn s\u00a0\u0159\u00edzen\u00edm panstv\u00ed v\u00a0\u00dalic\u00edch a\u00a0vrac\u00ed se do Prahy, kde zakl\u00e1d\u00e1 vlastn\u00ed in\u017een\u00fdrsko-projek\u010dn\u00ed kancel\u00e1\u0159. N\u00e1sleduj\u00edc\u00ed rok spoluzakl\u00e1d\u00e1 Lihovarnick\u00fd spolek, kter\u00fd m\u00e1 sdru\u017eovat v\u00fdrobce t\u00e9to d\u016fle\u017eit\u00e9 suroviny, v\u00a0roce 1873 pak lihovarnickou \u0161kolu v\u00a0Litni. Proto\u017ee se tomuto vzd\u011bl\u00e1vac\u00edmu \u00fastavu nedost\u00e1valo pedagog\u016f, ujal se s\u00e1m veden\u00ed n\u011bkter\u00fdch odborn\u00fdch p\u0159edm\u011bt\u016f\u00a0\u2013 mechaniky, nauky o\u00a0parn\u00edch kotl\u00edch a\u00a0za\u0159izov\u00e1n\u00ed lihovar\u016f. T\u00edm v\u0161ak jeho aktivity nekon\u010d\u00ed\u00a0\u2013 v\u00a0t\u00e9to dob\u011b tak\u00e9 koupil n\u011bmecky psan\u00fd odborn\u00fd \u010dasopis Prager Landwirschaffte Wochenblatt, kter\u00fd po n\u00e1sleduj\u00edc\u00ed dv\u011b dek\u00e1dy vyd\u00e1val a\u00a0redigoval. O\u00a0n\u011bkolik let pozd\u011bji zalo\u017eil odborn\u00fd lihovarnick\u00fd \u010dasopis, jedin\u00fd sv\u00e9ho druhu v\u00a0Rakousku.<\/p>\r\n<p><a href=\"https:\/\/www.praha7.cz\/bohaty-zivot-richarda-jahna\/02-nov%e2%80%a0k-a-jahn-p7-zazzen-lihovaro-14\/\" rel=\"attachment wp-att-45348\"><img loading=\"lazy\" src=\"https:\/\/www.praha7.cz\/wp-content\/uploads\/2021\/01\/02-Nov\u2020k-a-Jahn-P7-za\u017c\u00b0zen\u00b0-lihovar\u00d6-14-474x1000.jpg\" alt=\"\" width=\"474\" height=\"1000\" class=\"alignnone size-large wp-image-45348\" srcset=\"https:\/\/www.praha7.cz\/wp-content\/uploads\/2021\/01\/02-Nov\u2020k-a-Jahn-P7-za\u017c\u00b0zen\u00b0-lihovar\u00d6-14-474x1000.jpg 474w, https:\/\/www.praha7.cz\/wp-content\/uploads\/2021\/01\/02-Nov\u2020k-a-Jahn-P7-za\u017c\u00b0zen\u00b0-lihovar\u00d6-14-190x400.jpg 190w, https:\/\/www.praha7.cz\/wp-content\/uploads\/2021\/01\/02-Nov\u2020k-a-Jahn-P7-za\u017c\u00b0zen\u00b0-lihovar\u00d6-14-768x1620.jpg 768w, https:\/\/www.praha7.cz\/wp-content\/uploads\/2021\/01\/02-Nov\u2020k-a-Jahn-P7-za\u017c\u00b0zen\u00b0-lihovar\u00d6-14.jpg 1937w\" sizes=\"(max-width: 474px) 100vw, 474px\" \/><\/a><\/p>\r\n<p><em>Reklama firmy Nov\u00e1k a\u00a0Jahn na za\u0159\u00edzen\u00ed lihovar\u016f z\u00a0roku 1914<\/em><\/p>\r\n<p>&nbsp;<\/p>\r\n<p><strong>Vzh\u016fru na Letnou<\/strong><br \/>\r\nV\u00a0roce 1876 st\u011bhuje j\u00e1dro sv\u00fdch aktivit na Letnou. Mezi ulicemi Belcerdiho (dnes Milady Hor\u00e1kov\u00e9), Veverkova a\u00a0Kosteln\u00ed zakl\u00e1d\u00e1 spolu s\u00a0Josefem Vincencem Nov\u00e1kem tov\u00e1rnu na \u201estroje, kotl\u00e1rnu, m\u011bdikovectv\u00ed a\u00a0kovolitectv\u00ed\u201c, kter\u00e1, jak b\u00fdvalo tehdy zvykem, nesla jm\u00e9no sv\u00fdch majitel\u016f a\u00a0zakladatel\u016f\u00a0\u2013 Nov\u00e1k a\u00a0Jahn. V\u00fdrobn\u00ed program odpov\u00eddal Jahnovu odborn\u00e9mu zam\u011b\u0159en\u00ed, firma se specializovala zejm\u00e9na na vybaven\u00ed lihovar\u016f, pivovar\u016f a\u00a0cukrovar\u016f. Doba nahr\u00e1vala prosperit\u011b tov\u00e1rny\u00a0\u2013 posledn\u00ed \u010dtvrtina 19.&nbsp;stolet\u00ed se nejen v\u00a0\u010cech\u00e1ch a\u00a0v\u00a0Rakousku, ale i\u00a0po cel\u00e9 Evrop\u011b nesla v\u00a0duchu prudk\u00e9ho rozvoje a\u00a0modernizace potravin\u00e1\u0159sk\u00fdch provoz\u016f. Jen v\u00a0samotn\u00fdch \u010cech\u00e1ch vznikaj\u00ed des\u00edtky modern\u00edch pr\u016fmyslov\u00fdch pivovar\u016f, kter\u00e9 postupn\u011b vytla\u010duj\u00ed z\u00a0trhu klasick\u00e9 pivovary, je\u017e dosud pou\u017e\u00edvaly od st\u0159edov\u011bku prakticky nezm\u011bn\u011bnou techniku v\u00fdroby. Do v\u011bt\u0161iny t\u011bchto pivovarsk\u00fdch kolos\u016f dod\u00e1vala velkou \u010d\u00e1st speci\u00e1ln\u00edch stroj\u016f pr\u00e1v\u011b stroj\u00edrna Nov\u00e1k a\u00a0Jahn. Jen v\u00a0samotn\u00e9 Praze se jednalo o\u00a0pivovarsk\u00e9 provozy na Vinohradech, v\u00a0Nusl\u00edch, v\u00a0Bran\u00edku nebo na Sm\u00edchov\u011b. Nen\u00ed asi p\u0159ekvapen\u00edm, \u017ee strojn\u00ed vybaven\u00ed dodala firma i\u00a0do \u201edom\u00e1c\u00edho\u201c Prvn\u00edho m\u011b\u0161\u0165ansk\u00e9ho pivovaru v\u00a0Hole\u0161ovic\u00edch, kde se pivo za\u010dalo va\u0159it v\u00a0roce 1897. Do roku 1910 vybavila firma cca \u010dty\u0159i stovky pivovar\u016f, v\u010detn\u011b \u0159ady zahrani\u010dn\u00edch\u00a0\u2013 v\u00a0St. Etienne ve Francii nebo v\u00a0Madridu a\u00a0v\u00a0Barcelon\u011b ve \u0160pan\u011blsku. Firma tak\u00e9 dbala na inovace, nap\u0159\u00edklad na po\u010d\u00e1tku 20.&nbsp;stolet\u00ed byla velice \u00fasp\u011b\u0161n\u00e1 s\u00a0nov\u00fdmi parn\u00edmi p\u00e1nvemi pro rmuty a\u00a0mladinku s\u00a0rovn\u00fdm dnem. Samoz\u0159ejmost\u00ed byla nejen v\u00fdroba strojn\u00edho za\u0159\u00edzen\u00ed, ale i\u00a0jeho individu\u00e1ln\u00ed p\u0159izp\u016fsoben\u00ed po\u017eadavk\u016fm sl\u00e1dk\u016f. Podobn\u011b \u00fasp\u011b\u0161n\u00e1 byla firma\u00a0i\u00a0v\u00a0oblasti strojn\u00edho vybaven\u00ed cukern\u00edch rafineri\u00ed a\u00a0lihovar\u016f. V\u00a0roce 1911 vlastnilo v\u00edce ne\u017e p\u011bt stovek cukrovar\u016f a\u00a0lihovar\u016f v\u00a0\u010cech\u00e1ch, Rakousku, Uhr\u00e1ch, ale i\u00a0v\u00a0It\u00e1lii nebo Francii stroje s\u00a0logem firmy Nov\u00e1k a\u00a0Jahn. Fabrika fungovala i\u00a0po smrti obou spole\u010dn\u00edk\u016f (Jahn\u00a0i\u00a0Nov\u00e1k zem\u0159eli v\u00a0roce 1918), firmu kr\u00e1tce vedl Jahn\u016fv syn Jaroslav (1873\u20131940), koncem dvac\u00e1t\u00fdch let pak splynula se \u0160kodov\u00fdmi z\u00e1vody a\u00a0letensk\u00e9 pozemky byly rozprod\u00e1ny na v\u00fdstavbu obytn\u00fdch dom\u016f.<\/p>\r\n<p><a href=\"https:\/\/www.praha7.cz\/bohaty-zivot-richarda-jahna\/04-malozemodolska-cukrovary-nov%e2%80%a0k-a-jahn-p7-belcrediho-27\/\" rel=\"attachment wp-att-45347\"><img loading=\"lazy\" src=\"https:\/\/www.praha7.cz\/wp-content\/uploads\/2021\/01\/04-malozem\u014dd\u014dlsk\u0101-cukrovary-Nov\u2020k-a-Jahn-P7-Belcrediho-27-1073x1000.jpg\" alt=\"\" width=\"640\" height=\"596\" class=\"alignnone size-large wp-image-45347\" srcset=\"https:\/\/www.praha7.cz\/wp-content\/uploads\/2021\/01\/04-malozem\u014dd\u014dlsk\u0101-cukrovary-Nov\u2020k-a-Jahn-P7-Belcrediho-27-1073x1000.jpg 1073w, https:\/\/www.praha7.cz\/wp-content\/uploads\/2021\/01\/04-malozem\u014dd\u014dlsk\u0101-cukrovary-Nov\u2020k-a-Jahn-P7-Belcrediho-27-429x400.jpg 429w, https:\/\/www.praha7.cz\/wp-content\/uploads\/2021\/01\/04-malozem\u014dd\u014dlsk\u0101-cukrovary-Nov\u2020k-a-Jahn-P7-Belcrediho-27-768x716.jpg 768w, https:\/\/www.praha7.cz\/wp-content\/uploads\/2021\/01\/04-malozem\u014dd\u014dlsk\u0101-cukrovary-Nov\u2020k-a-Jahn-P7-Belcrediho-27.jpg 1817w\" sizes=\"(max-width: 640px) 100vw, 640px\" \/><\/a><\/p>\r\n<p><em>P\u0159edstaven\u00ed strojn\u00edho vybaven\u00ed pro mal\u00fd cukrovar z\u00a0v\u00fdrobn\u00edho portfolia Nov\u00e1k a\u00a0Jahn ze z\u00e1v\u011bre\u010dn\u00e9ho obdob\u00ed fungov\u00e1n\u00ed firmy\u00a0\u2013 z\u00a0roku 1927<\/em><\/p>\r\n<p>&nbsp;<\/p>\r\n<p><strong>Slu\u017eba ve\u0159ejnosti<\/strong><br \/>\r\nKrom\u011b veden\u00ed \u00fasp\u011b\u0161n\u00e9 firmy byl ale Richard Jahn aktivn\u00ed i\u00a0v\u00a0mnoha dal\u0161\u00edch oblastech. U\u017e v\u00a0roce 1871 se stal \u010dlenem veden\u00ed \u00dast\u0159edn\u00ed hospod\u00e1\u0159sk\u00e9 spole\u010dnosti pro kr\u00e1lovstv\u00ed \u010cesk\u00e9, co\u017e byla organizace h\u00e1j\u00edc\u00ed z\u00e1jmy podnikatel\u016f a\u00a0pr\u016fmysln\u00edk\u016f. V\u00a0roce 1884 byl zvolen za pra\u017esk\u00e9 Star\u00e9 M\u011bsto poslancem \u0159\u00ed\u0161sk\u00e9 rady. V\u00a0celorakousk\u00e9m parlamentu zasedal p\u011bt let a\u00a0v\u011bnoval se zde mimo jin\u00e9 p\u0159\u00edprav\u011b z\u00e1kona o\u00a0dani z\u00a0lihu. Anga\u017eoval se tak\u00e9 v\u00a0ot\u00e1zk\u00e1ch patentn\u00ed ochrany. Nevyh\u00fdbal se ale ani komun\u00e1ln\u00ed politice, v\u00a0roce 1896 byl zvolen do Sboru obecn\u00edch star\u0161\u00edch (pra\u017esk\u00e9 zastupitelstvo), pozd\u011bji se stal \u010dlenem rady m\u011bsta a\u00a0zast\u00e1val zde dokonce funkci prvn\u00edho n\u00e1m\u011bstka prim\u00e1tora. Stal se tak prakticky druh\u00fdm nejmocn\u011bj\u0161\u00edm mu\u017eem v\u00a0metropoli. Jako z\u00e1stupce m\u011bsta p\u016fsobil jako p\u0159edseda spr\u00e1vn\u00ed rady Elektrick\u00fdch podnik\u016f hlavn\u00edho m\u011bsta Prahy a\u00a0byl tak aktivn\u00edm akt\u00e9rem nejen p\u0159i prudk\u00e9m rozvoji tramvajov\u00e9 dopravy, kterou m\u011bl podnik pod palcem. Ve funkci dohl\u00ed\u017eel i\u00a0na stavbu a\u00a0prvn\u00ed roky provozu elektr\u00e1rny v\u00a0Hole\u0161ovic\u00edch. Jeho p\u016fsoben\u00ed ve veden\u00ed Prahy hodnotil dobov\u00fd tisk po jeho rezignaci v\u00a0roce 1906 n\u00e1sledovn\u011b:\u00a0<em>\u201eJako \u010dlen obecn\u00edho zastupitelstva pra\u017esk\u00e9ho p\u016fsobil v\u00a0p\u0159e\u010detn\u00fdch komis\u00edch a\u00a0hlavn\u011b jako p\u0159edseda spr\u00e1vn\u00ed rady Elektrick\u00fdch podnik\u016f nalezl vd\u011b\u010dn\u00e9 pole pro svou ne\u00fanavnou \u010dinnost. V\u011bnoval jim skoro ve\u0161ker\u00fd sv\u016fj \u010das, svou p\u00edli, odbornou znalost a\u00a0energii, a\u017e se mu poda\u0159ilo povzn\u00e9st tento d\u016fle\u017eit\u00fd m\u011bstsk\u00fd z\u00e1vod a\u017e na takovou v\u00fd\u0161i, \u017ee dnes m\u016f\u017ee slou\u017eiti v\u00a0mnoh\u00e9m jako vzor.\u201c<\/em><\/p>\r\n<p>Richard Jahn se tak\u00e9 pod\u00edlel na dvou v\u00fdznamn\u00fdch v\u00fdstavn\u00edch akc\u00edch, kter\u00e9 se v\u00a0posledn\u00ed dek\u00e1d\u011b 19.&nbsp;stolet\u00ed odehr\u00e1ly na bubene\u010dsk\u00e9m v\u00fdstavi\u0161ti ve Stromovce. V\u00a0roce 1891 byl \u010dlenem neju\u017e\u0161\u00edho veden\u00ed Jubilejn\u00ed zemsk\u00e9 v\u00fdstavy a\u00a0jako p\u0159edseda instala\u010dn\u00edho v\u00fdboru m\u011bl na starosti logistiku v\u00fdstavn\u00edch expon\u00e1t\u016f. V\u00a0letech 1896\u20131907 byl p\u0159edsedou Spolku architekt\u016f a\u00a0in\u017een\u00fdr\u016f. Pod jeho veden\u00edm se toto sdru\u017een\u00ed stalo st\u0159ediskem \u010desk\u00e9 technicky orientovan\u00e9 inteligence. Spolek p\u016fsobil nejen jako profesn\u00ed sdru\u017een\u00ed, ale velice \u010dasto se na n\u011bj obracela zemsk\u00e1 vl\u00e1da nebo jin\u00e9 ve\u0159ejnospr\u00e1vn\u00ed instituce se \u017e\u00e1dostmi o\u00a0odborn\u00e9 konzultace. Spolek byl tak\u00e9 hlavn\u00edm organiz\u00e1torem v\u00fdstavy architektury a\u00a0in\u017een\u00fdrstv\u00ed, kter\u00e1 se konala v\u00a0roce 1898. Nebyla sice tak div\u00e1cky \u00fasp\u011b\u0161n\u00e1 jako jej\u00ed p\u0159edch\u016fdkyn\u011b (v\u00fdstavy Jubilejn\u00ed a\u00a0N\u00e1rodopisn\u00e1), jej\u00edm hlavn\u00edm c\u00edlem byla ale prezentace historie a\u00a0zejm\u00e9na sou\u010dasnosti \u010desk\u00e9 pr\u016fmyslov\u00e9 v\u00fdroby. Ani tento v\u00fd\u010det Jahnov\u00fdch ve\u0159ejn\u00fdch aktivit nen\u00ed kompletn\u00ed\u00a0\u2013 v\u00a0letech 1884\u20131892 byl starostou tradi\u010dn\u00edho spolku\u00a0\u2013 M\u011b\u0161\u0165ansk\u00e9 besedy v\u00a0Praze. V\u00a0devades\u00e1t\u00fdch letech 19.&nbsp;stolet\u00ed se tak\u00e9 aktivn\u011b \u00fa\u010dastnil \u010dinnosti \u017divnostensk\u00e9 a\u00a0obchodn\u00ed komory v\u00a0Praze\u00a0\u2013 v\u00fdznamn\u00e9 a\u00a0vlivn\u00e9 organizace sdru\u017euj\u00edc\u00ed podnikatele a\u00a0obchodn\u00edky z\u00a0Prahy a\u00a0okol\u00ed.<\/p>\r\n<p>Vzhledem k\u00a0pokro\u010dil\u00e9mu v\u011bku se Jahn postupn\u011b st\u00e1hl z\u00a0veden\u00ed sv\u00e9ho podniku i\u00a0z\u00a0ve\u0159ejn\u00fdch funkc\u00ed. U\u017e na po\u010d\u00e1tku prvn\u00ed sv\u011btov\u00e9 v\u00e1lky prorokoval samostatnost \u010desk\u00e9ho n\u00e1roda a\u00a0poukazoval na nutnost odpout\u00e1n\u00ed \u010desk\u00e9ho pr\u016fmyslu od z\u00e1vislosti na n\u011bmeck\u00e9m hospod\u00e1\u0159stv\u00ed. Mimo\u0159\u00e1dn\u011b aktivn\u00ed pr\u016fmysln\u00edk Richard Jahn zem\u0159el po kr\u00e1tk\u00e9 nemoci t\u011bsn\u011b po vzniku Republiky \u010deskoslovensk\u00e9 30.\u00a0listopadu\u00a01918.\u00a0<\/p>\r\n<p><a href=\"https:\/\/www.praha7.cz\/bohaty-zivot-richarda-jahna\/03-tov%e2%80%a0rna-na-stroje-nov%e2%80%a0k-a-jahn-p7-23\/\" rel=\"attachment wp-att-45349\"><img loading=\"lazy\" src=\"https:\/\/www.praha7.cz\/wp-content\/uploads\/2021\/01\/03-tov\u2020rna-na-stroje-Nov\u2020k-a-Jahn-P7-23-682x1000.jpg\" alt=\"\" width=\"640\" height=\"938\" class=\"alignnone size-large wp-image-45349\" srcset=\"https:\/\/www.praha7.cz\/wp-content\/uploads\/2021\/01\/03-tov\u2020rna-na-stroje-Nov\u2020k-a-Jahn-P7-23-682x1000.jpg 682w, https:\/\/www.praha7.cz\/wp-content\/uploads\/2021\/01\/03-tov\u2020rna-na-stroje-Nov\u2020k-a-Jahn-P7-23-273x400.jpg 273w, https:\/\/www.praha7.cz\/wp-content\/uploads\/2021\/01\/03-tov\u2020rna-na-stroje-Nov\u2020k-a-Jahn-P7-23-768x1126.jpg 768w\" sizes=\"(max-width: 640px) 100vw, 640px\" \/><\/a><\/p>\r\n<p><em>Reklama z\u00a0roku 1923 p\u0159edstavuje prakticky kompletn\u00ed v\u00fdrobn\u00ed sortiment firmy<\/em><\/p>\r\n<p>&nbsp;<\/p>\r\n<p>&nbsp;<\/p>","protected":false},"excerpt":{"rendered":"[perex] Mezi pion\u00fdry \u010desk\u00e9ho pr\u016fmyslu, kte\u0159\u00ed sv\u00e9 podnik\u00e1n\u00ed\u00a0rozvinuli v\u00a0posledn\u00edch dek\u00e1d\u00e1ch 19.&nbsp;stolet\u00ed, pat\u0159il\u00a0dnes ji\u017e pozapomenut\u00fd podnikatel a\u00a0pr\u016fmysln\u00edk\u00a0dr. ing. Richard Jahn. Jeho bohat\u00fd \u017eivot byl\u00a0neodmysliteln\u011b spjat s\u00a0Letnou, respektive Prahou 7. N\u011bkolik desetilet\u00ed zde toti\u017e se sv\u00fdm spole\u010dn\u00edkem\u00a0Josefem Vincentem Nov\u00e1kem vlastnil a\u00a0vedl tov\u00e1rnu na stroje. \u017divot tohoto podnikatele se ale neomezil\u00a0pouze na vlastn\u00ed byznys, byl velice aktivn\u00ed i\u00a0v\u00a0cel\u00e9 [&hellip;]","protected":false},"author":76,"featured_media":45346,"comment_status":"closed","ping_status":"open","sticky":false,"template":"","format":"standard","meta":[],"categories":[37],"tags":[],"_links":{"self":[{"href":"https:\/\/www.praha7.cz\/api\/wp\/v2\/posts\/45343"}],"collection":[{"href":"https:\/\/www.praha7.cz\/api\/wp\/v2\/posts"}],"about":[{"href":"https:\/\/www.praha7.cz\/api\/wp\/v2\/types\/post"}],"author":[{"embeddable":true,"href":"https:\/\/www.praha7.cz\/api\/wp\/v2\/users\/76"}],"replies":[{"embeddable":true,"href":"https:\/\/www.praha7.cz\/api\/wp\/v2\/comments?post=45343"}],"version-history":[{"count":4,"href":"https:\/\/www.praha7.cz\/api\/wp\/v2\/posts\/45343\/revisions"}],"predecessor-version":[{"id":45351,"href":"https:\/\/www.praha7.cz\/api\/wp\/v2\/posts\/45343\/revisions\/45351"}],"wp:featuredmedia":[{"embeddable":true,"href":"https:\/\/www.praha7.cz\/api\/wp\/v2\/media\/45346"}],"wp:attachment":[{"href":"https:\/\/www.praha7.cz\/api\/wp\/v2\/media?parent=45343"}],"wp:term":[{"taxonomy":"category","embeddable":true,"href":"https:\/\/www.praha7.cz\/api\/wp\/v2\/categories?post=45343"},{"taxonomy":"post_tag","embeddable":true,"href":"https:\/\/www.praha7.cz\/api\/wp\/v2\/tags?post=45343"}],"curies":[{"name":"wp","href":"https:\/\/api.w.org\/{rel}","templated":true}]}}