    
{"id":45027,"date":"2021-01-18T10:16:48","date_gmt":"2021-01-18T09:16:48","guid":{"rendered":"https:\/\/www.praha7.cz\/?p=45027"},"modified":"2021-01-18T10:16:48","modified_gmt":"2021-01-18T09:16:48","slug":"vyzva-na-vystavni-projekty-pro-studenty-avu","status":"publish","type":"post","link":"https:\/\/www.praha7.cz\/vyzva-na-vystavni-projekty-pro-studenty-avu\/","title":{"rendered":"V\u00fdzva na v\u00fdstavn\u00ed projekty pro studenty AVU"},"content":{"rendered":"<p>[perex]<\/p>\r\n<p><a href=\"https:\/\/www.praha7.cz\/temata\/art-district-7\/galerie-na-milade\/\">Galerie na Milad\u011b a&nbsp;uli\u010dn\u00ed galerie V\u00fdloha Milada<\/a> vyhla\u0161uj\u00ed v\u00fdzvu pro studenty Akademie v\u00fdtvarn\u00fdch um\u011bn\u00ed v&nbsp;Praze na v\u00fdstavn\u00ed projekty v&nbsp;roce 2021. Oba v\u00fdstavn\u00ed prostory jsou zam\u011b\u0159en\u00e9 na prezentaci prac\u00ed student\u016f\u00a0<a href=\"https:\/\/www.avu.cz\/\">Akademie v\u00fdtvarn\u00fdch um\u011bn\u00ed v\u00a0Praze<\/a>.<\/p>\r\n<p>[\/perex]<\/p>\r\n<p>Oba v\u00fdstavn\u00ed prostory jsou zam\u011b\u0159en\u00e9 na prezentaci prac\u00ed student\u016f AVU (bez rozd\u00edlu ateli\u00e9ru a&nbsp;ro\u010dn\u00edku).\u00a0Za dobu sv\u00e9 existence zde vystavovalo mnoho za\u010d\u00ednaj\u00edc\u00edch um\u011blc\u016f, kte\u0159\u00ed se postupem doby \u00fasp\u011b\u0161n\u011b etablovaly na trhu sou\u010dasn\u00e9ho v\u00fdtvarn\u00e9ho um\u011bn\u00ed.<\/p>\r\n<ul>\r\n\t<li>Galerie na Milad\u011b je nevelik\u00fd v\u00fdstavn\u00ed prostor nach\u00e1zej\u00edc\u00ed se v&nbsp;pat\u0159e informa\u010dn\u00edho centra Milady Hor\u00e1kov\u00e9 2. Prostor galerie je voln\u011b p\u0159\u00edstupn\u00fd v&nbsp;otev\u00edrac\u00ed dob\u011b informa\u010dn\u00edho centra. Specifick\u00fd z\u00e1v\u011bsn\u00fd syst\u00e9m (dr\u00e1t\u011bn\u00e1 s\u00ed\u0165) je vhodn\u00fd pro vystaven\u00ed maleb, kreseb, grafik, fotografi\u00ed apod.<\/li>\r\n\t<li>V\u00fdloha Milada je uli\u010dn\u00ed galeri\u00ed, kter\u00e1 se nach\u00e1z\u00ed ve v\u00fdloze polikliniky Prahy&nbsp;7 (roh ulic Milady Hor\u00e1kov\u00e9 a&nbsp;Franti\u0161ka K\u0159\u00ed\u017eka). Prob\u00edh\u00e1 zde v\u00fdstavn\u00ed cyklus: V\u00fdstava jednoho obrazu.<\/li>\r\n<\/ul>\r\n<p>Poskytujeme:<\/p>\r\n<ul>\r\n\t<li>z\u00e1kladn\u00ed PR v\u00fdstavy<\/li>\r\n\t<li>vernis\u00e1\u017e v\u00fdstavy<\/li>\r\n\t<li>finan\u010dn\u00ed kryt\u00ed n\u011bkter\u00fdch drobn\u00fdch n\u00e1klad\u016f spojen\u00fdch s&nbsp;instalac\u00ed v\u00fdstavy<\/li>\r\n<\/ul>\r\n<p>Va\u0161e p\u0159ihl\u00e1\u0161ky m\u016f\u017eete pos\u00edlat kdykoli v&nbsp;pr\u016fb\u011bhu roku elektronicky na e-mail: <a href=\"mailto:DrobnyJ@praha7.cz\">DrobnyJ@praha7.cz<\/a>. Do p\u0159ihl\u00e1\u0161ky uve\u010fte stru\u010dnou charakteristiku va\u0161eho projektu.\u00a0<\/p>","protected":false},"excerpt":{"rendered":"[perex] Galerie na Milad\u011b a&nbsp;uli\u010dn\u00ed galerie V\u00fdloha Milada vyhla\u0161uj\u00ed v\u00fdzvu pro studenty Akademie v\u00fdtvarn\u00fdch um\u011bn\u00ed v&nbsp;Praze na v\u00fdstavn\u00ed projekty v&nbsp;roce 2021. Oba v\u00fdstavn\u00ed prostory jsou zam\u011b\u0159en\u00e9 na prezentaci prac\u00ed student\u016f\u00a0Akademie v\u00fdtvarn\u00fdch um\u011bn\u00ed v\u00a0Praze. [\/perex] Oba v\u00fdstavn\u00ed prostory jsou zam\u011b\u0159en\u00e9 na prezentaci prac\u00ed student\u016f AVU (bez rozd\u00edlu ateli\u00e9ru a&nbsp;ro\u010dn\u00edku).\u00a0Za dobu sv\u00e9 existence zde vystavovalo mnoho za\u010d\u00ednaj\u00edc\u00edch [&hellip;]","protected":false},"author":76,"featured_media":45028,"comment_status":"closed","ping_status":"open","sticky":false,"template":"","format":"standard","meta":[],"categories":[34],"tags":[],"_links":{"self":[{"href":"https:\/\/www.praha7.cz\/api\/wp\/v2\/posts\/45027"}],"collection":[{"href":"https:\/\/www.praha7.cz\/api\/wp\/v2\/posts"}],"about":[{"href":"https:\/\/www.praha7.cz\/api\/wp\/v2\/types\/post"}],"author":[{"embeddable":true,"href":"https:\/\/www.praha7.cz\/api\/wp\/v2\/users\/76"}],"replies":[{"embeddable":true,"href":"https:\/\/www.praha7.cz\/api\/wp\/v2\/comments?post=45027"}],"version-history":[{"count":4,"href":"https:\/\/www.praha7.cz\/api\/wp\/v2\/posts\/45027\/revisions"}],"predecessor-version":[{"id":45032,"href":"https:\/\/www.praha7.cz\/api\/wp\/v2\/posts\/45027\/revisions\/45032"}],"wp:featuredmedia":[{"embeddable":true,"href":"https:\/\/www.praha7.cz\/api\/wp\/v2\/media\/45028"}],"wp:attachment":[{"href":"https:\/\/www.praha7.cz\/api\/wp\/v2\/media?parent=45027"}],"wp:term":[{"taxonomy":"category","embeddable":true,"href":"https:\/\/www.praha7.cz\/api\/wp\/v2\/categories?post=45027"},{"taxonomy":"post_tag","embeddable":true,"href":"https:\/\/www.praha7.cz\/api\/wp\/v2\/tags?post=45027"}],"curies":[{"name":"wp","href":"https:\/\/api.w.org\/{rel}","templated":true}]}}