    
{"id":44928,"date":"2021-01-14T11:11:41","date_gmt":"2021-01-14T10:11:41","guid":{"rendered":"https:\/\/www.praha7.cz\/?p=44928"},"modified":"2021-01-14T11:15:02","modified_gmt":"2021-01-14T10:15:02","slug":"hlavni-mesto-otevira-nabytkovou-banku-pro-socialne-potrebne","status":"publish","type":"post","link":"https:\/\/www.praha7.cz\/hlavni-mesto-otevira-nabytkovou-banku-pro-socialne-potrebne\/","title":{"rendered":"Hlavn\u00ed m\u011bsto otev\u0159elo n\u00e1bytkovou banku pro soci\u00e1ln\u011b pot\u0159ebn\u00e9"},"content":{"rendered":"<p>[perex]<\/p>\r\n<p>Hlavn\u00ed m\u011bsto ve st\u0159edu 13.&nbsp;ledna 2021 otev\u0159elo vlastn\u00ed n\u00e1bytkovou banku v\u00a0Praze-Libu\u0161i. Lidem v&nbsp;hmotn\u00e9 nouzi poskytne n\u00e1bytek a&nbsp;z\u00e1kladn\u00ed vybaven\u00ed dom\u00e1cnosti. Do banky mohou v\u011bnovat nevyu\u017e\u00edvan\u00fd n\u00e1bytek drobn\u00ed d\u00e1rci i&nbsp;firmy.<\/p>\r\n<p>[\/perex]<\/p>\r\n<p>\u201e<em>Chceme se jako m\u011bsto postarat o&nbsp;v\u0161echny pot\u0159ebn\u00e9 Pra\u017eany, kte\u0159\u00ed se dost\u00e1vaj\u00ed do t\u011b\u017ek\u00e9ho dilematu, zda zaplat\u00ed prvn\u00ed n\u00e1jem, po\u0159\u00edd\u00ed post\u00fdlku pro sv\u00e9 d\u011bti, nebo koup\u00ed va\u0159i\u010d, aby jim mohli uva\u0159it j\u00eddlo. A&nbsp;z\u00e1rove\u0148 tak\u00e9 zachr\u00e1n\u00edme v\u011bci, kter\u00e9 \u010dasto kon\u010d\u00ed ve sb\u011brn\u00e9m dvo\u0159e nebo na smeti\u0161ti, a&nbsp;p\u0159itom mohou je\u0161t\u011b dob\u0159e slou\u017eit. Jsem r\u00e1da, \u017ee se mi poda\u0159ilo veden\u00ed m\u011bsta p\u0159esv\u011bd\u010dit o&nbsp;pot\u0159ebnosti m\u00edt v&nbsp;Praze vlastn\u00ed n\u00e1bytkovou banku<\/em>,\u201c \u0159\u00edk\u00e1 radn\u00ed hl. m. Prahy pro oblast soci\u00e1ln\u00ed politiky Milena Johnov\u00e1.<\/p>\r\n<p>Do centr\u00e1ln\u00edho skladu v&nbsp;Praze-Libu\u0161i mohou lid\u00e9 i&nbsp;firmy p\u0159iv\u00e9zt pou\u017eit\u00fd n\u00e1bytek a&nbsp;spot\u0159ebi\u010de, kter\u00e9 u\u017e necht\u011bj\u00ed, nebo pro n\u011b nemaj\u00ed vyu\u017eit\u00ed. V\u0161echny v\u011bci budou na z\u00e1klad\u011b spolupr\u00e1ce se soci\u00e1ln\u00edmi slu\u017ebami a&nbsp;soci\u00e1ln\u00edmi odbory m\u011bstsk\u00fdch \u010d\u00e1st\u00ed distribuov\u00e1ny lidem v&nbsp;nouzi na \u00fazem\u00ed hlavn\u00edho m\u011bsta Prahy.\u00a0<\/p>\r\n<p>T\u00fdm n\u00e1bytkov\u00e9 banky tvo\u0159\u00ed aktu\u00e1ln\u011b \u010dty\u0159i lid\u00e9, vedouc\u00edm je Tom\u00e1\u0161 Valenta, kter\u00fd p\u0159\u00edjem a&nbsp;distribuci n\u00e1bytku koordinuje. Po domluv\u011b s&nbsp;n\u00edm je mo\u017en\u00e9 n\u00e1bytek dov\u00e9zt p\u0159\u00edmo do haly v\u00a0Obrata\u0148sk\u00e9 ulici, v&nbsp;n\u00ed\u017e n\u00e1bytkov\u00e1 banka s\u00eddl\u00ed, nebo si pro n\u011bj zam\u011bstnanci n\u00e1bytkov\u00e9 banky p\u0159ijedou vlastn\u00edm vozidlem. Do banky je mo\u017en\u00e9 v\u011bnovat i&nbsp;n\u00e1bytek s&nbsp;drobn\u00fdmi vadami, kter\u00e9 lze opravit. \u201e<em>Pro \u00fa\u010dely oprav n\u00e1bytku budeme m\u00edt v&nbsp;are\u00e1lu n\u00e1bytkov\u00e9 banky pln\u011b vybavenou truhl\u00e1\u0159skou d\u00edlnu. Chceme m\u00edt jistotu, \u017ee se ke klient\u016fm v\u017edy dostane n\u00e1bytek funk\u010dn\u00ed a&nbsp;prov\u011b\u0159en\u00fd<\/em>,\u201c popisuje Tom\u00e1\u0161 Valenta, vedouc\u00ed n\u00e1bytkov\u00e9 banky, a&nbsp;dod\u00e1v\u00e1: \u201e<em>Do budoucna chceme v&nbsp;truhl\u00e1\u0159sk\u00e9 d\u00edln\u011b tak\u00e9 nab\u00eddnout pracovn\u00ed p\u0159\u00edle\u017eitost lidem s&nbsp;posti\u017een\u00edm nebo t\u011bm, kte\u0159\u00ed jsou na b\u011b\u017en\u00e9m trhu pr\u00e1ce obt\u00ed\u017en\u011b zam\u011bstnateln\u00ed<\/em>.\u201c<\/p>\r\n<p>Provozovatelem m\u011bstsk\u00e9 n\u00e1bytkov\u00e9 banky je m\u011bstsk\u00e1 p\u0159\u00edsp\u011bvkov\u00e1 organizace <a href=\"https:\/\/www.csspraha.cz\/\" target=\"_blank\" rel=\"noopener\">Centrum soci\u00e1ln\u00edch slu\u017eeb Praha<\/a>. Slu\u017eby n\u00e1bytkov\u00e9 banky dosud pro Prahu do\u010dasn\u011b zaji\u0161tovala neziskov\u00e1 spole\u010dnost R-mosty, se kterou m\u011bsto nav\u00e1zalo v&nbsp;minul\u00e9m roce spolupr\u00e1ci, ne\u017e se poda\u0159ilo naj\u00edt vhodn\u00e9 prostory v&nbsp;majetku m\u011bsta a&nbsp;spustit vlastn\u00ed n\u00e1bytkovou banku.\u00a0<\/p>\r\n<p>Banka bude v&nbsp;za\u010d\u00e1tc\u00edch shroma\u017e\u010fovat z\u00e1kladn\u00ed n\u00e1bytek a&nbsp;postupn\u011b si klade za c\u00edl odeb\u00edrat a&nbsp;d\u00e1le poskytovat i&nbsp;dal\u0161\u00ed za\u0159\u00edzen\u00ed dom\u00e1cnosti od ob\u010dan\u016f, spole\u010dnost\u00ed, \u00fa\u0159ad\u016f a&nbsp;firem.\u00a0\u201e<em>Prvn\u00edm ofici\u00e1ln\u00edm partnerem N\u00e1bytkov\u00e9 banky Praha, se kter\u00fdm jedn\u00e1me, je spole\u010dnost IKEA. Ta by m\u011bla dod\u00e1vat n\u00e1bytek a&nbsp;dal\u0161\u00ed vybaven\u00ed dom\u00e1cnosti, kter\u00fd se nap\u0159\u00edklad m\u00edrn\u011b po\u0161kodil p\u0159i manipulaci a&nbsp;doprav\u011b. Pevn\u011b v\u011b\u0159\u00edm, \u017ee se zapoj\u00ed i&nbsp;dal\u0161\u00ed spole\u010dnosti z&nbsp;oblasti prodeje a&nbsp;v\u00fdroby n\u00e1bytku a&nbsp;vybaven\u00ed dom\u00e1cnost\u00ed<\/em>,\u201c dopl\u0148uje \u0159editel Centra soci\u00e1ln\u00edch slu\u017eeb Praha Martin \u0160im\u00e1\u010dek.<\/p>\r\n<p>\u201e<em>Jsem moc r\u00e1da, \u017ee n\u00e1bytkovou banku jsme otev\u0159eli pr\u00e1v\u011b na pomez\u00ed m\u011bstsk\u00fdch \u010d\u00e1st\u00ed Libu\u0161e a&nbsp;Kunratic a&nbsp;\u017ee veden\u00ed obou radnic projekt podporuje. T\u011b\u0161\u00edm se na budouc\u00ed spolupr\u00e1ci<\/em>,\u201c uzav\u00edr\u00e1 Milena Johnov\u00e1. V\u00edce informac\u00ed je k&nbsp;dispozici na str\u00e1nk\u00e1ch Centra soci\u00e1ln\u00edch slu\u017eeb Praha v&nbsp;sekci <a href=\"https:\/\/www.csspraha.cz\/nabytkova-banka-praha\" target=\"_blank\" rel=\"noopener\">N\u00e1bytkov\u00e1 banka Praha<\/a>.<\/p>\r\n<p><strong>Adresa<\/strong>: Obrata\u0148sk\u00e1 1430, 148&nbsp;00 Praha 4<br \/>\r\n<strong>Provozn\u00ed doba<\/strong>: ka\u017ed\u00fd v\u0161edn\u00ed den od 8:00 do 16:30 hod.<br \/>\r\n<strong>Vedouc\u00ed pracovi\u0161t\u011b<\/strong>: Tom\u00e1\u0161 Valenta, DiS.<br \/>\r\n<strong>Telefon<\/strong>: 704\u00a0610&nbsp;086<br \/>\r\n<strong>Email<\/strong>:\u00a0tomas.valenta@csspraha.cz<\/p>\r\n<p><img loading=\"lazy\" src=\"https:\/\/www.praha7.cz\/wp-content\/uploads\/2021\/01\/nabytkova_banka_otevreni-8.jpg\" alt=\"\" width=\"3543\" height=\"2362\" class=\"alignnone wp-image-44930 size-full\" srcset=\"https:\/\/www.praha7.cz\/wp-content\/uploads\/2021\/01\/nabytkova_banka_otevreni-8.jpg 3543w, https:\/\/www.praha7.cz\/wp-content\/uploads\/2021\/01\/nabytkova_banka_otevreni-8-600x400.jpg 600w, https:\/\/www.praha7.cz\/wp-content\/uploads\/2021\/01\/nabytkova_banka_otevreni-8-768x512.jpg 768w, https:\/\/www.praha7.cz\/wp-content\/uploads\/2021\/01\/nabytkova_banka_otevreni-8-1500x1000.jpg 1500w\" sizes=\"(max-width: 3543px) 100vw, 3543px\" \/><\/p>","protected":false},"excerpt":{"rendered":"[perex] Hlavn\u00ed m\u011bsto ve st\u0159edu 13.&nbsp;ledna 2021 otev\u0159elo vlastn\u00ed n\u00e1bytkovou banku v\u00a0Praze-Libu\u0161i. Lidem v&nbsp;hmotn\u00e9 nouzi poskytne n\u00e1bytek a&nbsp;z\u00e1kladn\u00ed vybaven\u00ed dom\u00e1cnosti. Do banky mohou v\u011bnovat nevyu\u017e\u00edvan\u00fd n\u00e1bytek drobn\u00ed d\u00e1rci i&nbsp;firmy. [\/perex] \u201eChceme se jako m\u011bsto postarat o&nbsp;v\u0161echny pot\u0159ebn\u00e9 Pra\u017eany, kte\u0159\u00ed se dost\u00e1vaj\u00ed do t\u011b\u017ek\u00e9ho dilematu, zda zaplat\u00ed prvn\u00ed n\u00e1jem, po\u0159\u00edd\u00ed post\u00fdlku pro sv\u00e9 d\u011bti, nebo koup\u00ed [&hellip;]","protected":false},"author":97,"featured_media":44929,"comment_status":"closed","ping_status":"open","sticky":false,"template":"","format":"standard","meta":[],"categories":[34],"tags":[],"_links":{"self":[{"href":"https:\/\/www.praha7.cz\/api\/wp\/v2\/posts\/44928"}],"collection":[{"href":"https:\/\/www.praha7.cz\/api\/wp\/v2\/posts"}],"about":[{"href":"https:\/\/www.praha7.cz\/api\/wp\/v2\/types\/post"}],"author":[{"embeddable":true,"href":"https:\/\/www.praha7.cz\/api\/wp\/v2\/users\/97"}],"replies":[{"embeddable":true,"href":"https:\/\/www.praha7.cz\/api\/wp\/v2\/comments?post=44928"}],"version-history":[{"count":3,"href":"https:\/\/www.praha7.cz\/api\/wp\/v2\/posts\/44928\/revisions"}],"predecessor-version":[{"id":44933,"href":"https:\/\/www.praha7.cz\/api\/wp\/v2\/posts\/44928\/revisions\/44933"}],"wp:featuredmedia":[{"embeddable":true,"href":"https:\/\/www.praha7.cz\/api\/wp\/v2\/media\/44929"}],"wp:attachment":[{"href":"https:\/\/www.praha7.cz\/api\/wp\/v2\/media?parent=44928"}],"wp:term":[{"taxonomy":"category","embeddable":true,"href":"https:\/\/www.praha7.cz\/api\/wp\/v2\/categories?post=44928"},{"taxonomy":"post_tag","embeddable":true,"href":"https:\/\/www.praha7.cz\/api\/wp\/v2\/tags?post=44928"}],"curies":[{"name":"wp","href":"https:\/\/api.w.org\/{rel}","templated":true}]}}