    
{"id":44811,"date":"2021-01-11T13:15:14","date_gmt":"2021-01-11T12:15:14","guid":{"rendered":"https:\/\/www.praha7.cz\/?p=44811"},"modified":"2021-01-14T18:06:12","modified_gmt":"2021-01-14T17:06:12","slug":"velkoobjemove-kontejnery-v-roce-2021","status":"publish","type":"post","link":"https:\/\/www.praha7.cz\/velkoobjemove-kontejnery-v-roce-2021\/","title":{"rendered":"Velkoobjemov\u00e9 kontejnery v&nbsp;roce 2021"},"content":{"rendered":"<p>[perex]<\/p>\r\n<p>V\u00a0nov\u00e9m roce op\u011bt pokra\u010duje pravideln\u00e9 p\u0159istavov\u00e1n\u00ed velkoobjemov\u00fdch kontejner\u016f na \u00fazem\u00ed Prahy&nbsp;7. Pokud v\u00e1m doma dlouho p\u0159ek\u00e1\u017e\u00ed nepot\u0159ebn\u00fd kus n\u00e1bytku, nev\u00e1hejte se s\u00a0n\u00edm touto cestou rozlou\u010dit. Jednotliv\u00e9 term\u00edny a&nbsp;konkr\u00e9tn\u00ed lokality naleznete <a href=\"https:\/\/www.praha7.cz\/temata\/odpad\/velkoobjemove-kontejnery\/\">zde<\/a>.\u00a0<\/p>\r\n<p><strong><span style=\"color: #ff0000;\">Upozor\u0148ujeme ob\u010dany, \u017ee svoz objemn\u00e9ho odpadu na n\u011bkolika stanovi\u0161t\u00edch v&nbsp;\u00fanoru neprob\u011bhne.<\/span><\/strong><\/p>\r\n<p>[\/perex]<\/p>\r\n<p>Kontejnery jsou p\u0159istavov\u00e1ny v\u017edy od 16 do 20 hodin. <strong>Pros\u00edme, abyste v\u011bci na vyhozen\u00ed nenosili na m\u00edsto d\u0159\u00edve, ne\u017e je kontejner p\u0159istaven. Nemus\u00edte se b\u00e1t toho, \u017ee kdy\u017e p\u0159ijdete pozd\u011bji ve vymezen\u00e9m \u010dase, nemus\u00ed ji\u017e b\u00fdt v\u00a0kontejneru m\u00edsto. P\u0159\u00edtomen je v\u017edy koordina\u010dn\u00ed pracovn\u00edk svozov\u00e9 firmy, kter\u00fd v\u00a0p\u0159\u00edpad\u011b pot\u0159eby zajist\u00ed p\u0159istaven\u00ed dal\u0161\u00edho kontejneru.<\/strong><\/p>\r\n<p>Do VOK je mo\u017en\u00e9 odlo\u017eit star\u00fd n\u00e1bytek, koberce a\u00a0linolea, zrcadla, umyvadla, vany a\u00a0WC m\u00edsy, star\u00e9 sportovn\u00ed n\u00e1\u010din\u00ed, autosklo a\u00a0kovov\u00e9 p\u0159edm\u011bty.<\/p>\r\n<p>Do VOK nelze odkl\u00e1dat \u017eivnostensk\u00fd odpad, nebezpe\u010dn\u00fd odpad (nap\u0159. autobaterie, z\u00e1\u0159ivky, barvy, rozpou\u0161t\u011bdla, motorov\u00e9 oleje a\u00a0obaly od nich), bioodpad, stavebn\u00ed odpad, d\u00e1le pak pneumatiky, elektrospot\u0159ebi\u010de, televizory a\u00a0PC monitory, po\u010d\u00edta\u010de, lednice, mraz\u00e1ky a\u00a0spor\u00e1ky.<\/p>\r\n<p>Odpad je mo\u017en\u00e9 odevzdat i\u00a0ve sb\u011brn\u00fdch dvorech a\u00a0ve stabiln\u00edch sb\u011brn\u00e1ch nebezpe\u010dn\u00fdch odpad\u016f: Sb\u011brn\u00fd dv\u016fr hl. m. Prahy, Voct\u00e1\u0159ova, Praha 8, tel. 266\u00a000\u00a072\u00a099, provozn\u00ed doba Po \u2013 P\u00e1 8.30 \u2013 17.00 hod., v\u00a0letn\u00edm obdob\u00ed do 18.00 hod., So 8.30 \u2013 15.00 hod. (p\u0159ij\u00edm\u00e1 v\u0161echny druhy odpad\u016f).<\/p>","protected":false},"excerpt":{"rendered":"[perex] V\u00a0nov\u00e9m roce op\u011bt pokra\u010duje pravideln\u00e9 p\u0159istavov\u00e1n\u00ed velkoobjemov\u00fdch kontejner\u016f na \u00fazem\u00ed Prahy&nbsp;7. Pokud v\u00e1m doma dlouho p\u0159ek\u00e1\u017e\u00ed nepot\u0159ebn\u00fd kus n\u00e1bytku, nev\u00e1hejte se s\u00a0n\u00edm touto cestou rozlou\u010dit. Jednotliv\u00e9 term\u00edny a&nbsp;konkr\u00e9tn\u00ed lokality naleznete zde.\u00a0 Upozor\u0148ujeme ob\u010dany, \u017ee svoz objemn\u00e9ho odpadu na n\u011bkolika stanovi\u0161t\u00edch v&nbsp;\u00fanoru neprob\u011bhne. [\/perex] Kontejnery jsou p\u0159istavov\u00e1ny v\u017edy od 16 do 20 hodin. Pros\u00edme, abyste [&hellip;]","protected":false},"author":76,"featured_media":22994,"comment_status":"closed","ping_status":"open","sticky":false,"template":"","format":"standard","meta":[],"categories":[34],"tags":[],"_links":{"self":[{"href":"https:\/\/www.praha7.cz\/api\/wp\/v2\/posts\/44811"}],"collection":[{"href":"https:\/\/www.praha7.cz\/api\/wp\/v2\/posts"}],"about":[{"href":"https:\/\/www.praha7.cz\/api\/wp\/v2\/types\/post"}],"author":[{"embeddable":true,"href":"https:\/\/www.praha7.cz\/api\/wp\/v2\/users\/76"}],"replies":[{"embeddable":true,"href":"https:\/\/www.praha7.cz\/api\/wp\/v2\/comments?post=44811"}],"version-history":[{"count":5,"href":"https:\/\/www.praha7.cz\/api\/wp\/v2\/posts\/44811\/revisions"}],"predecessor-version":[{"id":44962,"href":"https:\/\/www.praha7.cz\/api\/wp\/v2\/posts\/44811\/revisions\/44962"}],"wp:featuredmedia":[{"embeddable":true,"href":"https:\/\/www.praha7.cz\/api\/wp\/v2\/media\/22994"}],"wp:attachment":[{"href":"https:\/\/www.praha7.cz\/api\/wp\/v2\/media?parent=44811"}],"wp:term":[{"taxonomy":"category","embeddable":true,"href":"https:\/\/www.praha7.cz\/api\/wp\/v2\/categories?post=44811"},{"taxonomy":"post_tag","embeddable":true,"href":"https:\/\/www.praha7.cz\/api\/wp\/v2\/tags?post=44811"}],"curies":[{"name":"wp","href":"https:\/\/api.w.org\/{rel}","templated":true}]}}