    
{"id":44761,"date":"2021-01-07T11:31:58","date_gmt":"2021-01-07T10:31:58","guid":{"rendered":"https:\/\/www.praha7.cz\/?p=44761"},"modified":"2021-01-07T11:31:58","modified_gmt":"2021-01-07T10:31:58","slug":"vlada-prodlouzila-platnost-krizovych-opatreni-do-22-ledna","status":"publish","type":"post","link":"https:\/\/www.praha7.cz\/vlada-prodlouzila-platnost-krizovych-opatreni-do-22-ledna\/","title":{"rendered":"Vl\u00e1da prodlou\u017eila platnost krizov\u00fdch opat\u0159en\u00ed do 22.&nbsp;ledna"},"content":{"rendered":"<p>[perex]<\/p>\r\n<p>Vl\u00e1da rozhodla o\u00a0prodlou\u017een\u00ed st\u00e1vaj\u00edc\u00edch opat\u0159en\u00ed &#8211; na nejpr\u030ci\u0301sne\u030cjs\u030ci\u0301m stupni <a href=\"https:\/\/onemocneni-aktualne.mzcr.cz\/pes\" target=\"_blank\" rel=\"noopener\">syste\u0301mu PES<\/a> &#8211; nejme\u0301ne\u030c do 22.&nbsp;ledna. Term\u00edn se kryje s\u00a0koncem nouzov\u00e9ho stavu. Opatr\u030ceni\u0301 nove\u030c umoz\u030cni\u0301 na\u0301vs\u030cte\u030cvy v&nbsp;nemocnici\u0301ch. V&nbsp;zar\u030ci\u0301zeni\u0301ch dlouhodobe\u0301 a&nbsp;na\u0301sledne\u0301 pe\u0301c\u030ce bude nutny\u0301 negativni\u0301 test na covid-19 a&nbsp;respira\u0301tor. D\u00e1le budou i&nbsp;po 15.&nbsp;lednu pro lidi zdarma k&nbsp;dispozici antigenn\u00ed testy, na n\u011b\u017e se lid\u00e9 mohou objedn\u00e1vat bez nutnosti doporu\u010den\u00ed l\u00e9ka\u0159e \u010di hygieny.\u00a0Lyz\u030car\u030cske\u0301 area\u0301ly zu\u030astanou zavr\u030cene\u0301, vla\u0301da pr\u030cipravi\u0301 program kompenzaci\u0301.<\/p>\r\n<p>[\/perex]<\/p>\r\n<p>Do 22.&nbsp;ledna v\u010detn\u011b\u00a0budou <strong>prodlou\u017eena v\u0161echna krizov\u00e1 opat\u0159en\u00ed<\/strong>, kter\u00e1 m\u011bla skon\u010dit k\u00a010.&nbsp;lednu, tedy omezen\u00ed voln\u00e9ho pohybu osob, omezen\u00ed prodeje a&nbsp;poskytov\u00e1n\u00ed slu\u017eeb, omezen\u00ed \u010dinnosti org\u00e1n\u016f st\u00e1tn\u00ed spr\u00e1vy a&nbsp;krizov\u00e9 opat\u0159en\u00ed zaji\u0161\u0165uj\u00edc\u00ed p\u00e9\u010di o&nbsp;d\u011bti zam\u011bstnanc\u016f vybran\u00fdch profes\u00ed.<\/p>\r\n<p>K\u00a0d\u00edl\u010d\u00edmu up\u0159esn\u011bn\u00ed doch\u00e1z\u00ed u&nbsp;krizov\u00e9ho opat\u0159en\u00ed, kter\u00fdm je\u00a0<strong>omezen provoz \u0161kolsk\u00fdch za\u0159\u00edzen\u00ed<\/strong>. Nov\u011b bude mo\u017en\u00e9 domlouvat si individu\u00e1ln\u00ed konzultace i&nbsp;u&nbsp;student\u016f vysok\u00fdch \u0161kol, uskute\u010dnit p\u0159ij\u00edmac\u00ed zkou\u0161ky na vysok\u00e9 \u0161koly ve skupin\u00e1ch nanejv\u00fd\u0161 deseti osob a&nbsp;konat zkou\u0161ky na vy\u0161\u0161\u00edch odborn\u00fdch \u0161kol\u00e1ch rovn\u011b\u017e za \u00fa\u010dasti nejv\u00fd\u0161e deset osob.<\/p>\r\n<p>A\u017e do odvol\u00e1n\u00ed prodlou\u017eilo Ministerstvo zdravotnictv\u00ed se souhlasem vl\u00e1dy mo\u017enost pro klienty zdravotn\u00edch poji\u0161\u0165oven\u00a0<strong>nechat se bezplatn\u011b otestovat\u00a0<\/strong>na koronavirus za pou\u017eit\u00ed antigenn\u00edho POC testu. I&nbsp;po 15.&nbsp;lednu tedy bude platit, \u017ee se ka\u017ed\u00fd poji\u0161t\u011bnec m\u016f\u017ee nechat jednou za p\u011bt dn\u00ed preventivn\u011b otestovat.<\/p>\r\n<p>Vl\u00e1da vydala tak\u00e9 nov\u00e9\u00a0krizov\u00e9 opat\u0159en\u00ed upravuj\u00edc\u00ed <strong>n\u00e1v\u0161t\u011bvy ve zdravotnick\u00fdch za\u0159\u00edzen\u00edch a&nbsp;v&nbsp;za\u0159\u00edzen\u00edch soci\u00e1ln\u00ed p\u00e9\u010de<\/strong>. Ke zm\u011bn\u011b doch\u00e1z\u00ed zejm\u00e9na u&nbsp;akutn\u00ed l\u016f\u017ekov\u00e9 p\u00e9\u010de, kde bude nov\u011b mo\u017en\u00e9 nav\u0161t\u00edvit pacienta v\u00a0nemocnici. Podm\u00ednkou je pou\u017eit\u00ed respir\u00e1tor\u016f t\u0159\u00eddy minim\u00e1ln\u011b FFP2 nebo KN95 (to neplat\u00ed pro d\u011bti do dvou let, d\u011btem do 15 let sta\u010d\u00ed rou\u0161ka). N\u00e1v\u0161t\u011bva m\u016f\u017ee trvat nanejv\u00fd\u0161 30 minut a&nbsp;mohou na n\u00ed b\u00fdt nanejv\u00fd\u0161 dv\u011b osoby najednou. U&nbsp;n\u00e1v\u0161t\u011bv l\u00e9\u010deben dlouhodob\u011b nemocn\u00fdch a&nbsp;za\u0159\u00edzen\u00ed soci\u00e1ln\u00ed p\u00e9\u010de mus\u00ed n\u00e1v\u0161t\u011bva podstoupit p\u0159inejmen\u0161\u00edm antigenn\u00ed test a&nbsp;mus\u00ed m\u00edt po celou dobu n\u00e1v\u0161t\u011bvy nasazen respir\u00e1tor. I&nbsp;toto na\u0159\u00edzen\u00ed plat\u00ed do 22.&nbsp;ledna.<\/p>\r\n<p>Vl\u00e1da se zab\u00fdvala tak\u00e9\u00a0<strong>da\u0148ov\u00fdmi \u00falevami<\/strong>. Vl\u00e1da ulo\u017eila ministryni financ\u00ed, aby vydala rozhodnut\u00ed, kter\u00fdm za stanoven\u00fdch podm\u00ednek dojde k\u00a0prominut\u00ed pokuty za opo\u017ed\u011bn\u00e9 pod\u00e1n\u00ed da\u0148ov\u00e9ho p\u0159izn\u00e1n\u00ed k&nbsp;dani silni\u010dn\u00ed za zda\u0148ovac\u00ed obdob\u00ed roku 2020, \u00faroku z&nbsp;prodlen\u00ed na dani silni\u010dn\u00ed za zda\u0148ovac\u00ed obdob\u00ed roku 2020 a&nbsp;pokuty za opo\u017ed\u011bn\u00e9 pod\u00e1n\u00ed da\u0148ov\u00e9ho p\u0159izn\u00e1n\u00ed \u010di d\u00edl\u010d\u00edho da\u0148ov\u00e9ho p\u0159izn\u00e1n\u00ed k&nbsp;dani z&nbsp;nemovit\u00fdch v\u011bc\u00ed na zda\u0148ovac\u00ed obdob\u00ed roku 2021. Rozhodla tak\u00e9, \u017ee se k\u00a0nedoplatk\u016fm umo\u017en\u011bn\u00fdm rozhodnut\u00edmi ministryn\u011b financ\u00ed nebude p\u0159ihl\u00ed\u017eet p\u0159i posuzov\u00e1n\u00ed \u017e\u00e1dost\u00ed o&nbsp;za\u0159azen\u00ed do n\u011bkter\u00e9ho z\u00a0vl\u00e1dn\u00edch dota\u010dn\u00edch kovidov\u00fdch program\u016f.<\/p>\r\n<p>Podrobnosti <a href=\"https:\/\/www.vlada.cz\/cz\/media-centrum\/aktualne\/vysledky-jednani-vlady-7-ledna-2021-185933\/\" target=\"_blank\" rel=\"noopener\">zde<\/a>.<\/p>","protected":false},"excerpt":{"rendered":"[perex] Vl\u00e1da rozhodla o\u00a0prodlou\u017een\u00ed st\u00e1vaj\u00edc\u00edch opat\u0159en\u00ed &#8211; na nejpr\u030ci\u0301sne\u030cjs\u030ci\u0301m stupni syste\u0301mu PES &#8211; nejme\u0301ne\u030c do 22.&nbsp;ledna. Term\u00edn se kryje s\u00a0koncem nouzov\u00e9ho stavu. Opatr\u030ceni\u0301 nove\u030c umoz\u030cni\u0301 na\u0301vs\u030cte\u030cvy v&nbsp;nemocnici\u0301ch. V&nbsp;zar\u030ci\u0301zeni\u0301ch dlouhodobe\u0301 a&nbsp;na\u0301sledne\u0301 pe\u0301c\u030ce bude nutny\u0301 negativni\u0301 test na covid-19 a&nbsp;respira\u0301tor. D\u00e1le budou i&nbsp;po 15.&nbsp;lednu pro lidi zdarma k&nbsp;dispozici antigenn\u00ed testy, na n\u011b\u017e se lid\u00e9 mohou objedn\u00e1vat bez [&hellip;]","protected":false},"author":97,"featured_media":34744,"comment_status":"closed","ping_status":"open","sticky":false,"template":"","format":"standard","meta":[],"categories":[34],"tags":[],"_links":{"self":[{"href":"https:\/\/www.praha7.cz\/api\/wp\/v2\/posts\/44761"}],"collection":[{"href":"https:\/\/www.praha7.cz\/api\/wp\/v2\/posts"}],"about":[{"href":"https:\/\/www.praha7.cz\/api\/wp\/v2\/types\/post"}],"author":[{"embeddable":true,"href":"https:\/\/www.praha7.cz\/api\/wp\/v2\/users\/97"}],"replies":[{"embeddable":true,"href":"https:\/\/www.praha7.cz\/api\/wp\/v2\/comments?post=44761"}],"version-history":[{"count":4,"href":"https:\/\/www.praha7.cz\/api\/wp\/v2\/posts\/44761\/revisions"}],"predecessor-version":[{"id":44766,"href":"https:\/\/www.praha7.cz\/api\/wp\/v2\/posts\/44761\/revisions\/44766"}],"wp:featuredmedia":[{"embeddable":true,"href":"https:\/\/www.praha7.cz\/api\/wp\/v2\/media\/34744"}],"wp:attachment":[{"href":"https:\/\/www.praha7.cz\/api\/wp\/v2\/media?parent=44761"}],"wp:term":[{"taxonomy":"category","embeddable":true,"href":"https:\/\/www.praha7.cz\/api\/wp\/v2\/categories?post=44761"},{"taxonomy":"post_tag","embeddable":true,"href":"https:\/\/www.praha7.cz\/api\/wp\/v2\/tags?post=44761"}],"curies":[{"name":"wp","href":"https:\/\/api.w.org\/{rel}","templated":true}]}}