    
{"id":44689,"date":"2021-01-04T13:41:54","date_gmt":"2021-01-04T12:41:54","guid":{"rendered":"https:\/\/www.praha7.cz\/?p=44689"},"modified":"2021-01-04T13:41:54","modified_gmt":"2021-01-04T12:41:54","slug":"koronavirus-co-aktualne-plati","status":"publish","type":"post","link":"https:\/\/www.praha7.cz\/koronavirus-co-aktualne-plati\/","title":{"rendered":"Koronavirus: Co aktu\u00e1ln\u011b plat\u00ed?"},"content":{"rendered":"<p>\u00a0[perex]<\/p>\r\n<p>Podrobn\u00fd p\u0159ehled opat\u0159en\u00ed a&nbsp;omezen\u00ed, kter\u00e1 v&nbsp;souvislosti s&nbsp;pandemi\u00ed COVID-19 aktu\u00e1ln\u011b plat\u00ed, najdete <a href=\"https:\/\/covid.gov.cz\/situace\">ZDE<\/a>.<\/p>\r\n<p>[\/perex]<\/p>","protected":false},"excerpt":{"rendered":"\u00a0[perex] Podrobn\u00fd p\u0159ehled opat\u0159en\u00ed a&nbsp;omezen\u00ed, kter\u00e1 v&nbsp;souvislosti s&nbsp;pandemi\u00ed COVID-19 aktu\u00e1ln\u011b plat\u00ed, najdete ZDE. [\/perex]","protected":false},"author":5,"featured_media":34744,"comment_status":"closed","ping_status":"open","sticky":false,"template":"","format":"standard","meta":[],"categories":[34],"tags":[],"_links":{"self":[{"href":"https:\/\/www.praha7.cz\/api\/wp\/v2\/posts\/44689"}],"collection":[{"href":"https:\/\/www.praha7.cz\/api\/wp\/v2\/posts"}],"about":[{"href":"https:\/\/www.praha7.cz\/api\/wp\/v2\/types\/post"}],"author":[{"embeddable":true,"href":"https:\/\/www.praha7.cz\/api\/wp\/v2\/users\/5"}],"replies":[{"embeddable":true,"href":"https:\/\/www.praha7.cz\/api\/wp\/v2\/comments?post=44689"}],"version-history":[{"count":1,"href":"https:\/\/www.praha7.cz\/api\/wp\/v2\/posts\/44689\/revisions"}],"predecessor-version":[{"id":44692,"href":"https:\/\/www.praha7.cz\/api\/wp\/v2\/posts\/44689\/revisions\/44692"}],"wp:featuredmedia":[{"embeddable":true,"href":"https:\/\/www.praha7.cz\/api\/wp\/v2\/media\/34744"}],"wp:attachment":[{"href":"https:\/\/www.praha7.cz\/api\/wp\/v2\/media?parent=44689"}],"wp:term":[{"taxonomy":"category","embeddable":true,"href":"https:\/\/www.praha7.cz\/api\/wp\/v2\/categories?post=44689"},{"taxonomy":"post_tag","embeddable":true,"href":"https:\/\/www.praha7.cz\/api\/wp\/v2\/tags?post=44689"}],"curies":[{"name":"wp","href":"https:\/\/api.w.org\/{rel}","templated":true}]}}