    
{"id":4454,"date":"2015-10-25T11:01:41","date_gmt":"2015-10-25T10:01:41","guid":{"rendered":"https:\/\/praha7.cz\/?p=4454"},"modified":"2017-08-25T11:19:58","modified_gmt":"2017-08-25T09:19:58","slug":"z-letne-az-na-konec-mlecne-drahy","status":"publish","type":"post","link":"https:\/\/www.praha7.cz\/z-letne-az-na-konec-mlecne-drahy\/","title":{"rendered":"Z Letn\u00e9 a\u017e na konec ml\u00e9\u010dn\u00e9 dr\u00e1hy"},"content":{"rendered":"<p>[perex]<\/p>Poznaly se p\u0159ed lety jako modelky v\u00a0Pa\u0159\u00ed\u017ei, kde p\u0159i\u0161ly na to, \u017ee ob\u011b chodily do stejn\u00e9 z\u00e1kladn\u00ed \u0161koly v&nbsp;Letohradsk\u00e9 ulici. Od t\u00e9 doby se potk\u00e1vaj\u00ed ve stejn\u00e9m kruhu p\u0159\u00e1tel t\u00e9m\u011b\u0159 dvacet let, a\u017e se jejich \u017eivoty protkly podruh\u00e9. Tentokr\u00e1t v\u00a0Raket\u011b, nov\u00e9m \u010dasopise pro d\u011bti chytr\u00fdch rodi\u010d\u016f. Radana Lito\u0161ov\u00e1 se star\u00e1 o&nbsp;texty a&nbsp;Johana \u0160vejd\u00edkov\u00e1 o&nbsp;v\u0161e okolo ilustrac\u00ed.\r\n\r\n<p>[\/perex]<\/p><p><strong>Jak se na Letn\u00e9 \u017eije \u0161\u00e9fredaktork\u00e1m d\u011btsk\u00e9ho \u010dasopisu?<br \/>\r\n <\/strong>Radana: Co se t\u00fd\u010de kulturn\u00edho vy\u017eit\u00ed, tak celkem dob\u0159e. M\u00e1me tady v\u0161echno, co \u010dlov\u011bk pot\u0159ebuje. Vad\u00ed mi samoz\u0159ejm\u011b \u0161p\u00edna v\u00a0ulic\u00edch, ale to u\u017e je dost omlet\u00e9 t\u00e9ma. Jinak je to tu \u010d\u00edm d\u00e1l lep\u0161\u00ed.<\/p>\r\n<p>Johana: Ob\u011b bydl\u00edme mezi Stromovkou a\u00a0Letensk\u00fdmi sady, co\u017e je velk\u00e1 v\u00fdhoda. Narodila jsem se tu, vyrostla tu, Letn\u00e1 je pro m\u011b \u00fapln\u00fd domov. Je to takov\u00e1 n\u00e1ves, potk\u00e1v\u00e1m tu dokonce je\u0161t\u011b ob\u010das i\u00a0pan\u00ed u\u010ditelku ze z\u00e1kladky. \u017dije se mi tady skv\u011ble.<\/p>\r\n<p>&nbsp;<\/p>\r\n<p><strong>P\u0159esto, kdybyste mohly zm\u011bnit jednu jedinou v\u011bc, co by to bylo?<br \/>\r\n <\/strong>Johana: J\u00e1 bych jednozna\u010dn\u011b zasadila v\u00edc strom\u016f v\u00a0ulic\u00edch.<\/p>\r\n<p>Radana: A\u00a0j\u00e1 bych \u010dast\u011bji myla chodn\u00edky. V\u00a0Pa\u0159\u00ed\u017ei, kde jsme jednu dobu \u017eili, v\u017edycky v\u00a0\u0161est r\u00e1no vyrazili do ulic meta\u0159i, nap\u00edchli se na Seinu a\u00a0komplet spl\u00e1chli chodn\u00edky. A\u00a0ne\u0161lo o\u00a0\u017e\u00e1dn\u00e9 \u010distic\u00ed stroje, kv\u016fli kter\u00fdm se musela odstavit auta. Meta\u0159i prost\u011b vzali hadice a\u00a0v\u0161echno umyli. Tak\u00e9 tam maj\u00ed kanalizaci, kter\u00e1 pobere skoro jak\u00fdkoli odpad.<\/p>\r\n<p>&nbsp;<\/p>\r\n<p><strong>Do Pa\u0159\u00ed\u017ee jste odjela jako za\u010d\u00ednaj\u00edc\u00ed modelka na t\u0159i t\u00fddny a\u00a0nakonec z\u016fstala sedm let. Co se stalo?<br \/>\r\n <\/strong>Radana: Ono v\u00e1s to vcucne. Jakmile v\u00e1s lap\u00ed agentura, u\u017e v\u00e1s nechce pustit dom\u016f, proto\u017ee do v\u00e1s investovala \u010das, pen\u00edze a\u00a0energii. Tak\u017ee jsem tam z\u016fstala hlavn\u011b kv\u016fli pr\u00e1ci. S\u00a0Johanou jsme se sezn\u00e1mily hned prvn\u00ed rok. Potkaly jsme se ve stejn\u00e9 agentu\u0159e je\u0161t\u011b s\u00a0n\u011bkolika dal\u0161\u00edmi \u010ce\u0161kami.<\/p>\r\n<p>Johana: Teprve ve Francii jsme zjistily, \u017ee jsme chodily na stejnou z\u00e1kladn\u00ed \u0161kolu do Letohradsk\u00e9.<\/p>\r\n<p>&nbsp;<\/p>\r\n<p><strong>Sch\u00e1zely jste se i\u00a0d\u00e1l?<br \/>\r\n <\/strong>Johana: V\u00eddaly jsme se velmi \u010dasto a\u00a0d\u011bl\u00e1me to dote\u010f. A\u00a0setk\u00e1vaj\u00ed se samoz\u0159ejm\u011b i\u00a0na\u0161e d\u011bti. J\u00e1 m\u00e1m malou dcerku a\u00a0Radana m\u00e1 d\u011bti dokonce t\u0159i.<\/p>\r\n<p>Radana: S\u00a0Johanou jsme byly p\u016fvodn\u011b jenom kamar\u00e1dky. Pracovn\u011b v\u00a0Raket\u011b n\u00e1s spojil a\u017e Joachim Dvo\u0159\u00e1k z\u00a0nakladatelstv\u00ed Labyrint. P\u0159ijde mi najednou zvl\u00e1\u0161tn\u00ed, \u017ee n\u00e1s spolupr\u00e1ce nenapadla u\u017e d\u0159\u00edv.<\/p>\r\n<p>Johana: P\u0159itom jsme ka\u017ed\u00e1 celou dobu tvo\u0159ila do \u0161upl\u00edku. Radana psala poh\u00e1dky, skl\u00e1dala b\u00e1sni\u010dky, j\u00e1 jsem hodn\u011b kreslila. Kdy\u017e si to te\u010f zp\u011btn\u011b uv\u011bdom\u00edm, hodn\u011b holek okolo n\u00e1s bylo a\u00a0je kreativn\u00edch.<\/p>\r\n<p>&nbsp;<\/p>\r\n<p><strong>Kdy\u017e mluv\u00edte o\u00a0kreativit\u011b, v\u00e1\u0161 otec animoval seri\u00e1l Pat a\u00a0Mat. Byl doma stejn\u011b ne\u0161ikovn\u00fd jako hlavn\u00ed hrdinov\u00e9?<br \/>\r\n <\/strong>Johana: To v\u016fbec ne, m\u016fj t\u00e1ta m\u00e1 zlat\u00e9 ruce. Je schopn\u00fd v\u0161echno opravit, s\u00e1m vyr\u00e1b\u00ed t\u0159eba no\u017ee nebo i\u00a0\u0161perky. Jemnou motoriku m\u00e1 naprosto dokonalou. Pracoval v\u00a0Kr\u00e1tk\u00e9m filmu na Barrandov\u011b a\u00a0je\u0161t\u011b p\u0159edt\u00edm ve studi\u00edch v\u00a0Bartolom\u011bjsk\u00e9. D\u011blal t\u0159eba loutky pro Krysa\u0159e, Robinsona Crusoe, Brou\u010dky, J\u00e1ju a\u00a0P\u00e1ju a\u00a0mnoho dal\u0161\u00edch. T\u00e1ta ale nen\u00ed anim\u00e1tor, vyr\u00e1b\u00ed kostry loutek a\u00a0d\u011bl\u00e1 i\u00a0ostatn\u00ed dekorace.<\/p>\r\n<p>&nbsp;<\/p>\r\n<p><strong>Pod\u00edlela jste se na animovan\u00e9m filmu Alois Nebel. Prom\u00edtlo se do va\u0161\u00ed pr\u00e1ce i\u00a0to, \u017ee \u017eijete na Letn\u00e9?<br \/>\r\n <\/strong>Johana: Mysl\u00edm, \u017ee ne. U\u00a0filmu je v\u0161echno p\u0159edem dan\u00e9, nav\u00edc je sc\u00e9n\u00e1\u0159 hotov\u00fd d\u00e1vno p\u0159ed nat\u00e1\u010den\u00edm. Ale pravda je, \u017ee sc\u00e9n\u00e1\u0159 vznikal za dlouh\u00fdch ve\u010der\u016f v\u00a0baru Bio Oko a\u00a0dnes u\u017e neexistuj\u00edc\u00ed Bulv\u011b. J\u00e1 jsem se jezdila po pr\u00e1ci na Letnou vyspat, ale to je asi tak v\u0161echno.<\/p>\r\n<p>&nbsp;<\/p>\r\n<p><strong>Radano, v\u00e1\u0161 otec hraje country a\u00a0man\u017eel b\u00e1d\u00e1 v\u00a0experiment\u00e1ln\u00edm centru \u010cVUT. Inspirujete se jejich prac\u00ed?<br \/>\r\n <\/strong>Radana: Prac\u00ed ne, sp\u00ed\u0161 \u017eivotem a\u00a0hl\u00e1\u0161kami. Man\u017eel ob\u010das n\u011bco pronese, co pak zanesu t\u0159eba do Rakety. V\u00a0jednom \u010d\u00edsle byl p\u0159\u00edsp\u011bvek o\u00a0v\u0161\u00edch, kde jsem n\u011bkter\u00e9 jeho vt\u00edpky pou\u017eila. Po tat\u00ednkovi jsem naopak zd\u011bdila l\u00e1sku k\u00a0hudb\u011b, ke kter\u00e9 t\u00edhnu odmali\u010dka. Je to pro m\u011b celo\u017eivotn\u00ed kon\u00ed\u010dek.<\/p>\r\n<p>&nbsp;<\/p>\r\n<p><strong>Je pravda, \u017ee vyhr\u00e1l Portu?<br \/>\r\n <\/strong>Radana: Je to tak, bylo to v\u00a0roce 1989 se skupinou Pohoda v\u00a0kategorii trampsk\u00e1 hudba. Ale t\u00e1ta nepoch\u00e1zel z\u00a0Prahy&nbsp;7, ze Sedmi\u010dky byla maminka, kter\u00e1 tu \u017eila od narozen\u00ed. D\u011bde\u010dek vedl mezi lety 1949 a\u017e 1969 l\u00e9k\u00e1rnu na Strossmayerov\u011b n\u00e1m\u011bst\u00ed. A\u00a0praprad\u011bde\u010dek Pavl\u00ed\u010dek tu nechal postavit dva domy v\u00a0He\u0159manov\u011b ulici coby prvorepublikov\u00fd developer, a\u0165 u\u017e se tomu tehdy \u0159\u00edkalo jakkoli.<\/p>\r\n<p>&nbsp;<\/p>\r\n<p><strong>V\u00a0ka\u017ed\u00e9 Raket\u011b p\u0159edstavujete jednoho d\u011btsk\u00e9ho kapit\u00e1na. P\u0159i t\u00e9 p\u0159\u00edle\u017eitosti se d\u011bt\u00ed pt\u00e1te, co by cht\u011bly d\u011blat za deset let. Kde by cht\u011bly b\u00fdt za deset let Radana Lito\u0161ov\u00e1 a\u00a0Johana \u0160vejd\u00edkov\u00e1?<br \/>\r\n <\/strong>Johana: J\u00e1 jsem v\u017edycky cht\u011bla kreslit a\u00a0d\u011blat n\u011bco kreativn\u00edho, tak\u017ee j\u00e1 bych stra\u0161n\u011b r\u00e1da za deset let ilustrovala a\u00a0s\u00a0Radanou vym\u00fd\u0161lela Raketu, stejn\u011b jako te\u010f. V\u016fbec s\u00a0t\u00edm nem\u00e1m probl\u00e9m.<\/p>\r\n<p>Radana: J\u00e1 se p\u0159id\u00e1m. Byla bych moc r\u00e1da, kdyby n\u00e1m \u010dasopis vydr\u017eel, proto\u017ee n\u00e1s stra\u0161n\u011b bav\u00ed. Je\u0161t\u011b bych k\u00a0tomu r\u00e1da psala kn\u00ed\u017eky pro d\u011bti a\u00a0skl\u00e1dala p\u00edsni\u010dky.<\/p>\r\n<p>&nbsp;<\/p>\r\n<p><strong>Chod\u00ed v\u00e1m v\u00edc dopis\u016f od d\u011bt\u00ed, nebo od jejich rodi\u010d\u016f?<br \/>\r\n <\/strong>Radana: V\u00a0Raket\u011b nen\u00ed \u017e\u00e1dn\u00e1 reklama, co\u017e oce\u0148uj\u00ed p\u0159edev\u0161\u00edm rodi\u010de. V\u011bt\u0161inou n\u00e1m pos\u00edlaj\u00ed fotky sv\u00fdch d\u011bt\u00ed, jak n\u011bco tvo\u0159\u00ed, nebo p\u0159\u00edmo jejich v\u00fdtvory. A\u00a0paradoxn\u011b se ob\u010das stane, \u017ee n\u00e1m nap\u00ed\u0161\u00ed rodi\u010de s\u00a0t\u00edm, \u017ee kdy\u017e d\u011bti Raketu odlo\u017eily, oni si v\u00a0n\u00ed \u010dtou a\u00a0lu\u0161t\u00ed d\u00e1l.<\/p>\r\n<p>Johana: P\u0159esn\u011b tak jsme \u010dasopis pl\u00e1novaly. Proto se sna\u017e\u00edme v\u00a0ka\u017ed\u00e9m \u010d\u00edsle p\u0159in\u00e9st n\u011bco objevn\u00e9ho, co pak bav\u00ed rodi\u010de s\u00a0d\u011btmi dohromady.<\/p>\r\n<p>&nbsp;<\/p>\r\n<p><strong>Ka\u017ed\u00e1 Raketa m\u00e1 sv\u00e9 t\u00e9ma \u2013 u\u017e jste \u010dten\u00e1\u0159e zavedly do zem\u011b v\u011b\u010dn\u00e9ho ledu, pod hladinu mo\u0159e nebo do \u0159\u00ed\u0161e hmyzu. Co chyst\u00e1te te\u010f?<br \/>\r\n <\/strong>Radana: Pr\u00e1v\u011b te\u010f vych\u00e1z\u00ed N\u00e1ladov\u00e9 \u010d\u00edslo, kde jsme se krom\u011b n\u00e1lad, pocit\u016f a\u00a0v\u0161eho, co je ovliv\u0148uje, zam\u011b\u0159ili tak\u00e9 na barvy. Raketa vych\u00e1z\u00ed \u010dty\u0159ikr\u00e1t ro\u010dn\u011b, prvn\u00ed \u010d\u00edslo vy\u0161lo vloni v\u00a0prosinci. \u010cty\u0159ka je tedy podzimn\u00ed.<\/p>\r\n<p>Johana: Ano, tahle Raketa hraje barvami a\u00a0zvl\u00e1\u0161tn\u00ed bylo, \u017ee stejn\u011b jako jej\u00ed podtitul i\u00a0pr\u016fb\u011bh tvorby byl zna\u010dn\u011b n\u00e1ladov\u00fd. Tentokr\u00e1t jsme m\u011bli zat\u00edm nejemocion\u00e1ln\u011bj\u0161\u00ed debaty a\u00a0spory nad jednotliv\u00fdmi p\u0159\u00edsp\u011bvky.<\/p>\r\n<p>Radana: Pr\u00e1v\u011b za\u010d\u00edn\u00e1me p\u0159ipravovat dal\u0161\u00ed \u010d\u00edslo, bude na t\u00e9ma vesm\u00edr, to n\u00e1s zase trochu ochlad\u00ed. Moc se na to t\u011b\u0161\u00edme.<\/p>\r\n<p>&nbsp;<\/p>\r\n<p><strong>Kdy\u017e u\u017e polet\u00edte do vesm\u00edru, \u0159ekn\u011bte mi jednu v\u011bc. P\u0159edstavte si, \u017ee se r\u00e1no probud\u00edte vedle Obi Wan Kenobiho v\u00a0jeho kosmick\u00e9 lodi. Kam byste s\u00a0n\u00edm vyrazily?<br \/>\r\n <\/strong>Radana: Kdyby nez\u00e1le\u017eelo na tom, kolik ulet\u00edme sv\u011bteln\u00fdch let, cht\u011bla bych si prohl\u00e9dnout cel\u00fd vesm\u00edr. Pod\u00edvat se do jin\u00fdch galaxi\u00ed, jak je to s\u00a0ostatn\u00edmi slunci a\u00a0jestli jsou n\u011bkde zem\u011b jako ta na\u0161e, kde je atmosf\u00e9ra, voda a\u00a0\u017eivot.<\/p>\r\n<p>Johana: J\u00e1 jsem velk\u00fd fanou\u0161ek Stopa\u0159ova pr\u016fvodce po galaxii, tak\u017ee bych Obi Wana poprosila, aby m\u011b zavezl na n\u00e1v\u0161t\u011bvu k\u00a0hrdin\u016fm z\u00a0t\u00e9to knihy, aby mi uk\u00e1zali, jak to u\u00a0nich funguje.\u00a0<\/p>\r\n<p>&nbsp;<\/p>\r\n<p>&nbsp;<\/p>\r\n<hr \/>\r\n<p><strong>Johana \u0160vejd\u00edkov\u00e1<br \/>\r\n <\/strong>Narodila se na \u0160tvanici a\u00a0cel\u00e9 sv\u00e9 d\u011btstv\u00ed pro\u017eila na Letn\u00e9. Chodila do \u0161kolky U\u00a0Stud\u00e1nky jako jej\u00ed tat\u00ednek a\u00a0nyn\u00ed i\u00a0jej\u00ed dcera Anna. Vystudovala st\u0159edn\u00ed obchodn\u00ed \u0161kolu a\u00a0tak\u00e9 st\u0159edn\u00ed um\u011bleckou \u0161kolu se zam\u011b\u0159en\u00edm na m\u00f3dn\u00ed n\u00e1vrh\u00e1\u0159stv\u00ed. V\u00a0letech 2001\u20132007 \u017eila v\u00a0Pa\u0159\u00ed\u017ei a\u00a0v\u00a0New Yorku, kde pracovala jako modelka a\u00a0sou\u010dasn\u011b se v\u011bnovala i\u00a0grafick\u00e9 a\u00a0v\u00fdtvarn\u00e9 pr\u00e1ci.<\/p>\r\n<p>Po n\u00e1vratu do \u010cech se pod\u00edlela mimo jin\u00e9 na realizaci filmu Alois Nebel se sv\u00fdm budouc\u00edm man\u017eelem Jarom\u00edrem 99. Od podzimu 2014 spole\u010dn\u011b s\u00a0Radanou Lito\u0161ovou vede projekt d\u011btsk\u00e9ho \u010dasopisu Raketa pro nakladatelstv\u00ed Labyrint.<\/p>\r\n<p>&nbsp;<\/p>\r\n<p><strong>Radana Lito\u0161ov\u00e1<br \/>\r\n <\/strong>Narodila se v\u00a0Praze, ale d\u011btstv\u00ed str\u00e1vila ve Vysok\u00e9m M\u00fdt\u011b. Od t\u0159in\u00e1cti \u017eije v\u00a0Praze 7, kde dokon\u010dila z\u00e1kladku a\u00a0pot\u00e9 Gymn\u00e1zium Nad \u0160tolou. Sedm let cestovala po cel\u00e9m sv\u011bt\u011b jako modelka, \u017eila p\u0159ev\u00e1\u017en\u011b v\u00a0Pa\u0159\u00ed\u017ei a\u00a0rok v\u00a0New Yorku. Po n\u00e1vratu do \u010cech se provdala a\u00a0je matkou t\u0159\u00ed d\u011bt\u00ed. Pro sv\u016fj blog vym\u00fd\u0161lela a\u00a0kreslila poh\u00e1dky a\u00a0hry pro d\u011bti, p\u0159isp\u00edvala tak\u00e9 na web o\u00a0modern\u00edm rodi\u010dovstv\u00ed Little Modernist. Od roku 2012 pracuje v\u00a0nakladatelstv\u00ed Labyrint a\u00a0spoluvytv\u00e1\u0159\u00ed \u010dasopis Raketa.<\/p>\r\n<p>&nbsp;<\/p>","protected":false},"excerpt":{"rendered":"[perex]Poznaly se p\u0159ed lety jako modelky v\u00a0Pa\u0159\u00ed\u017ei, kde p\u0159i\u0161ly na to, \u017ee ob\u011b chodily do stejn\u00e9 z\u00e1kladn\u00ed \u0161koly v&nbsp;Letohradsk\u00e9 ulici. Od t\u00e9 doby se potk\u00e1vaj\u00ed ve stejn\u00e9m kruhu p\u0159\u00e1tel t\u00e9m\u011b\u0159 dvacet let, a\u017e se jejich \u017eivoty protkly podruh\u00e9. Tentokr\u00e1t v\u00a0Raket\u011b, nov\u00e9m \u010dasopise pro d\u011bti chytr\u00fdch rodi\u010d\u016f. Radana Lito\u0161ov\u00e1 se star\u00e1 o&nbsp;texty a&nbsp;Johana \u0160vejd\u00edkov\u00e1 o&nbsp;v\u0161e okolo [&hellip;]","protected":false},"author":2,"featured_media":0,"comment_status":"open","ping_status":"open","sticky":false,"template":"","format":"standard","meta":[],"categories":[37],"tags":[],"_links":{"self":[{"href":"https:\/\/www.praha7.cz\/api\/wp\/v2\/posts\/4454"}],"collection":[{"href":"https:\/\/www.praha7.cz\/api\/wp\/v2\/posts"}],"about":[{"href":"https:\/\/www.praha7.cz\/api\/wp\/v2\/types\/post"}],"author":[{"embeddable":true,"href":"https:\/\/www.praha7.cz\/api\/wp\/v2\/users\/2"}],"replies":[{"embeddable":true,"href":"https:\/\/www.praha7.cz\/api\/wp\/v2\/comments?post=4454"}],"version-history":[{"count":3,"href":"https:\/\/www.praha7.cz\/api\/wp\/v2\/posts\/4454\/revisions"}],"predecessor-version":[{"id":4464,"href":"https:\/\/www.praha7.cz\/api\/wp\/v2\/posts\/4454\/revisions\/4464"}],"wp:attachment":[{"href":"https:\/\/www.praha7.cz\/api\/wp\/v2\/media?parent=4454"}],"wp:term":[{"taxonomy":"category","embeddable":true,"href":"https:\/\/www.praha7.cz\/api\/wp\/v2\/categories?post=4454"},{"taxonomy":"post_tag","embeddable":true,"href":"https:\/\/www.praha7.cz\/api\/wp\/v2\/tags?post=4454"}],"curies":[{"name":"wp","href":"https:\/\/api.w.org\/{rel}","templated":true}]}}