    
{"id":44482,"date":"2021-01-05T10:45:17","date_gmt":"2021-01-05T09:45:17","guid":{"rendered":"https:\/\/www.praha7.cz\/?p=44482"},"modified":"2021-01-13T15:58:59","modified_gmt":"2021-01-13T14:58:59","slug":"umeni-v-ulicich","status":"publish","type":"post","link":"https:\/\/www.praha7.cz\/umeni-v-ulicich\/","title":{"rendered":"Um\u011bn\u00ed v&nbsp;ulic\u00edch Prahy&nbsp;7"},"content":{"rendered":"<p>[perex]<\/p>\r\n<p>Pandemie na n\u011bkolik m\u011bs\u00edc\u016f uzav\u0159ela muzea i\u00a0galerie a\u00a0mnoh\u00e9 v\u00fdstavy se p\u0159esunuly do online prostoru. Kvalitn\u00ed um\u011bleck\u00e1 d\u00edla ale m\u016f\u017eete obdivovat t\u0159eba cestou do pr\u00e1ce. T\u0159eba v\u00e1s samotn\u00e9\u00a0p\u0159ekvap\u00ed, kolik takov\u00fdch d\u011bl n\u00e1s obklopuje. Co o\u00a0nich mo\u017en\u00e1 nev\u00edte a\u00a0jak se vlastn\u011b sochy do na\u0161ich ulic dostanou?<\/p>\r\n<p>V r\u00e1mci \u010dl\u00e1nku jsme p\u0159ipravili tak\u00e9\u00a0<a href=\"https:\/\/www.praha7.cz\/temata\/art-district-7\/umeni-ve-verejnem-prostoru\/\">p\u0159ehled um\u011bn\u00ed na Sedmi\u010dce<\/a><span class=\"CharOverride-5\">\u00a0v\u00a0podob\u011b mapy, popisk\u016f a\u00a0fotografi\u00ed.\u00a0<\/span><\/p>\r\n<p>[\/perex]<\/p>\r\n<p class=\"Z-kladn--odstavec\"><span class=\"CharOverride-5\">Po stalet\u00ed bylo um\u011bn\u00ed ve ve\u0159ejn\u00e9m prostoru podporov\u00e1no osv\u00edcen\u00fdmi mecen\u00e1\u0161i, c\u00edrkevn\u00edmi i\u00a0sv\u011btsk\u00fdmi institucemi a\u00a0m\u011bstsk\u00fdmi radami. Od obrozen\u00ed do prvn\u00ed sv\u011btov\u00e9 v\u00e1lky se do budov\u00e1n\u00ed pomn\u00edk\u016f zapojoval i\u00a0n\u00e1rod formou sb\u00edrek, zakl\u00e1d\u00e1n\u00edm nadac\u00ed nebo spolk\u016f. V\u00a0meziv\u00e1le\u010dn\u00e9 dob\u011b se um\u011bn\u00ed objevovalo na fas\u00e1d\u00e1ch ve\u0159ejn\u00fdch budov a\u00a0na m\u011bstsk\u00fdch bulv\u00e1rech a\u00a0v\u00a0parc\u00edch. Za socialismu na podporu um\u011bn\u00ed ve ve\u0159ejn\u00e9m prostoru existoval dokonce z\u00e1kon. P\u0159i stavb\u011b jak\u00e9koliv budovy \u0161lo povinn\u011b 1\u20134&nbsp;% na um\u011bleckou v\u00fdzdobu. Um\u011bn\u00ed se tak dostalo t\u00e9m\u011b\u0159 v\u0161ude a\u00a0jen Prahu tehdy obohatilo na 2500 nov\u00fdch d\u011bl. Na n\u011bkter\u00e1 z\u00a0nich se ale zapomn\u011blo a\u00a0dal\u0161\u00ed do dne\u0161n\u00ed doby nadobro zmizela. Zmapovat a\u00a0zpopularizovat je se sna\u017e\u00ed projekt Vet\u0159elci a\u00a0volavky. Na jeho webov\u00fdch str\u00e1nk\u00e1ch naleznete informace prakticky o\u00a0ve\u0161ker\u00e9m v\u00fdtvarn\u00e9m um\u011bn\u00ed ve ve\u0159ejn\u00e9m prostoru 70.&nbsp;a\u00a080.&nbsp;let v\u00a0\u010cSSR. St\u00e1tn\u00ed podpora um\u011bn\u00ed ve ve\u0159ejn\u00e9m prostoru ov\u0161em skon\u010dila spole\u010dn\u011b s\u00a0<\/span><span class=\"CharOverride-5\">dobou normalizace.<\/span><\/p>\r\n<p class=\"Z-kladn--odstavec\"><span class=\"CharOverride-1\"><strong>Danajsk\u00e9 dary<\/strong><br \/>\r\n<\/span><span class=\"CharOverride-5\">V\u00a0novodob\u00e9 historii se um\u011bn\u00ed do pra\u017esk\u00fdch ulic dost\u00e1valo p\u0159ev\u00e1\u017en\u011b z\u00a0iniciativy jednotlivc\u016f, kte\u0159\u00ed z\u00edskali finance a\u00a0byli tak\u00e9 odhodlan\u00ed zorientovat se v\u00a0d\u017eungli v\u0161emo\u017en\u00fdch administrativn\u00edch na\u0159\u00edzen\u00ed. Um\u011bn\u00ed na ve\u0159ejn\u00fdch m\u00edstech rok od roku p\u0159ib\u00fdvalo i\u00a0d\u00edky radnic\u00edm m\u011bstsk\u00fdch \u010d\u00e1st\u00ed, kter\u00e9 bu\u010f d\u00edlo p\u0159\u00edmo zakoupily, nebo se staly adres\u00e1ty r\u016fzn\u00fdch \u2013 z\u00a0dne\u0161n\u00edho pohledu tak trochu danajsk\u00fdch \u2013 dar\u016f. Pro p\u0159\u00edklad nemus\u00edme chodit daleko \u2013 na Ortenov\u011b n\u00e1m\u011bst\u00ed se p\u0159ed \u0161esti lety zabydlel mot\u00fdl z\u00a0dalek\u00e9 Braz\u00edlie, kter\u00e9ho Sedmi\u010dce v\u011bnoval jihoamerick\u00fd um\u011blec Romero Britto. Kdekdo zn\u00e1 tak\u00e9 ok\u0159\u00eddlen\u00e9ho lva od britsk\u00e9ho socha\u0159e Colina Spoffortha, jen\u017e od roku 2014 stoj\u00ed na Kl\u00e1rov\u011b a\u00a0<\/span><span class=\"CharOverride-5\">je darem britsk\u00e9 komunity \u017eij\u00edc\u00ed v\u00a0\u010cesku \u010deskoslovensk\u00fdm letc\u016fm slou\u017e\u00edc\u00edm v\u00a0\u0159ad\u00e1ch britsk\u00e9 RAF. Tato d\u00edla vzbuzuj\u00ed velkou nelibost p\u0159edev\u0161\u00edm na stran\u011b odborn\u00edk\u016f. Nepro\u0161la toti\u017e v\u00fdtvarnou sout\u011b\u017e\u00ed a\u00a0mnohdy byla um\u00edst\u011bna i\u00a0p\u0159es zam\u00edtan\u00e9 stanovisko pam\u00e1tk\u00e1\u0159\u016f. Laick\u00e1 ve\u0159ejnost si v\u0161ak na tyto nov\u00e9 \u201esousedy\u201c \u010dasto zvykne a\u00a0dnes u\u017e si nap\u0159\u00edklad d\u011btsk\u00e9 h\u0159i\u0161t\u011b na Ortenov\u011b n\u00e1m\u011bst\u00ed \u0159ada z\u00a0n\u00e1s bez mot\u00fdla ani nedovede p\u0159edstavit.<\/span><\/p>\r\n<p class=\"Z-kladn--odstavec ParaOverride-2\"><span class=\"CharOverride-5\">Nicm\u00e9n\u011b i\u00a0samy m\u011bstsk\u00e9 \u010d\u00e1sti se o\u00a0um\u011bn\u00ed na sv\u00e9m \u00fazem\u00ed aktivn\u011b staraj\u00ed. P\u0159\u00edkladem m\u016f\u017ee b\u00fdt sousedn\u00ed Praha 6, kter\u00e1 loni jednu sochu odstranila a\u00a0jinou slavnostn\u011b odhalila. Mar\u0161\u00e1l Kon\u011bv byl pro mnoho lid\u00ed kontroverzn\u00ed postavou, a\u00a0<\/span><span class=\"CharOverride-5\">jeho pomn\u00edk na n\u00e1m\u011bst\u00ed Interbrig\u00e1dy se tak st\u00e1val \u010dast\u00fdm ter\u010dem vandal\u016f. Radnice proto sochu p\u0159em\u00edstila do depozit\u00e1\u0159e. Na jej\u00edm m\u00edst\u011b by m\u011bl v\u00a0budoucnu st\u00e1t pam\u00e1tn\u00edk osvobozen\u00ed Prahy. P\u0159i stavb\u011b tunelu Blanka pak na \u0160estce vznikl park Marie Terezie, kter\u00e9mu od konce minul\u00e9ho roku tak\u00e9 dominuje prvn\u00ed tuzemsk\u00e1 socha t\u00e9to habsbursk\u00e9 panovnice. Samotn\u00e9 pojmenov\u00e1n\u00ed parku iniciovala m\u011bstsk\u00e1 \u010d\u00e1st a\u00a0osazen\u00ed sochy vzbudilo, jak u\u017e to tak b\u00fdv\u00e1, rozporupln\u00e9 reakce ve\u0159ejnosti ohledn\u011b v\u00fdb\u011bru samotn\u00e9 osobnosti i\u00a0provede<\/span><span class=\"CharOverride-5\">n\u00ed pam\u00e1tn\u00edku. Na druhou stranu mnoz\u00ed radnici<span>\u00a0<\/span><\/span><span class=\"CharOverride-5\">p\u0159i\u010d\u00edtaj\u00ed k\u00a0dobru, \u017ee na realizaci vyhl\u00e1sila ve\u0159ejnou v\u00fdtvarnou sout\u011b\u017e a\u00a0cel\u00fd proces se j\u00ed poda\u0159ilo zd\u00e1rn\u011b dokon\u010dit.<\/span><\/p>\r\n<p><a href=\"https:\/\/www.praha7.cz\/umeni-v-ulicich\/hobulet_drobne_fin_luca2\/\" rel=\"attachment wp-att-44488\"><img loading=\"lazy\" src=\"https:\/\/www.praha7.cz\/wp-content\/uploads\/2020\/12\/hobulet_drobne_fin_luca2-1192x1000.jpg\" alt=\"\" width=\"640\" height=\"537\" class=\"alignnone size-large wp-image-44488\" srcset=\"https:\/\/www.praha7.cz\/wp-content\/uploads\/2020\/12\/hobulet_drobne_fin_luca2-1192x1000.jpg 1192w, https:\/\/www.praha7.cz\/wp-content\/uploads\/2020\/12\/hobulet_drobne_fin_luca2-477x400.jpg 477w, https:\/\/www.praha7.cz\/wp-content\/uploads\/2020\/12\/hobulet_drobne_fin_luca2-768x644.jpg 768w, https:\/\/www.praha7.cz\/wp-content\/uploads\/2020\/12\/hobulet_drobne_fin_luca2.jpg 2009w\" sizes=\"(max-width: 640px) 100vw, 640px\" \/><\/a><\/p>\r\n<p class=\"Z-kladn--odstavec\"><span class=\"CharOverride-1\"><strong>Labyrint p\u0159edpis\u016f<\/strong><br \/>\r\n<\/span><span class=\"CharOverride-5\">Dosazen\u00ed nov\u00e9ho um\u011bleck\u00e9ho d\u00edla do ve\u0159ejn\u00e9ho prostoru toti\u017e nar\u00e1\u017e\u00ed na spoustu administrativn\u00edch \u00faskal\u00ed a\u00a0m\u016f\u017ee trvat i\u00a0n\u011bkolik let. Mu<\/span><span class=\"CharOverride-5\">s\u00edte z\u00edskat souhlas vlastn\u00edka pozemku, stavebn\u00ed<span>\u00a0<\/span><\/span><span class=\"CharOverride-5\">povolen\u00ed od stavebn\u00edho \u00fa\u0159adu a\u00a0v\u00a0pam\u00e1tkov\u00e9 z\u00f3n\u011b nebo rezervaci tak\u00e9 kladn\u00e9 stanovisko pam\u00e1tk\u00e1\u0159\u016f<span>\u00a0<\/span><\/span><span class=\"CharOverride-5\">a\u00a0dal\u0161\u00edch org\u00e1n\u016f, jako nap\u0159\u00edklad odboru dopravy \u010di rozvoje v\u00a0konkr\u00e9tn\u00ed m\u011bstsk\u00e9 \u010d\u00e1sti nebo Technick\u00e9 spr\u00e1vy komunikac\u00ed.<\/span><\/p>\r\n<p class=\"Z-kladn--odstavec ParaOverride-2\"><span class=\"CharOverride-5\">Kv\u016fli n\u00e1ro\u010dnosti cel\u00e9ho procesu je tak tren<\/span><span class=\"CharOverride-5\">dem posledn\u00edch let umis\u0165ovat um\u011bn\u00ed do ulic a\u00a0park\u016f na omezenou dobu. Cel\u00fd proces\u00a0<\/span><span class=\"CharOverride-5\">je<span>\u00a0<\/span><\/span><span class=\"CharOverride-5\">p\u0159eci jen trochu jednodu\u0161\u0161\u00ed a\u00a0p\u0159\u00edpadn\u011b nespokojen\u00e1 ve\u0159ejnost m\u016f\u017ee b\u00fdt chl\u00e1cholena\u00a0<\/span><span class=\"CharOverride-5\">t\u00edm, \u017ee d\u00edlo za \u010das zmiz\u00ed. P\u0159\u00edkladem mohou b\u00fdt\u00a0<\/span><span class=\"CharOverride-5\">uli\u010dn\u00ed akce typu Landscape festival, Festival m<\/span><span class=\"CharOverride-5\">3<\/span><span class=\"CharOverride-5\">\/\u00a0<\/span><span class=\"CharOverride-5\">um\u011bn\u00ed v\u00a0prostoru nebo Sculpture line, jen\u017e Sedmi\u010dku obohatil o\u00a0dva objekty. V\u00a0\u010dervenci se na prostranstv\u00ed p\u0159ed v\u00fdstupem z\u00a0metra N\u00e1dra\u017e\u00ed Hole\u0161ovice objevila \u017eelezn\u00e1 socha Jakuba Flej\u0161ara s\u00a0n\u00e1zvem Levituj\u00edc\u00ed postava, od listopadu je u\u00a0n\u00e1dra\u017e\u00ed Bubny<span>\u00a0<\/span><\/span><span class=\"CharOverride-5\">k\u00a0vid\u011bn\u00ed \u010dtrn\u00e1ctimetrov\u00e1 socha Wooden Cloud n\u011bmeck\u00e9ho socha\u0159e Martina Steinerta. Skulptura z\u00a0t\u00e9m\u011b\u0159 dvou tis\u00edc d\u0159ev\u011b<\/span><span class=\"CharOverride-5\">n\u00fdch lat\u00ed o\u00a0celkov\u00e9 hmotnosti jedn\u00e9 tuny byla na<span>\u00a0<\/span><\/span><span class=\"CharOverride-5\">m\u00edsto Pam\u00e1tn\u00edku ticha um\u00edst\u011bna u\u00a0p\u0159\u00edle\u017eitosti 80.&nbsp;v\u00fdro\u010d\u00ed potopen\u00ed lodi Patria, jej\u00ed\u017e osazenstvo tvo\u0159ily stovky \u017did\u016f prchaj\u00edc\u00edch p\u0159ed nacismem.<\/span><\/p>\r\n<p class=\"Z-kladn--odstavec ParaOverride-2\"><span class=\"CharOverride-5\">O\u00a0do\u010dasnou instalaci um\u011bleck\u00fdch objekt\u016f se sna\u017e\u00ed tak\u00e9 sedmi\u010dkov\u00e1 Trafo Gallery. Loni na ja\u0159e bylo v\u00a0are\u00e1lu Pra\u017esk\u00e9 tr\u017enice k\u00a0vid\u011bn\u00ed<span>\u00a0<\/span><\/span><span class=\"CharOverride-5\">n\u011bkolik objekt\u016f v\u00a0r\u00e1mci v\u00fdstavy Re_form: sonda do sou\u010dasn\u00e9ho \u010desk\u00e9ho socha\u0159stv\u00ed. \u201eNebyl to \u00fapln\u011b snadn\u00fd proces. Krom\u011b standardn\u00edch povolen\u00ed jsme museli z\u00edskat<span>\u00a0<\/span><\/span><span class=\"CharOverride-5\">souhlasn\u00e9 stanovisko od pam\u00e1tk\u00e1\u0159\u016f a\u00a0p\u0159ipravit projektovou dokumentaci, ve kter\u00e9 architekti spolu se statikem rozhodli, kam bude mo\u017en\u00e9 d\u00edla um\u00edstit. Nap\u0159\u00edklad se \u0159e\u0161ilo, jak budou objekty kotveny,\u201c prozradila Blanka \u010cerm\u00e1kov\u00e1, \u0159editelka Trafo Gallery. Do\u010dasn\u00e1 instalace je samoz\u0159ejm\u011b n\u00e1ro\u010dn\u00e1 i\u00a0finan\u010dn\u011b. Krom\u011b samotn\u00e9ho d\u00edla<span>\u00a0<\/span><\/span><span class=\"CharOverride-5\">a\u00a0nemal\u00fdch n\u00e1klad\u016f na jeho transport a\u00a0instalaci se plat\u00ed tak\u00e9 poji\u0161t\u011bn\u00ed. I\u00a0p\u0159esto galerie letos pl\u00e1nuje um\u011bleckou intervenci v\u00a0tr\u017enici zopakovat.<\/span><\/p>\r\n<p class=\"Z-kladn--odstavec\"><span class=\"CharOverride-1\"><strong>M\u011bsto pro um\u011bn\u00ed<\/strong><br \/>\r\n<\/span><span class=\"CharOverride-5\">Kvalitn\u00ed um\u011bn\u00ed ve ve\u0159ejn\u00e9m prostoru s\u00a0sebou p\u0159in\u00e1\u0161\u00ed nejen estetickou hodnotu, zvy\u0161uje z\u00e1jem o\u00a0danou lokalitu a\u00a0m\u016f\u017ee tak\u00e9 spoluutv\u00e1\u0159et jedine\u010dn\u00fd charakter dan\u00e9ho m\u00edsta. Rozv\u00edj\u00ed t\u00e9\u017e v\u00fdtvarn\u00e9 c\u00edt\u011bn\u00ed kolemjdouc\u00edch. To v\u0161e si uv\u011bdomuje ji\u017e n\u011bkolik let i\u00a0veden\u00ed pra\u017esk\u00e9ho magistr\u00e1tu. Po dlouh\u00e9m obdob\u00ed bezkoncep\u010dn\u00ed pr\u00e1ce s\u00a0um\u011bn\u00edm<span>\u00a0<\/span><\/span><span class=\"CharOverride-5\">v\u00a0ulic\u00edch p\u0159i\u0161lo s\u00a0vlastn\u00edm programem. Inspiraci na\u0161lo u\u00a0jin\u00fdch sv\u011btov\u00fdch metropol\u00ed, kter\u00e9 v\u011bnuj\u00ed um\u011bn\u00ed ve ve\u0159ejn\u00e9m prostoru ur\u010ditou \u010d\u00e1st investic z\u00a0nov\u00fdch stavebn\u00edch projekt\u016f. V\u00a0posledn\u00edch letech tak m\u011bsto p\u0159ipravilo Manu\u00e1l tvorby ve\u0159ejn\u00e9ho prostranstv\u00ed (2014, dodatek 2018) a\u00a0Strategii programu 2&nbsp;% na um\u011bn\u00ed (2017).<\/span><\/p>\r\n<p class=\"Z-kladn--odstavec ParaOverride-2\"><span class=\"CharOverride-5\">Konkr\u00e9tn\u00edm v\u00fdsledkem je pak program Um\u011bn\u00ed pro m\u011bsto, na kter\u00e9m spolupracuje Institut pl\u00e1nov\u00e1n\u00ed a\u00a0rozvoje hl. m. Prahy a\u00a0Galerie hl. m\u011bsta Prahy. Ta v\u00a0sou\u010dasn\u00e9 dob\u011b zpracov\u00e1v\u00e1 Katalog ve\u0159ejn\u00e9 plastiky, tedy soupis v\u0161ech pra\u017esk\u00fdch d\u011bl v\u010detn\u011b informac\u00ed o\u00a0jejich majiteli<span>\u00a0<\/span><\/span><span class=\"CharOverride-5\">a\u00a0spr\u00e1vci. Vznikla tak\u00e9 jasn\u00e1 metodika a\u00a0rozpo\u010det na po\u0159izov\u00e1n\u00ed um\u011bleck\u00fdch d\u011bl pro ve\u0159ejn\u00fd prostor. O\u00a0po\u0159\u00edzen\u00ed rozhoduje magistr\u00e1t na z\u00e1klad\u011b doporu\u010den\u00ed odborn\u00e9 komise, kter\u00e1 \u0159e\u0161\u00ed i\u00a0vhodnost d\u00edla pro vybran\u00fd prostor.<\/span><\/p>\r\n<p class=\"Z-kladn--odstavec ParaOverride-2\"><span class=\"CharOverride-5\">Program od sv\u00e9ho vzniku hospoda\u0159\u00ed s\u00a0\u010d\u00e1stkou 135 milion\u016f korun ur\u010den\u00fdch na dlouho<\/span><span class=\"CharOverride-5\">dob\u00e9 instalace. Na ty kr\u00e1tkodob\u00e9 vy\u010dlenil 10 milion\u016f korun, z\u00a0nich\u017e byl financov\u00e1n<span>\u00a0<\/span><\/span><span class=\"CharOverride-5\">t\u0159eba projekt Um\u011bn\u00ed za \u010darou, kter\u00fd p\u0159edstavil<span>\u00a0<\/span><\/span><span class=\"CharOverride-5\">fotografick\u00e9 pr\u00e1ce na pr\u00e1zdn\u00fdch reklamn\u00edch<span>\u00a0<\/span><\/span><span class=\"CharOverride-5\">ploch\u00e1ch za koleji\u0161ti ve stanic\u00edch metra.<span>\u00a0<\/span><\/span><span class=\"CharOverride-5\">Podoba nov\u00fdch stanic metra pak bude sv\u011b\u0159ena renomovan\u00fdm um\u011blc\u016fm. Pra\u017esk\u00e9 metro se tak za\u0159ad\u00ed po bok sv\u011btov\u00fdch metropol\u00ed, kde jsou podobn\u00e9 realizace, ale tak\u00e9 jednor\u00e1zov\u00e9 um\u011bleck\u00e9 intervence b\u011b\u017en\u00e9. Nejde v\u0161ak jen o\u00a0kvantitu. \u201eMno\u017estv\u00ed soch nebo pomalovan\u00fdch zd\u00ed se jist\u011b nerovn\u00e1 spole\u010densk\u00e9 osv\u00edcenosti, ale sp\u00ed\u0161e jej\u00ed velkorysosti. Obsah, pota\u017emo kvalita um\u011bn\u00ed ve ve\u0159ejn\u00e9m prostoru je to, co reflektuje spole\u010denskou \u00farove\u0148. Ve chv\u00edli, kdy je m\u011bsto schopno nab\u00eddnout oboje, st\u00e1v\u00e1 se opravdu kulturn\u011b bohat\u00fdm a\u00a0vrstevnat\u00fdm,\u201c \u0159\u00edk\u00e1 architektka pra\u017esk\u00e9ho metra Anna \u0160varc.<\/span><\/p>\r\n<p class=\"Z-kladn--odstavec\"><span class=\"CharOverride-5\">Z\u00a0dlouhodob\u00fdch projekt\u016f je za dva roky fungov\u00e1n\u00ed programu Um\u011bn\u00ed pro m\u011bsto p\u0159ipraven\u00e1 nap\u0159\u00edklad sout\u011b\u017e na pomn\u00edk \u010desk\u00e9 b\u00e1sn\u00ed\u0159ky a\u00a0p\u0159ekladatelky Ji\u0159iny Haukov\u00e9<span>\u00a0<\/span><\/span><span class=\"CharOverride-5\">a\u00a0v\u00fdtvarn\u00e9ho a\u00a0liter\u00e1rn\u00edho teoretika Jind\u0159icha Chalupeck\u00e9ho, kter\u00fd by m\u011bl st\u00e1t v\u00a0po nich pojmenovan\u00e9m vr\u0161ovick\u00e9m parku, nebo dokon\u010den\u00ed muralu v\u00a0komunitn\u00edm centru v\u00a0Praze 9. Pokud m\u00e1te n\u00e1pad a\u00a0chcete iniciovat vznik nov\u00e9ho um\u011bleck\u00e9ho d\u00edla ve sv\u00e9m okol\u00ed, m\u016f\u017eete se obr\u00e1tit pro radu na odbornou pracovn\u00ed skupinu programu Um\u011bn\u00ed pro m\u011bsto. Kdo v\u00ed, t\u0159eba budete \u00fasp\u011b\u0161n\u00ed.<\/span><\/p>\r\n<p><a href=\"https:\/\/www.praha7.cz\/umeni-v-ulicich\/hobulet_drobne_fin_luca\/\" rel=\"attachment wp-att-44486\"><img loading=\"lazy\" src=\"https:\/\/www.praha7.cz\/wp-content\/uploads\/2020\/12\/hobulet_drobne_fin_luca-1256x1000.jpg\" alt=\"\" width=\"640\" height=\"510\" class=\"alignnone size-large wp-image-44486\" srcset=\"https:\/\/www.praha7.cz\/wp-content\/uploads\/2020\/12\/hobulet_drobne_fin_luca-1256x1000.jpg 1256w, https:\/\/www.praha7.cz\/wp-content\/uploads\/2020\/12\/hobulet_drobne_fin_luca-502x400.jpg 502w, https:\/\/www.praha7.cz\/wp-content\/uploads\/2020\/12\/hobulet_drobne_fin_luca-768x612.jpg 768w\" sizes=\"(max-width: 640px) 100vw, 640px\" \/><\/a><\/p>\r\n<p class=\"Z-kladn--odstavec\"><strong><span class=\"CharOverride-1\">Zeptali jsme se n\u011bkolika m\u00edstn\u00edch\u00a0<\/span><span class=\"CharOverride-1\">na jejich obl\u00edben\u00e9 um\u011bleck\u00e9 d\u00edlo v\u00a0ulic\u00edch\u00a0<\/span><span class=\"CharOverride-1\">Sedmi\u010dky. A\u00a0jak\u00e9 je to va\u0161e? Napi\u0161te n\u00e1m na <a href=\"mailto:hobulet@praha7.cz\">hobulet@praha7.cz<\/a>.<\/span><\/strong><\/p>\r\n<hr \/>\r\n<p class=\"Z-kladn--odstavec\"><em><span class=\"CharOverride-28\">Chod\u00edm kolem vlastn\u011b ka\u017ed\u00fd den. Lete\u0148\u00e1ci to znaj\u00ed od 60.&nbsp;let, vyrostli u\u00a0toho, a\u00a0te\u010f\u00a0<\/span><span class=\"CharOverride-28\">u\u00a0toho, v\u00a0tom, skrze to a\u00a0na tom vyr\u016fstaj\u00ed jejich d\u011bti. Prol\u00e9za\u010dky! A\u00a0ne jen tak ledajak\u00e9 \u2013 ano, u\u017e v\u00edte. Eva Kmentov\u00e1, Olbram Zoubek \u2013 a\u00a0v\u00a0neposledn\u00ed \u0159ad\u011b socha\u0159 Jakub Grec, dlouholet\u00fd Olbram\u016fv asistent, kter\u00fd se zaslou\u017eil o\u00a0obnovu t\u011bchto kr\u00e1sn\u00fdch, sv\u00e9r\u00e1zn\u00fdch objekt\u016f na d\u011btsk\u00e9m h\u0159i\u0161ti Nad Kr\u00e1lovskou oborou aka na Ka\u0161t\u00e1nku. Jde ale o\u00a0um\u011bn\u00ed ve ve\u0159ejn\u00e9m prostoru? Je t\u0159eba na objekty nahl\u00ed\u017eet optikou \u0161edes\u00e1t\u00fdch let, kdy voln\u00e1 tvorba nebyla \u00fapln\u011b \u201evoln\u00e1\u201c a\u00a0mnoh\u00e1 geni\u00e1ln\u00ed v\u00fdtvarn\u00e1 d\u00edla vznikala v\u00a0kolonce d\u011bl u\u017eit\u00fdch? M\u016f\u017eeme pohled oto\u010dit a\u00a0<\/span><span class=\"CharOverride-28\">zkusit si p\u0159edstavit, jak asi na takovou \u201ezak\u00e1zku\u201c nahl\u00ed\u017eeli Eva a\u00a0Olbram, a\u00a0zapomenout na chv\u00edli na d\u011bjiny um\u011bn\u00ed. P\u0159em\u00fd\u0161leli, jak prol\u00e9za\u010dky ud\u011blat, aby se d\u011bti dosyta \u201evyblbly\u201c, aby m\u011bly d\u016fvod se sem vracet a\u00a0zkou\u0161et zdolat betonovou v\u011b\u017e jinou stranou. A\u00a0sv\u00e9zt se dol\u016f! Na\u0161t\u011bst\u00ed man\u017eel\u00e9 prol\u00e9za\u010dky vytv\u00e1\u0159eli v\u00a0dob\u011b, kdy nebyly bezpe\u010dnostn\u00ed restrikce tak \u00fazkostliv\u00e9, kdy se d\u011bti b\u011b\u017en\u011b vracely dom\u016f a\u017e po setm\u011bn\u00ed, s\u00a0oblig\u00e1tn\u00edmi kl\u00ed\u010di na krku. Jist\u011b brali v\u00a0potaz i\u00a0bezpe\u010dnost \u2013 ale hlavn\u011b se mo\u017en\u00e1 radovali, proto\u017ee na jejich prol\u00e9za\u010dce se d\u00e1 str\u00e1vit skoro cel\u00e9 odpoledne. Vyzkou\u0161ejte. A\u00a0krom\u011b toho, \u017ee jsou prol\u00e9zac\u00ed objekty slavn\u00fdch socha\u0159\u016f promy\u0161len\u00e9, jsou tak\u00e9 na\u0161t\u011bst\u00ed nepodobn\u00e9 t\u011bm oblig\u00e1tn\u00edm, p\u0159edepsan\u00fdm, v\u0161ude stejn\u00fdm. A\u00a0<\/span><\/em><span class=\"CharOverride-28\"><em>hlavn\u011b jsou kr\u00e1sn\u00e9.<\/em><br \/>\r\n<\/span><span class=\"CharOverride-5\">Kl\u00e1ra Voskovcov\u00e1, kur\u00e1torka Pam\u00e1tn\u00edku n\u00e1rodn\u00edho p\u00edsemnictv\u00ed<\/span><\/p>\r\n<p class=\"Z-kladn--odstavec\"><em><span class=\"CharOverride-28\">R\u00e1d bych upozornil na jedno mal\u00e9 nen\u00e1padn\u00e9 d\u00edlko, kter\u00e9 se nach\u00e1z\u00ed na fas\u00e1d\u011b domu ve Sl\u00e1dkov\u011b ulici. P\u00e1r metr\u016f od vchodu do Fokusu, kousek od m\u00edsta, kde se Sl\u00e1dkova k\u0159\u00ed\u017e\u00ed s\u00a0ulic\u00ed \u010cechova. Je to mal\u00e1 Pieta. Postavy jsou na\u010drtnuty barevn\u00fdmi pastely jen ve zjednodu\u0161en\u00fdch obrysech na zapomenut\u00fdch kovov\u00fdch dv\u00ed\u0159k\u00e1ch, kter\u00e1 kdysi slou\u017eila \u010demusi. St\u00e1\u0159\u00ed obr\u00e1zku st\u011b\u017e\u00ed odhadnete, dv\u00ed\u0159ka s\u00a0postavami jsou nav\u00edc lemov\u00e1na rozpraskan\u00fdm d\u0159ev\u011bn\u00fdm r\u00e1mem, v\u0161e se pozvolna rozpad\u00e1. Celek provokuje ot\u00e1zku, zda je v\u0161echno pe\u010dliv\u011b naaran\u017eov\u00e1no, nebo zda je \u201eza\u0161lost v\u011bkem\u201c dan\u00e1 st\u00e1\u0159\u00edm artefaktu. Okolo \u201esvat\u00e9ho\u201c obr\u00e1zku chod\u00edm n\u011bkolik desetilet\u00ed a\u00a0krom\u011b p\u0159irozen\u00e9ho pozvoln\u00e9ho rozpadu jsem nezaznamenal jedin\u00fd vandalsk\u00fd z\u00e1sah. Tato Pieta je kr\u00e1sn\u00fdm, velmi skromn\u00fdm vyj\u00e1d\u0159en\u00edm \u00facty, pokory, a\u00a0mo\u017en\u00e1 pr\u00e1v\u011b proto m\u00e1 n\u00e1le\u017eitou \u00factu okol\u00ed, to je kr\u00e1sn\u00e9. Je sou\u010d\u00e1st\u00ed prostoru, ulice, n\u00e1s. Je tajemn\u00e1, ale neprovokuje. Mo\u017en\u00e1 n\u00e1s i\u00a0chr\u00e1n\u00ed. Nev\u00edm<\/span><\/em><span class=\"CharOverride-5\"><em>.<\/em><br \/>\r\n<\/span><span class=\"CharOverride-5\">Tom\u00e1\u0161 Komrska, \u0159editel Z\u0160 Korunova\u010dn\u00ed<\/span><\/p>\r\n<p class=\"Z-kladn--odstavec\"><em><span class=\"CharOverride-28\">M\u00e9 obl\u00edben\u00e9 m\u00edsto s\u00a0v\u00fdtvarnou dominantou b\u00fdvala socha Diany s\u00a0jel\u00ednky v\u00a0Letensk\u00fdch sadech. Byl to p\u0159esn\u011b typ artefaktu, kter\u00fd s\u00a0m\u00edstem kongeni\u00e1ln\u011b spl\u00fdval. Dokonce si mysl\u00edm, \u017ee dvakr\u00e1t ukraden\u00e9 souso\u0161\u00ed, origin\u00e1l i\u00a0<\/span><\/em><span class=\"CharOverride-28\"><em>kopie, byl velk\u00fd omyl zlod\u011bj\u016f \u2013 na \u017e\u00e1dn\u00e9m m\u00edst\u011b nebude vypadat s\u00a0takovou gr\u00e1ci\u00ed a\u00a0jinde m\u016f\u017ee p\u016fsobit snad i\u00a0jako k\u00fd\u010d. Obecn\u011b si mysl\u00edm, \u017ee um\u011bn\u00ed pat\u0159\u00ed do prostoru i\u00a0v\u00a0netradi\u010dn\u00edch form\u00e1ch. Takov\u00fdm pokusem je i\u00a0n\u00e1\u0161 projekt Op\u0159\u00edt se v\u00a0um\u011bn\u00ed, v\u00a0r\u00e1mci n\u011bho\u017e op\u011bradla lavi\u010dek v\u00a0horn\u00ed \u010d\u00e1sti Stromovky zdob\u00ed miniaturn\u00ed obrazy.<\/em><br \/>\r\n<\/span><span class=\"CharOverride-5\">Vladim\u00edr Dr\u00e1bek, p\u0159edseda spolku Alt\u00e1n Art<\/span><\/p>\r\n<p class=\"Z-kladn--odstavec\"><em><span class=\"CharOverride-28\">Metro Vltavsk\u00e1 a\u00a0Hole\u0161ovice pro mne p\u0159edstavuj\u00ed v\u00fdjime\u010dn\u00fd um\u011bleck\u00fd sv\u011bt. Skvostn\u00e1 abstraktn\u00ed vitr\u00e1\u017e od V\u00e1clava Zaj\u00edce ve vestibulu Vltavsk\u00e9 se potk\u00e1v\u00e1 se z\u00e1kout\u00edm pln\u00fdm graffiti, a\u0165 u\u017e divok\u00e9ho, nebo toho\u00a0<\/span><span class=\"CharOverride-28\">z\u00a0akademie. S\u00a0GHMP tam te\u010f p\u0159ipravujeme prostor pro kur\u00e1torovan\u00e9 v\u00fdstavy, ale tak trochu \u010dek\u00e1me, \u017ee je z\u00e1hy n\u011bkdo p\u0159etvo\u0159\u00ed po sv\u00e9m. Na um\u011bn\u00ed v\u00a0metru m\u011b asi nejv\u00edc bav\u00ed pr\u00e1v\u011b tyto dialogy. Ka\u017ed\u00fd den v\u0161ak otev\u00edr\u00e1m dve\u0159e sv\u00e9ho domu s\u00a0pohledem na \u201emot\u00fdla\u201c. Plastika je u\u017e celopra\u017esky zn\u00e1m\u00e1 pro sv\u016fj pon\u011bkud infantiln\u00ed charakter a\u00a0v\u00a0t\u011bsn\u00e9m sousedstv\u00ed h\u0159i\u0161t\u011b vlastn\u011b v\u016fbec nep\u0159ipom\u00edn\u00e1 um\u011bn\u00ed. Mysl\u00edm, \u017ee je to opravdu \u0161koda, nejen proto, \u017ee hlavn\u00ed n\u00e1m\u011bst\u00ed doln\u00edch Hole\u0161ovic je t\u00edm diskreditovan\u00e9, ale je to tak\u00e9 nevyu\u017eit\u00e1 p\u0159\u00edle\u017eitost ho naopak pozvednout. V\u011b\u0159\u00edm, \u017ee kdy\u017e do ve\u0159ejn\u00e9ho prostoru m\u00e1 vstoupit n\u011bco dlouhodob\u00e9ho a\u00a0smyslupln\u00e9ho, tak se mus\u00ed vyb\u00edrat s\u00a0nejv\u011bt\u0161\u00ed pe\u010dlivost\u00ed a\u00a0odbornost\u00ed. V\u00a0metru si sice r\u00e1da hraju s\u00a0<\/span><\/em><span class=\"CharOverride-28\"><em>do\u010dasn\u00fdmi instalacemi, kter\u00e9 o\u017eiv\u00ed, upozorn\u00ed nebo pobav\u00ed, ale pokud se jedn\u00e1 o\u00a0vznik n\u011b\u010deho st\u00e1l\u00e9ho, tak jedin\u011b s\u00a0pomoc\u00ed profesion\u00e1ln\u00ed v\u00fdtvarn\u00e9 sout\u011b\u017ee se skv\u011blou porotou. Za smysluplnou a\u00a0ve ve\u0159ejn\u00e9m prostoru zda\u0159ile usazenou plastiku pova\u017euju metronom. Bav\u00ed mne tak\u00e9 d\u00e1ma na improvizovan\u00e9m leh\u00e1tku p\u0159ed b\u00fdval\u00fdm Parkhotelem. Kr\u00e1sn\u00e1 jsou i\u00a0domovn\u00ed znamen\u00ed na Ortenov\u011b n\u00e1m\u011bst\u00ed a\u00a0nov\u011b opraven\u00e9 pumpy, kter\u00e9 jsou takov\u00fdm funk\u010dn\u00edm estetick\u00fdm dopl\u0148kem ve\u0159ejn\u00e9ho prostoru.<\/em><br \/>\r\n<\/span><span class=\"CharOverride-5\">Anna \u0160varc, architektka pra\u017esk\u00e9ho metra<\/span><\/p>\r\n<p class=\"Z-kladn--odstavec\"><em><span class=\"CharOverride-28\">V\u00a0Hole\u0161ovic\u00edch m\u00e1m hned n\u011bkolik obl\u00edben\u00fdch d\u011bl a\u00a0m\u00edst, kter\u00e9 ka\u017edodenn\u011b m\u00edj\u00edm a\u00a0se kter\u00fdmi vedu nekon\u010d\u00edc\u00ed dialog. Upozorn\u00edm ale na jedno nen\u00e1padn\u00e9. Jde o\u00a0<\/span><\/em><span class=\"CharOverride-28\"><em>kamenn\u00fd podstavec, na n\u011bm\u017e u\u017e vlastn\u011b \u017e\u00e1dn\u00e9 d\u00edlo nestoj\u00ed. Tvo\u0159\u00ed ho n\u011bkolik sch\u016fdk\u016f a\u00a0kdysi na n\u011bm st\u00e1la kovov\u00e1 socha Julia Fu\u010d\u00edka, jeho\u017e jm\u00e9no nesl v\u00fdstavn\u00ed are\u00e1l i\u00a0park. Po Fu\u010d\u00edkov\u011b odstran\u011bn\u00e9 so\u0161e, jej\u00edm\u017e autorem byl socha\u0159 Miloslav \u0160onka, nemus\u00edme tesknit. Kdyby n\u011bkomu sch\u00e1zela, m\u016f\u017ee si zajet na Ol\u0161ansk\u00e9 h\u0159bitovy, kam byla p\u0159enesena. Pr\u00e1zdn\u00fd podstavec nen\u00ed v\u00a0prost\u0159ed\u00ed Prahy&nbsp;7 ni\u010d\u00edm mimo\u0159\u00e1dn\u00fdm, ale stejn\u011b jako u\u00a0\u201eStalina\u201c i\u00a0tady m\u011b bav\u00ed sledovat, jak se funkce podstavce prom\u011b\u0148uje, jak z\u00edsk\u00e1v\u00e1 st\u00e1le novou podobu a\u00a0neomyln\u011b reaguje na prom\u011bny doby. Z\u00a0podstavce je socha. Socha prom\u011b\u0148uj\u00edc\u00edho se \u010dasu.<\/em><br \/>\r\n<\/span><span class=\"CharOverride-5\">Ond\u0159ej Hor\u00e1k (Fuczik), platforma M\u00e1\u0161 um\u011bleck\u00e9 st\u0159evo?<\/span><\/p>\r\n<hr \/>\r\n<p class=\"Z-kladn--odstavec\"><span class=\"CharOverride-1\">Vydejte se s\u00a0n\u00e1mi na mal\u00fd v\u00fdlet po zaj\u00edmav\u00fdch d\u00edlech Prahy&nbsp;7.<\/span><\/p>\r\n<p class=\"Z-kladn--odstavec\"><strong><span class=\"CharOverride-1\">Keramick\u00e1 mozaika \u2014 Zden\u011bk S\u00fdkora<br \/>\r\n<\/span><\/strong><span class=\"CharOverride-5\">Mo\u017en\u00e1 jste si tohoto d\u00edla nikdy nev\u0161imli, p\u0159esto\u017ee jej cestou do Letensk\u00fdch sad\u016f m\u00edj\u00edte ka\u017ed\u00fd den. Jde o\u00a0keramickou mozaiku Zde\u0148ka S\u00fdkory, je\u017e zdob\u00ed \u010dty\u0159i odv\u011btr\u00e1vac\u00ed kom\u00edny Letensk\u00e9ho tunelu. Mozaika vznikla v\u00a0letech 1967\u20131969 v\u00a0<\/span><span class=\"CharOverride-5\">n\u00e1rodn\u00edm podniku Sklen\u011bn\u00e1 bi\u017euterie v\u00a0Jablonci nad Nisou a\u00a0na kom\u00ednech je vyskl\u00e1d\u00e1no celkem 1&nbsp;200&nbsp;000 kam\u00ednk\u016f o\u00a0celkov\u00e9 v\u00e1ze p\u011bti tun. P\u0159i realizaci d\u00edla nastala \u0159ada probl\u00e9m\u016f \u2013 nap\u0159\u00edklad se ztratil cel\u00fd jeden n\u00e1klad \u010dtverc\u016f, a\u00a0tak se muselo slo\u017eit\u011b dohled\u00e1vat, jak\u00e1 \u010d\u00e1st mozaiky chyb\u00ed. Struktura mozaiky byla toti\u017e ur\u010dena pomoc\u00ed po\u010d\u00edta\u010dov\u00e9 grafiky. S\u00fdkora si nechal vygenerovat kombinace \u010d\u00edsel, kter\u00e9 p\u0159i\u0159azovaly jednotliv\u00fdm \u010dernob\u00edl\u00fdm obrazc\u016fm p\u0159esn\u00e9 pozice. Rastr mozaiky tak\u00e9 odhalil nerovnosti kom\u00edn\u016f a\u00a0n\u011bkter\u00e9 z\u00a0nich se tak musely znovu vyzd\u00edvat. S\u00fdkora je p\u0159edstavitelem \u010desk\u00e9ho pov\u00e1le\u010dn\u00e9ho konstruktivismu a\u00a0tak\u00e9 pr\u016fkopn\u00edkem na\u0161eho po\u010d\u00edta\u010dov\u00e9ho um\u011bn\u00ed.<br \/>\r\nPo v\u00e1lce studoval na Vysok\u00e9 \u0161kole architektury v\u00fdtvarnou v\u00fdchovu a\u00a0deskriptivn\u00ed geometrii. Ve spolupr\u00e1ci s\u00a0architektem Josefem Kalesem vytvo\u0159il v\u00a0<\/span><span class=\"CharOverride-5\">60.&nbsp;letech tak\u00e9 obklad st\u011bny v\u00a0pas\u00e1\u017ei u\u00a0v\u00fdchodu z\u00a0metra v\u00a0Jind\u0159i\u0161sk\u00e9 ulici. Mal\u00ed\u0159 Cyril Bouda v\u00a0jednom ze sv\u00fdch dopis\u016f Zde\u0148ku S\u00fdkorovi napsal: \u201e\u2026 kdykoli jdu Jind\u0159i\u0161skou ulic\u00ed nebo na Letn\u00e9, v\u017edy se zal\u00edben\u00edm prohl\u00ed\u017e\u00edm Tvoje kachl\u00ed\u010dky, \u0161koda, \u017ee Ti nedali ud\u011blat n\u011bco pro metro.\u201c V\u00a0roce 2003 byla letensk\u00e1 mozaika jako jedna z\u00a0m\u00e1la realizac\u00ed ve ve\u0159ejn\u00e9m prostoru prohl\u00e1\u0161ena Ministerstvem kultury \u010cR za kulturn\u00ed pam\u00e1tku.<\/span><\/p>\r\n<p class=\"Z-kladn--odstavec\"><span class=\"CharOverride-1\"><strong>Hokejista \u2014 Zden\u011bk N\u011bme\u010dek<\/strong><br \/>\r\n<\/span><span class=\"CharOverride-5\">Bylo pozdn\u00ed \u00fanorov\u00e9 odpoledne roku 1969. Za socha\u0159em Zde\u0148kem N\u011bme\u010dkem za\u0161el do<span>\u00a0<\/span><\/span><span class=\"CharOverride-5\">jeho pra\u017esk\u00e9ho ateli\u00e9ru na Libe\u0148sk\u00e9m ostrov\u011b<span>\u00a0<\/span><\/span><span class=\"CharOverride-5\">spisovatel Ota Pavel. Pro t\u00fdden\u00edk G\u00f3l pak napsal report\u00e1\u017e, kterou nazval P\u00e1n se Zlatou hokejkou. \u201eBude to so\u0161ka pravideln\u011b ud\u011blovan\u00e1 \u2013 v\u00a0mal\u00e9m nejlep\u0161\u00edmu hokejistovi roku \u2013 a\u00a0ve velk\u00e9m bude st\u00e1t p\u0159ed Sportovn\u00ed halou,\u201c prozradil v\u00a0<\/span><span class=\"CharOverride-5\">report\u00e1\u017ei. Ne\u017e se zrodila Zlat\u00e1 hokejka, vytvo\u0159il Zden\u011bk N\u011bme\u010dek b\u011bhem n\u011bkolika m\u011bs\u00edc\u016f p\u011bt r\u016fzn\u00fdch skulptur. Ta posledn\u00ed se mu zd\u00e1la nejlep\u0161\u00ed. Hr\u00e1\u010d pr\u00e1v\u011b vst\u0159elil g\u00f3l, m\u00e1 pootev\u0159en\u00e1 \u00fasta, jak k\u0159i\u010d\u00ed radost\u00ed, a\u00a0chyst\u00e1 se zvednout ruce k\u00a0nebi. H\u016fl dr\u017e\u00ed vzty\u010denou kolmo vzh\u016fru jako prapor. Bronzov\u00e1 plastika hokejisty na vysok\u00e9m podstavci byla p\u0159ed zimn\u00ed stadion pra\u017esk\u00e9 Sparty v\u00a0Hole\u0161ovic\u00edch osazena a\u017e v\u00a0roce 1985, p\u0159esto\u017ee jej\u00ed zmen\u0161enou variantu v\u00a0podob\u011b so\u0161ky z\u00edsk\u00e1vaj\u00ed nejlep\u0161\u00ed \u010de\u0161t\u00ed hokejist\u00e9 v\u00a0anket\u011b Zlat\u00e1 hokejka u\u017e od roku 1969. N\u011bkolik dal\u0161\u00edch N\u011bme\u010dkov\u00fdch plastik najdete p\u0159ed jeho n\u011bkdej\u0161\u00edm ateli\u00e9rem v\u00a0sousedn\u00ed Libni, kde se dnes nach\u00e1z\u00ed design\u00e9rsk\u00e9 studio Olgoj Chorchoj, jeho\u017e zakladatelem je socha\u0159\u016fv syn Jan N\u011bme\u010dek.<\/span><\/p>\r\n<p><a href=\"https:\/\/www.praha7.cz\/umeni-v-ulicich\/hobulet_kohejista_fin_luca\/\" rel=\"attachment wp-att-44484\"><img loading=\"lazy\" src=\"https:\/\/www.praha7.cz\/wp-content\/uploads\/2020\/12\/hobulet_kohejista_fin_luca-726x1000.jpg\" alt=\"\" width=\"640\" height=\"882\" class=\"alignnone size-large wp-image-44484\" srcset=\"https:\/\/www.praha7.cz\/wp-content\/uploads\/2020\/12\/hobulet_kohejista_fin_luca-726x1000.jpg 726w, https:\/\/www.praha7.cz\/wp-content\/uploads\/2020\/12\/hobulet_kohejista_fin_luca-290x400.jpg 290w, https:\/\/www.praha7.cz\/wp-content\/uploads\/2020\/12\/hobulet_kohejista_fin_luca-768x1058.jpg 768w, https:\/\/www.praha7.cz\/wp-content\/uploads\/2020\/12\/hobulet_kohejista_fin_luca.jpg 1294w\" sizes=\"(max-width: 640px) 100vw, 640px\" \/><\/a><\/p>\r\n<p class=\"Z-kladn--odstavec\"><span class=\"CharOverride-1\"><strong>Sgrafita \u2014 Karel Svolinsk\u00fd<\/strong><br \/>\r\n<\/span><span class=\"CharOverride-5\">Autorem \u010dty\u0159 rozm\u011brn\u00fdch sgrafit um\u00edst\u011bn\u00fdch v\u00a0prostoru hlavn\u00edho vchodu do budovy Pr\u016fmyslov\u00e9ho pal\u00e1ce je Karel Svolinsk\u00fd. Autor je vytvo\u0159il na za\u010d\u00e1tku 50.&nbsp;let, kdy are\u00e1l V\u00fdstavi\u0161t\u011b p\u0159ejmenovan\u00fd na Park kultury a\u00a0oddechu Julia Fu\u010d\u00edka proch\u00e1zel v\u00fdznamn\u00fdmi architektonick\u00fdmi zm\u011bnami. Mezi n\u011b pat\u0159ila tak\u00e9 p\u0159\u00edstavba vstupn\u00ed haly v\u00a0<\/span><span class=\"CharOverride-5\">duchu socialistick\u00e9ho realismu, kter\u00e1 doplnila pr\u00e1v\u011b Svolinsk\u00e9ho sgrafita s\u00a0n\u00e1m\u011bty lidov\u00fdch tanc\u016f. Svolinsk\u00fd byl um\u011blec se \u0161irok\u00fdm z\u00e1b\u011brem, v\u011bnoval se grafice, typografii, malb\u011b, ilustraci nebo t\u0159eba n\u00e1vrh\u016fm vitr\u00e1\u017e\u00ed. Jeho nejzn\u00e1m\u011bj\u0161\u00ed realizac\u00ed je v\u0161ak nekompromisn\u00ed rekonstrukce olomouck\u00e9ho orloje (1955) op\u011bt v\u00a0duchu socialistick\u00e9ho realismu. Sgrafita na V\u00fdstavi\u0161ti byla v\u00a0polovin\u011b 70.&nbsp;let restaurov\u00e1na, v\u00a0sou\u010dasn\u00e9 dob\u011b u\u017e v\u0161ak znovu jev\u00ed zn\u00e1mky po\u0161kozen\u00ed.<\/span><\/p>\r\n<p class=\"Z-kladn--odstavec\"><span class=\"CharOverride-1\"><strong>\u0158eka \u2014 Josef Klime\u0161<\/strong><br \/>\r\n<\/span><span class=\"CharOverride-5\">V\u00a0hluch\u00e9m prostoru mezi autobusovou zast\u00e1vkou a\u00a0budovou metra N\u00e1dra\u017e\u00ed Hole\u0161ovice najdete skupinu mramorov\u00fdch objekt\u016f s\u00a0n\u00e1zvem \u0158eka od socha\u0159e Josefa Klime\u0161e z\u00a0roku 1984. Plastika je tvo\u0159en\u00e1 organick\u00fdm tvarem rozp\u016flen\u00e9ho vejce, z\u00a0<\/span><span class=\"CharOverride-5\">kter\u00e9ho p\u016fvodn\u011b vyt\u00e9kal dvoj\u00ed pramen vody, jej\u00ed\u017e hladina se dr\u017eela v\u00a0m\u011blk\u00e9m \u017elabu. Klime\u0161 je tak\u00e9 autorem betonov\u00e9ho reli\u00e9fu pr\u016f\u010del\u00ed administrativn\u00ed budovy Rosmarin v\u00a0D\u011blnick\u00e9 ulici, v\u00a0n\u011bm\u017e vlnovka kop\u00edruje tok \u0159eky Vltavy. Pro \u010deskoslovensk\u00fd pavilon v\u00a0r\u00e1mci sv\u011btov\u00e9 v\u00fdstavy Expo 58 v\u00a0Bruselu tak\u00e9 navrhl kovovou plastiku, za kterou z\u00edskal presti\u017en\u00ed ocen\u011bn\u00ed Grand Prix. Kdy\u017e v\u00a0roce 1990 zav\u00edtal poprv\u00e9 do Prahy pape\u017e Jan Pavel\u00a0II., obdr\u017eel jako dar pr\u00e1v\u011b jednu z\u00a0Klim\u0161ov\u00fdch bronzov\u00fdch soch \u2013 Poh\u00e1r.<\/span><\/p>\r\n<p class=\"Z-kladn--odstavec\"><span class=\"CharOverride-1\"><strong>Vltava \u2014 Jan Fi\u0161ar a\u00a0V\u00e1clav Zaj\u00edc<\/strong><br \/>\r\n<\/span><span class=\"CharOverride-5\">Plastick\u00e1 sklen\u011bn\u00e1 kruhov\u00e1 vitr\u00e1\u017e zdob\u00ed vestibul stanice metra Vltavsk\u00e1 od roku 1984. Reli\u00e9f dynamicky zachycuj\u00edc\u00ed tok Vltavy vytvo\u0159il socha\u0159 Jan Fi\u0161ar spole\u010dn\u011b se skl\u00e1\u0159sk\u00fdm v\u00fdtvarn\u00edkem V\u00e1clavem Zaj\u00edcem. Od 90.&nbsp;let byla vitr\u00e1\u017e pravideln\u011b posprejovan\u00e1 a\u00a0<\/span><span class=\"CharOverride-5\">v\u00a0roce 2008 byla p\u0159i leg\u00e1ln\u00ed graffiti akci s\u00a0podporou Dopravn\u00edho podniku a\u00a0Magistr\u00e1tu hl. m\u011bsta Prahy dokonce zcela p\u0159emalov\u00e1na. V\u00a0roce 2014 za\u010dal Petr Zeman, zakladatel iniciativy Pr\u00e1zdn\u00e9 domy, spole\u010dn\u011b s\u00a0dobrovoln\u00edky barvu ze sklen\u011bn\u00e9 plastiky se\u0161krab\u00e1vat a\u00a0b\u011bhem sedmi setk\u00e1n\u00ed s\u00a0n\u00e1zvem \u0160kr\u00e1b\u00e1n\u00edm za kulturn\u011bj\u0161\u00ed sou\u010dasnost se poda\u0159ilo sklo zcela vy\u010distit. N\u011bkolik sklen\u011bn\u00fdch plastik, ze kter\u00fdch je vitr\u00e1\u017e slo\u017eena, v\u0161ak bylo rozbit\u00fdch. Zeman se proto spojil s\u00a0autory, kte\u0159\u00ed mu vyj\u00e1d\u0159ili podporu, a\u00a0Jan Fi\u0161ar plastiku nakonec doplnil i\u00a0p\u016fvodn\u00edmi cihli\u010dkami.<span>\u00a0<\/span><\/span><span class=\"CharOverride-5\">V\u00a0dob\u011b jej\u00edho vzniku se jich toti\u017e vyrobilo v\u00edce a\u00a0shodou okolnost\u00ed m\u011bl n\u011bkter\u00e9 z\u00a0nich po celou dobu doma.<\/span><\/p>\r\n<p class=\"Z-kladn--odstavec\"><span class=\"CharOverride-1\"><strong>Br\u00e1na nen\u00e1vratna \u2014 Ale\u0161 Vesel\u00fd<\/strong><br \/>\r\n<\/span><span class=\"CharOverride-5\">Objekt Br\u00e1na nen\u00e1vratna socha\u0159e Ale\u0161e Vesel\u00e9ho byl vzty\u010den 9.\u00a0b\u0159ezna\u00a02015 u\u00a0\u017eelezni\u010dn\u00edho n\u00e1dra\u017e\u00ed Bubny v\u00a0m\u00edstech pl\u00e1novan\u00e9ho Pam\u00e1tn\u00edku ticha, odkud bylo za druh\u00e9 sv\u011btov\u00e9 v\u00e1lky deportov\u00e1no 50&nbsp;000 \u017eidovsk\u00fdch ob\u010dan\u016f \u010ceskoslovenska do ghett v\u00a0Lod\u017ei a\u00a0Terez\u00edn\u011b. Odhalen\u00ed pomn\u00edku bylo p\u0159ipom\u00ednkou noci z\u00a08.&nbsp;na 9.\u00a0b\u0159ezna\u00a01944, kdy v\u00a0plynov\u00fdch komor\u00e1ch v\u00a0Osv\u011btimi zahynulo t\u00e9m\u011b\u0159 4000 d\u011bt\u00ed, \u017een<span>\u00a0<\/span><\/span><span class=\"CharOverride-5\">a\u00a0mu\u017e\u016f z\u00a0terez\u00ednsk\u00e9ho ghetta. Po tat\u00ednkovi byl Vesel\u00fd polovi\u010dn\u00ed \u017did, a\u00a0proto nesm\u011bl za v\u00e1lky chodit do \u0161koly. Doma ho u\u010dil d\u011bde\u010dek, kter\u00fd byl p\u016fvodn\u011b u\u010ditel. Od \u0161esti let nav\u00edc musel viditeln\u011b nosit na\u0161itou \u017elutou hv\u011bzdu. Do transport\u016f za v\u00e1lky museli mezi dal\u0161\u00edmi odej\u00edt i\u00a0jeho otec a\u00a0\u010dtrn\u00e1ctilet\u00e1 sestra, v\u00a0koncentra\u010dn\u00edch t\u00e1borech zahynulo 42 jeho nejbli\u017e\u0161\u00edch p\u0159\u00edbuzn\u00fdch. Pam\u00e1tn\u00edk, konstruovan\u00fd jako br\u00e1na k\u00a0nebes\u016fm, je vytvo\u0159en vzty\u010den\u00fdmi dvacetimetrov\u00fdmi \u017eelezni\u010dn\u00edmi kolejemi spojen\u00fdmi 36 pra\u017eci a\u00a0podep\u0159en\u00fdmi 12 vzp\u011brami. Inspirac\u00ed byl J\u00e1kob\u016fv \u017eeb\u0159\u00edk z\u00a0biblick\u00e9ho textu z\u00a028.&nbsp;kapitoly knihy Genesis, ve kter\u00e9m je ps\u00e1no, \u017ee J\u00e1kob m\u011bl sen,<span>\u00a0<\/span><\/span><span class=\"CharOverride-5\">v\u00a0n\u011bm\u017e vid\u011bl \u017eeb\u0159\u00edk spojuj\u00edc\u00ed zemi s\u00a0nebesy, po n\u011bm\u017e sestupovali a\u00a0vystupovali poslov\u00e9 Bo\u017e\u00ed. Ale\u0161 Vesel\u00fd (1935\u20132015) pro\u017eil \u010d\u00e1st \u017eivota ve Veletr\u017en\u00ed 29 a\u00a0jeho d\u00edla jsou dnes zastoupena v\u00a0\u0159ad\u011b sv\u011btov\u00fdch um\u011bleck\u00fdch instituc\u00ed, jako je Solomon Guggenheim Museum v\u00a0New Yorku, pa\u0159\u00ed\u017esk\u00e9 Centre Pompidou, n\u011bmeck\u00e9 Museum Bochum, Sculpture Collection v\u00a0Olympijsk\u00e9m parku v\u00a0Soulu, a\u00a0mnoha dal\u0161\u00edch.<\/span><\/p>\r\n<p class=\"Z-kladn--odstavec\"><span class=\"CharOverride-1\"><strong>Pr\u00e1ce a\u00a0Humanita \u2014 Jan \u0160tursa<\/strong><br \/>\r\n<\/span><span class=\"CharOverride-5\">Alegorick\u00e1 souso\u0161\u00ed Pr\u00e1ce<span>\u00a0<\/span><\/span><span class=\"CharOverride-5\">a\u00a0Humanita, proveden\u00e1 v\u00a0letech 1911\u20131913 z\u00a0tvrd\u00e9ho boh\u00e1\u0148sk\u00e9ho p\u00edskovce, vytvo\u0159il pro p\u0159edmost\u00ed Hl\u00e1vkova mostu socha\u0159 Jan \u0160tursa ve spolupr\u00e1ci s\u00a0Otakarem Velinsk\u00fdm a\u00a0Franti\u0161kem \u0158eho\u0159em. Ka\u017ed\u00e9 souso\u0161\u00ed se skl\u00e1d\u00e1 z\u00a0dvan\u00e1cti d\u00edl\u016f, kter\u00e9 dohromady v\u00e1\u017e\u00ed \u0161estn\u00e1ct tun. Souso\u0161\u00ed byla p\u016fvodn\u011b um\u00edst\u011bna na \u017el\u00e1bkovan\u00fdch v\u00fdb\u011br\u010d\u00edch budk\u00e1ch, nebo\u0165 v\u00a0t\u00e9 dob\u011b se na mostech je\u0161t\u011b vyb\u00edralo m\u00fdtn\u00e9. Dnes stoj\u00ed na betonov\u00fdch podstavc\u00edch. Po rekonstrukci mostu byla vzd\u00e1lenost mezi nimi zv\u011bt\u0161ena z\u00a0p\u016fvodn\u00edch 22 metr\u016f na dne\u0161n\u00edch 84. Souso\u0161\u00ed Pr\u00e1ce tvo\u0159\u00ed trojice akt\u016f mu\u017e\u016f r\u016fzn\u00e9ho v\u011bku s\u00a0pracovn\u00edmi n\u00e1stroji a\u00a0jeden \u017eensk\u00fd akt. Ve tv\u00e1\u0159i mu\u017ee<span>\u00a0<\/span><\/span><span class=\"CharOverride-5\">s\u00a0kamenick\u00fdm kladivem je spat\u0159ov\u00e1n \u0160turs\u016fv autoportr\u00e9t. Souso\u0161\u00ed Humanita je skupinou dvou \u017een a\u00a0dvou mu\u017e\u016f. \u0160tursa se p\u0159i koncepci jednotliv\u00fdch postav uch\u00fdlil ke vzor\u016fm klasick\u00fdch alegori\u00ed. Mu\u017e se svitkem od\u011bn\u00fd v\u00a0t\u00f3ze symbolizuje mecen\u00e1\u0161stv\u00ed a\u00a0odkazuje na osobnost Josefa Hl\u00e1vky, po kter\u00e9m byl most pojmenov\u00e1n. Sed\u00edc\u00ed spoutan\u00fd mu\u017e je z\u0159ejm\u011b zpodobn\u011bn\u00edm Prom\u00e9thea, \u017eena s\u00a0d\u00edt\u011btem symbolizuje Charitas, tedy l\u00e1sku, a\u00a0dal\u0161\u00ed \u017eensk\u00fd akt byl z\u0159ejm\u011b inspirov\u00e1n t\u011bly antick\u00fdch Venu\u0161\u00ed.<\/span><\/p>\r\n<p><a href=\"https:\/\/www.praha7.cz\/umeni-v-ulicich\/hobulet_most_fin_luca\/\" rel=\"attachment wp-att-44485\"><img loading=\"lazy\" src=\"https:\/\/www.praha7.cz\/wp-content\/uploads\/2020\/12\/hobulet_most_fin_luca-726x1000.jpg\" alt=\"\" width=\"640\" height=\"882\" class=\"alignnone size-large wp-image-44485\" srcset=\"https:\/\/www.praha7.cz\/wp-content\/uploads\/2020\/12\/hobulet_most_fin_luca-726x1000.jpg 726w, https:\/\/www.praha7.cz\/wp-content\/uploads\/2020\/12\/hobulet_most_fin_luca-290x400.jpg 290w, https:\/\/www.praha7.cz\/wp-content\/uploads\/2020\/12\/hobulet_most_fin_luca-768x1058.jpg 768w, https:\/\/www.praha7.cz\/wp-content\/uploads\/2020\/12\/hobulet_most_fin_luca.jpg 1291w\" sizes=\"(max-width: 640px) 100vw, 640px\" \/><\/a><\/p>\r\n<p class=\"Z-kladn--odstavec\"><span class=\"CharOverride-1\"><strong>Bike to Heaven \u2014 Kri\u0161tof Kintera<\/strong><br \/>\r\n<\/span><span class=\"CharOverride-5\">Bike to Heaven (Kolo do nebe) vytvo\u0159il v\u00a0roce 2013 um\u011blec Kri\u0161tof Kintera na pam\u00e1tku jednoho ze zakladatel\u016f iniciativy Auto*Mat a\u00a0propag\u00e1tora m\u011bstsk\u00e9 cyklistiky Jana Bouchala, jen\u017e na k\u0159i\u017eovatce na n\u00e1b\u0159e\u017e\u00ed Kpt. Jaro\u0161e tragicky zem\u0159el p\u0159i autonehod\u011b. Pomn\u00edk, kter\u00fd je vzpom\u00ednkou i\u00a0na v\u0161echny dal\u0161\u00ed cyklisty, kte\u0159\u00ed zahynuli v\u00a0pra\u017esk\u00fdch ulic\u00edch, m\u00e1 podobu post\u0159\u00edb\u0159en\u00e9 pouli\u010dn\u00ed lampy<span>\u00a0<\/span><\/span><span class=\"CharOverride-5\">s\u00a0oto\u010dn\u00fdmi reflektory, v\u00a0jej\u00ed\u017e horn\u00ed \u010d\u00e1sti rotuje j\u00edzdn\u00ed kolo m\u00ed\u0159\u00edc\u00ed k\u00a0nebi. Vr\u0161ek lampy se v\u00a0siln\u011bj\u0161\u00edm v\u011btru pomalu ot\u00e1\u010d\u00ed, stejn\u011b jako kolo. Sout\u011b\u017ee na realizaci d\u00edla se z\u00fa\u010dastnilo \u0161estn\u00e1ct autor\u016f. Vybr\u00e1n byl nejprve n\u00e1vrh Davida \u010cern\u00e9ho, jeho\u017e bronzov\u00fd reli\u00e9f sra\u017een\u00e9ho cyklisty m\u011bl b\u00fdt um\u00edst\u011bn do vozovky, p\u0159\u00edmo na m\u00edsto nehody, a\u00a0slou\u017eit zde jako retard\u00e9r. P\u0159\u00edslu\u0161n\u00e9 org\u00e1ny v\u0161ak \u010cern\u00e9ho z\u00e1m\u011br z\u00a0bezpe\u010dnostn\u00edch d\u016fvod\u016f zam\u00edtly. Realizov\u00e1n byl Kinter\u016fv n\u00e1vrh, kter\u00fd skon\u010dil na druh\u00e9m m\u00edst\u011b. V\u011bt\u0161inu financ\u00ed na realizaci z\u00edskal Auto*Mat darem, dal\u0161\u00ed \u010d\u00e1st p\u0159inesla ve\u0159ejn\u00e1 sb\u00edrka. Kintera pracoval bez n\u00e1roku na honor\u00e1\u0159. Bike to Heaven nen\u00ed Kinterova prvn\u00ed monument\u00e1ln\u00ed realizace v\u00a0Praze. V\u00a0roce 2011 byl pod Nuselsk\u00fdm mostem odhalen jeho pam\u00e1tn\u00edk sebevrah\u016f, kter\u00fd m\u00e1 podobu lampy oto\u010den\u00e9 k\u00a0nebes\u016fm.<\/span><\/p>\r\n<p class=\"Z-kladn--odstavec\"><strong><span class=\"CharOverride-1\">V\u011btrac\u00ed kom\u00edn tunelu Blanka \u2014 Federico D\u00edaz<br \/>\r\n<\/span><\/strong><span class=\"CharOverride-5\">Ob\u0159\u00ed v\u00fddech tunelu Blanka nedaleko stadionu Sparta prom\u011bnil \u010desko-argentinsk\u00fd v\u00fdtvarn\u00edk<span>\u00a0<\/span><\/span><span class=\"CharOverride-5\">Federico D\u00edaz a\u00a0jeho t\u00fdm<span>\u00a0<\/span><\/span><span class=\"CharOverride-5\">v\u00a0um\u011bleck\u00e9 d\u00edlo<span>\u00a0<\/span><\/span><span class=\"CharOverride-5\">opl\u00e1\u0161t\u011bn\u00e9 deskami s\u00a0plastick\u00fdmi heraldick\u00fdmi motivy. Reli\u00e9f byl vytvo\u0159en naprogramovan\u00fdm<span>\u00a0<\/span><\/span><span class=\"CharOverride-5\">robotick\u00fdm ramenem. D\u00edlo se skl\u00e1d\u00e1 ze 176 um\u011blecky opracovan\u00fdch desek o\u00a0rozm\u011brech 130 \u00d7 235 centimetr\u016f, z\u00a0nich\u017e ka\u017ed\u00e1 je unik\u00e1tn\u00ed. V\u00fddech tunelu Blanka toti\u017e necitliv\u011b zas\u00e1hl do obytn\u00e9 \u010d\u00e1sti Sedmi\u010dky. Mezi m\u00edstn\u00edmi proto vzniklo ob\u010dansk\u00e9 sdru\u017een\u00ed, za n\u00edm\u017e<span>\u00a0<\/span><\/span><span class=\"CharOverride-5\">stoj\u00ed mimo jin\u00e9 architekt Zden\u011bk Luke\u0161, kter\u00e9<span>\u00a0<\/span><\/span><span class=\"CharOverride-5\">vypsalo sout\u011b\u017e na v\u00fdtvarn\u00e9 pojet\u00ed v\u00fddechu a\u00a0domluvilo se staviteli tunelu realizaci. Ta prob\u011bhla v\u00a0letech 2018\u20132020.<\/span><\/p>\r\n<hr \/>\r\n<p class=\"Z-kladn--odstavec\"><strong><span class=\"CharOverride-5\">A\u00a0to samoz\u0159ejm\u011b nen\u00ed v\u0161e. Sedmi\u010dku zdob\u00ed cel\u00e1 \u0159ada dal\u0161\u00edch artefakt\u016f. Jejich\u00a0<\/span><span class=\"CharOverride-5\">p\u0159ehled v\u00a0podob\u011b mapy, popisk\u016f a\u00a0fotografi\u00ed\u00a0<\/span><span class=\"CharOverride-5\">najdete na <a href=\"http:\/\/www.praha7.cz\/umeni-ve-verejnem-prostoru\">www.praha7.cz\/umeni-ve-verejnem<\/a><\/span><span class=\"CharOverride-5\">-prostoru.\u00a0<\/span><\/strong><span class=\"CharOverride-5\"><strong>P\u0159ehl\u00e9dli jsme n\u011bco? Napi\u0161te n\u00e1m na <a href=\"mailto:hobulet@praha7.cz\">hobulet@praha7.cz<\/a>.<\/strong><span>\u00a0<\/span><\/span><\/p>","protected":false},"excerpt":{"rendered":"[perex] Pandemie na n\u011bkolik m\u011bs\u00edc\u016f uzav\u0159ela muzea i\u00a0galerie a\u00a0mnoh\u00e9 v\u00fdstavy se p\u0159esunuly do online prostoru. Kvalitn\u00ed um\u011bleck\u00e1 d\u00edla ale m\u016f\u017eete obdivovat t\u0159eba cestou do pr\u00e1ce. T\u0159eba v\u00e1s samotn\u00e9\u00a0p\u0159ekvap\u00ed, kolik takov\u00fdch d\u011bl n\u00e1s obklopuje. Co o\u00a0nich mo\u017en\u00e1 nev\u00edte a\u00a0jak se vlastn\u011b sochy do na\u0161ich ulic dostanou? V&nbsp;r\u00e1mci \u010dl\u00e1nku jsme p\u0159ipravili tak\u00e9\u00a0p\u0159ehled um\u011bn\u00ed na Sedmi\u010dce\u00a0v\u00a0podob\u011b mapy, [&hellip;]","protected":false},"author":76,"featured_media":44483,"comment_status":"closed","ping_status":"open","sticky":false,"template":"","format":"standard","meta":[],"categories":[34,37],"tags":[],"_links":{"self":[{"href":"https:\/\/www.praha7.cz\/api\/wp\/v2\/posts\/44482"}],"collection":[{"href":"https:\/\/www.praha7.cz\/api\/wp\/v2\/posts"}],"about":[{"href":"https:\/\/www.praha7.cz\/api\/wp\/v2\/types\/post"}],"author":[{"embeddable":true,"href":"https:\/\/www.praha7.cz\/api\/wp\/v2\/users\/76"}],"replies":[{"embeddable":true,"href":"https:\/\/www.praha7.cz\/api\/wp\/v2\/comments?post=44482"}],"version-history":[{"count":5,"href":"https:\/\/www.praha7.cz\/api\/wp\/v2\/posts\/44482\/revisions"}],"predecessor-version":[{"id":44912,"href":"https:\/\/www.praha7.cz\/api\/wp\/v2\/posts\/44482\/revisions\/44912"}],"wp:featuredmedia":[{"embeddable":true,"href":"https:\/\/www.praha7.cz\/api\/wp\/v2\/media\/44483"}],"wp:attachment":[{"href":"https:\/\/www.praha7.cz\/api\/wp\/v2\/media?parent=44482"}],"wp:term":[{"taxonomy":"category","embeddable":true,"href":"https:\/\/www.praha7.cz\/api\/wp\/v2\/categories?post=44482"},{"taxonomy":"post_tag","embeddable":true,"href":"https:\/\/www.praha7.cz\/api\/wp\/v2\/tags?post=44482"}],"curies":[{"name":"wp","href":"https:\/\/api.w.org\/{rel}","templated":true}]}}