    
{"id":44367,"date":"2018-01-22T11:12:45","date_gmt":"2018-01-22T10:12:45","guid":{"rendered":"https:\/\/www.praha7.cz\/?p=44367"},"modified":"2025-09-17T15:16:24","modified_gmt":"2025-09-17T13:16:24","slug":"v-rajske-ulici-v-praze-7-budou-misto-jedne-zakladni-skoly-dve","status":"publish","type":"post","link":"https:\/\/www.praha7.cz\/v-rajske-ulici-v-praze-7-budou-misto-jedne-zakladni-skoly-dve\/","title":{"rendered":"V Rajsk\u00e9 ulici v&nbsp;Praze 7 budou m\u00edsto jedn\u00e9 z\u00e1kladn\u00ed \u0161koly dv\u011b"},"content":{"rendered":"<p>[perex]<\/p>\r\n<p>V\u00a0Rajsk\u00e9 ulici vyroste nov\u00e1 z\u00e1kladn\u00ed \u0161kola. Postav\u00ed ji \u010ceskobratrsk\u00e1 c\u00edrkev evangelick\u00e1, kter\u00e1 do nov\u00fdch prostor p\u0159esune Bratrskou \u0161kolu ze\u00a0sousedn\u00edho objektu, pronajat\u00e9ho od m\u011bstsk\u00e9 \u010d\u00e1sti. Do uvoln\u011bn\u00e9 budovy Praha&nbsp;7 um\u00edst\u00ed svou z\u00e1kladn\u00ed \u0161kolu.<\/p>\r\n<p>[\/perex]<\/p>\r\n<p><em>\u201eKa\u017ed\u00fd rok otev\u00edr\u00e1me v\u00a0na\u0161ich \u0161kol\u00e1ch nov\u00e9 t\u0159\u00eddy. Podle demografick\u00e9 studie budeme muset do budoucna zachovat tempo zhruba dv\u011b nov\u00e9 t\u0159\u00eddy v\u00a0z\u00e1kladn\u00edch i&nbsp;mate\u0159sk\u00fdch \u0161kol\u00e1ch ro\u010dn\u011b. Sna\u017e\u00edme se maxim\u00e1ln\u011b vyu\u017e\u00edvat dotac\u00ed, p\u0159esto jsou na\u0161e finan\u010dn\u00ed mo\u017enosti zna\u010dn\u011b omezen\u00e9. Velmi proto v\u00edt\u00e1m \u0159e\u0161en\u00ed, kdy se poda\u0159\u00ed zachovat zavedenou a&nbsp;obl\u00edbenou Bratrskou \u0161kolu a&nbsp;z\u00e1rove\u0148 si uvoln\u00edme sv\u00e9 prostory pro dal\u0161\u00ed roz\u0161i\u0159ov\u00e1n\u00ed \u0161koln\u00edch kapacit,\u201c<\/em> uvedl <em><strong>starosta Prahy&nbsp;7 Jan \u010ci\u017einsk\u00fd (PRAHA&nbsp;7 SOB\u011a).<\/strong><\/em><\/p>\r\n<p>Bratrsk\u00e1 \u0161kola p\u016fsob\u00ed na \u00fazem\u00ed Prahy&nbsp;7 ji\u017e t\u00e9m\u011b\u0159 t\u0159icet let. \u010ceskobratrsk\u00e1 c\u00edrkev evangelick\u00e1 ji provozuje v&nbsp;budov\u011b v&nbsp;Rajsk\u00e9 ulici, kterou m\u00e1 od m\u011bstsk\u00e9 \u010d\u00e1sti pronajatou do roku 2020. Praha&nbsp;7 pot\u00e9 bude objekt pot\u0159ebovat pro z\u0159\u00edzen\u00ed sv\u00e9 z\u00e1kladn\u00ed \u0161koly.<\/p>\r\n<p><em>\u201eV\u00a0budov\u011b bohu\u017eel nen\u00ed j\u00eddelna ani t\u011blocvi\u010dna. P\u0159ed dv\u011bma lety jsme z\u00a0tohoto d\u016fvodu po\u0159\u00eddili sousedn\u00ed nevyu\u017e\u00edvan\u00fd pozemek. Postavit zde novou \u0161kolu je v\u0161ak nad na\u0161e finan\u010dn\u00ed mo\u017enosti, z\u00e1rove\u0148 nechceme, aby po roce 2020 Bratrsk\u00e1 \u0161kola v\u00a0Praze 7 zanikla. Dohodli jsme se proto, \u017ee \u010ceskobratrsk\u00e9 c\u00edrkvi umo\u017en\u00edme na na\u0161em pozemku postavit svou \u0161koln\u00ed budovu. Jej\u00ed j\u00eddelnu a&nbsp;t\u011blocvi\u010dnu pak budou vyu\u017e\u00edvat i&nbsp;\u017e\u00e1ci z\u00a0na\u0161\u00ed \u0161koly,\u201c<\/em> vysv\u011btlil <em><strong>z\u00e1stupce starosty Prahy&nbsp;7 Kamil Vav\u0159inec Mare\u0161 (PRAHA&nbsp;7 SOB\u011a)<\/strong><\/em>.\u00a0\u00a0<\/p>\r\n<p>M\u011bstsk\u00e1 \u010d\u00e1st Praha&nbsp;7 p\u0159enech\u00e1 pozemek formou pr\u00e1va stavby \u010ceskobratrsk\u00e9 c\u00edrkvi evangelick\u00e9 na\u00a0dobu 99 let. Ta zde postav\u00ed podle hmotov\u00e9 studie zpracovan\u00e9 m\u011bstskou \u010d\u00e1st\u00ed jak svou \u0161kolu, tak t\u011blocvi\u010dnu a&nbsp;j\u00eddelnu pro oba objekty. Bratrsk\u00e1 \u0161kola tak bude nad\u00e1le p\u016fsobit na \u00fazem\u00ed\u00a0m\u011bstsk\u00e9 \u010d\u00e1sti a&nbsp;dle smluvn\u00edho ujedn\u00e1n\u00ed bude p\u0159ednostn\u011b p\u0159ij\u00edmat d\u011bti z\u00a0Prahy&nbsp;7, tak aby tvo\u0159ily alespo\u0148 dv\u011b t\u0159etiny z&nbsp;celkov\u00e9ho po\u010dtu \u017e\u00e1k\u016f.<\/p>\r\n<p>P\u0159\u00edpravy na stavbu nov\u00e9 budovy ji\u017e za\u010daly. <em>\u201eV sou\u010dasn\u00e9 dob\u011b pracuje na studii a&nbsp;dal\u0161\u00edch \u010d\u00e1stech projektov\u00e9 dokumentace t\u00fdm pod veden\u00edm architektky Hany Seho. Pokud nenastanou nep\u0159edv\u00eddateln\u00e9 komplikace nap\u0159\u00edklad p\u0159i pr\u016fzkumu pozemku, m\u011bla by \u0161kola st\u00e1t v\u00a0roce 2021,\u201c<\/em> vysv\u011btlila <em><strong>koordin\u00e1torka \u0161kol Evangelick\u00e9 akademie Helena Wernischov\u00e1<\/strong><\/em>.<\/p>\r\n<p>Evangelick\u00e1 akademie je c\u00edrkevn\u00ed za\u0159\u00edzen\u00ed, kter\u00e9 sdru\u017euje vy\u0161\u0161\u00ed odborn\u00e9 \u0161koly, konzervato\u0159, st\u0159edn\u00ed \u0161koly ukon\u010den\u00e9 maturitou nebo v\u00fdu\u010dn\u00edm listem a&nbsp;z\u00e1kladn\u00ed \u0161kolu, kter\u00e1 umo\u017e\u0148uje tak\u00e9 dom\u00e1c\u00ed vzd\u011bl\u00e1v\u00e1n\u00ed. Celkem \u0161est \u0161kol se nach\u00e1z\u00ed v\u00a0Praze, Brn\u011b, Olomouci a&nbsp;N\u00e1chod\u011b.<\/p>","protected":false},"excerpt":{"rendered":"[perex] V\u00a0Rajsk\u00e9 ulici vyroste nov\u00e1 z\u00e1kladn\u00ed \u0161kola. Postav\u00ed ji \u010ceskobratrsk\u00e1 c\u00edrkev evangelick\u00e1, kter\u00e1 do nov\u00fdch prostor p\u0159esune Bratrskou \u0161kolu ze\u00a0sousedn\u00edho objektu, pronajat\u00e9ho od m\u011bstsk\u00e9 \u010d\u00e1sti. Do uvoln\u011bn\u00e9 budovy Praha&nbsp;7 um\u00edst\u00ed svou z\u00e1kladn\u00ed \u0161kolu. [\/perex] \u201eKa\u017ed\u00fd rok otev\u00edr\u00e1me v\u00a0na\u0161ich \u0161kol\u00e1ch nov\u00e9 t\u0159\u00eddy. Podle demografick\u00e9 studie budeme muset do budoucna zachovat tempo zhruba dv\u011b nov\u00e9 t\u0159\u00eddy v\u00a0z\u00e1kladn\u00edch [&hellip;]","protected":false},"author":5,"featured_media":44369,"comment_status":"closed","ping_status":"open","sticky":false,"template":"","format":"standard","meta":[],"categories":[74],"tags":[],"_links":{"self":[{"href":"https:\/\/www.praha7.cz\/api\/wp\/v2\/posts\/44367"}],"collection":[{"href":"https:\/\/www.praha7.cz\/api\/wp\/v2\/posts"}],"about":[{"href":"https:\/\/www.praha7.cz\/api\/wp\/v2\/types\/post"}],"author":[{"embeddable":true,"href":"https:\/\/www.praha7.cz\/api\/wp\/v2\/users\/5"}],"replies":[{"embeddable":true,"href":"https:\/\/www.praha7.cz\/api\/wp\/v2\/comments?post=44367"}],"version-history":[{"count":2,"href":"https:\/\/www.praha7.cz\/api\/wp\/v2\/posts\/44367\/revisions"}],"predecessor-version":[{"id":86727,"href":"https:\/\/www.praha7.cz\/api\/wp\/v2\/posts\/44367\/revisions\/86727"}],"wp:featuredmedia":[{"embeddable":true,"href":"https:\/\/www.praha7.cz\/api\/wp\/v2\/media\/44369"}],"wp:attachment":[{"href":"https:\/\/www.praha7.cz\/api\/wp\/v2\/media?parent=44367"}],"wp:term":[{"taxonomy":"category","embeddable":true,"href":"https:\/\/www.praha7.cz\/api\/wp\/v2\/categories?post=44367"},{"taxonomy":"post_tag","embeddable":true,"href":"https:\/\/www.praha7.cz\/api\/wp\/v2\/tags?post=44367"}],"curies":[{"name":"wp","href":"https:\/\/api.w.org\/{rel}","templated":true}]}}