    
{"id":44264,"date":"2020-12-11T13:55:59","date_gmt":"2020-12-11T12:55:59","guid":{"rendered":"https:\/\/www.praha7.cz\/?p=44264"},"modified":"2020-12-14T11:02:53","modified_gmt":"2020-12-14T10:02:53","slug":"posledni-popraveny-odbojar","status":"publish","type":"post","link":"https:\/\/www.praha7.cz\/posledni-popraveny-odbojar\/","title":{"rendered":"Posledn\u00ed popraven\u00fd odboj\u00e1\u0159"},"content":{"rendered":"<p>[perex]<\/p>\r\n<p>R\u00e1d kreslil a\u00a0jeho politick\u00e9 karikatury, ve kter\u00fdch zesm\u011b\u0161\u0148oval Gottwalda, Z\u00e1potock\u00e9ho \u010di Stalina, se staly d\u016fkazn\u00edm materi\u00e1lem jeho protist\u00e1tn\u00ed \u010dinnosti. P\u0159ed \u0161edes\u00e1ti lety, 17.&nbsp;listopadu 1960, byl protikomunistick\u00fd odboj\u00e1\u0159 Vladivoj Tomek v\u00a0podzem\u00ed pankr\u00e1ck\u00e9 v\u011bznice ob\u011b\u0161en. Bylo mu pouh\u00fdch 27 let a\u00a0v\u011bt\u0161inu sv\u00e9ho kr\u00e1tk\u00e9ho \u017eivota pro\u017eil na Sedmi\u010dce.<\/p>\r\n<p>[\/perex]<\/p>\r\n<p>Vladivoj Tomek se narodil 9.\u00a0\u010dervna\u00a01933 v\u00a0Praze. Jeho matka R\u016f\u017eena Volfov\u00e1 byla v\u00a0dob\u011b synova narozen\u00ed ji\u017e vdovou, a\u00a0proto mu dala sv\u00e9 d\u00edv\u010d\u00ed p\u0159\u00edjmen\u00ed. Jeho biologick\u00fdm otcem\u00a0byl Vojt\u011bch shodou okolnost\u00ed tak\u00e9 p\u0159\u00edjmen\u00edm Volf, obchodn\u00edk s\u00a0koberci, kter\u00fd s\u00a0nimi v\u0161ak ne\u017eil a\u00a0zem\u0159el v\u00a0roce 1949. Spisovatel Vladim\u00edr Bystrov vzpom\u00ednal na n\u00e1v\u0161t\u011bvy v\u00a0dom\u011b na t\u0159\u00edd\u011b Dukelsk\u00fdch hrdin\u016f, Kde jeho bratranec Vladivoj vyr\u016fstal: \u201eTou\u017eil malovat, po\u0159\u00e1d kreslil les, hlubok\u00e1 z\u00e1kout\u00ed park\u016f, nejv\u011bt\u0161\u00edm d\u00e1rkem mu byl skic\u00e1k, pozd\u011bji olejov\u00e9 barvy. Bydlel s\u00a0matkou a\u00a0jej\u00ed svobodnou sestrou ve dvojpokojov\u00e9m byt\u011b na n\u00e1b\u0159e\u017e\u00ed, byt nem\u011bl \u017e\u00e1dn\u00e9 p\u0159\u00edslu\u0161enstv\u00ed, ani plyn, v\u00a0pokoji tety nikdy nebyla elekt\u0159ina, sv\u00edtila si petrolejkou. Zato v\u0161ude byla spousta knih a\u00a0\u010dasopis\u016f. Jeho kon\u00ed\u010dkem byla elektrotechnika, stav\u011bl si amat\u00e9rsk\u00e9 krystalky, opravoval nezni\u010ditelnou philettu, ale na dve\u0159\u00edch do bytu nebyl zvonek a\u00a0muselo se klepat. Bavila ho matematika a\u00a0bylo mu jeden\u00e1ct, kdy\u017e mi vysv\u011btloval princip burzy.\u201c<\/p>\r\n<p><a href=\"https:\/\/www.praha7.cz\/posledni-popraveny-odbojar\/vladivoj_tomek_obraz\/\" rel=\"attachment wp-att-44268\"><img loading=\"lazy\" src=\"https:\/\/www.praha7.cz\/wp-content\/uploads\/2020\/12\/Vladivoj_Tomek_obraz.jpg\" alt=\"\" width=\"1206\" height=\"895\" class=\"alignnone size-full wp-image-44268\" srcset=\"https:\/\/www.praha7.cz\/wp-content\/uploads\/2020\/12\/Vladivoj_Tomek_obraz.jpg 1206w, https:\/\/www.praha7.cz\/wp-content\/uploads\/2020\/12\/Vladivoj_Tomek_obraz-539x400.jpg 539w, https:\/\/www.praha7.cz\/wp-content\/uploads\/2020\/12\/Vladivoj_Tomek_obraz-768x570.jpg 768w\" sizes=\"(max-width: 1206px) 100vw, 1206px\" \/><\/a><\/p>\r\n<p><em>Obraz, kter\u00fd namaloval Vladivoj Tomek<\/em><\/p>\r\n<p><strong>Aktivn\u00ed gymnazist\u00e9<\/strong><br \/>\r\nV\u00a0\u00fanoru 1948 byl Tomek studentem La Guardiova gymn\u00e1zia na Strossmayerov\u011b n\u00e1m\u011bst\u00ed. Pozd\u011bji chodil do gymn\u00e1zia v\u00a0Truhl\u00e1\u0159sk\u00e9 ulici, kde sed\u011bl v\u00a0lavici s\u00a0pozd\u011bj\u0161\u00edm proslul\u00fdm spolupracovn\u00edkem StB a\u00a0KGB Karlem K\u00f6cherem. Nepat\u0159il k\u00a0nejlep\u0161\u00edm student\u016fm, m\u00edval \u0161patn\u00fd prosp\u011bch z\u00a0matematiky, chemie a\u00a0fyziky, vynikal naopak ve filozofii, hudebn\u00ed v\u00fdchov\u011b a\u00a0tak\u00e9 ve v\u00fdtvarn\u00e9 v\u00fdchov\u011b. Tomek, kter\u00fd nesouhlasil\u00a0s\u00a0n\u00e1siln\u00fdm uchopen\u00edm moci komunisty, s\u00a0oblibou kreslil politick\u00e9 karikatury, v\u00a0nich\u017e zesm\u011b\u0161\u0148oval Gottwalda, Z\u00e1potock\u00e9ho \u010di Stalina. N\u011bkter\u00e9 z\u00a0nich se dochovaly ve vy\u0161et\u0159ovac\u00edm spise StB jako d\u016fkaz jeho protist\u00e1tn\u00ed \u010dinnosti.<\/p>\r\n<p><a href=\"https:\/\/www.praha7.cz\/posledni-popraveny-odbojar\/vladivoj_tomek_karikatura_1\/\" rel=\"attachment wp-att-44267\"><img loading=\"lazy\" src=\"https:\/\/www.praha7.cz\/wp-content\/uploads\/2020\/12\/Vladivoj_Tomek_karikatura_1-671x1000.jpg\" alt=\"\" width=\"640\" height=\"954\" class=\"alignnone size-large wp-image-44267\" srcset=\"https:\/\/www.praha7.cz\/wp-content\/uploads\/2020\/12\/Vladivoj_Tomek_karikatura_1-671x1000.jpg 671w, https:\/\/www.praha7.cz\/wp-content\/uploads\/2020\/12\/Vladivoj_Tomek_karikatura_1-269x400.jpg 269w, https:\/\/www.praha7.cz\/wp-content\/uploads\/2020\/12\/Vladivoj_Tomek_karikatura_1-768x1144.jpg 768w, https:\/\/www.praha7.cz\/wp-content\/uploads\/2020\/12\/Vladivoj_Tomek_karikatura_1.jpg 1117w\" sizes=\"(max-width: 640px) 100vw, 640px\" \/><\/a><br \/>\r\n<br \/>\r\n<em>Gottwaldovu karikaturu nakreslil Vladivoj Tomek na konci 40.&nbsp;let<\/em><\/p>\r\n<p>Mezi jeho p\u0159\u00e1tele pat\u0159ili spolu\u017e\u00e1ci z\u00a0La Guardiova gymn\u00e1zia Ivo Klemp\u00ed\u0159, V\u00e1clav Bern\u00e1t, Vladim\u00edr S\u016fva, Bohuslav Ku\u010dera a\u00a0Vladim\u00edr\u00a0Straka. Spole\u010dn\u011b debatovali o\u00a0tom, co je mo\u017en\u00e9\u00a0d\u011blat proti re\u017eimu. Jednalo se o\u00a0voln\u00fd okruh p\u0159\u00e1tel, kter\u00e9 Tomek spojoval svou autoritou. N\u011bkte\u0159\u00ed z\u00a0nich se navz\u00e1jem ani bl\u00ed\u017ee neznali\u00a0a\u00a0teprve po zat\u010den\u00ed zjistili, jak\u00e9 aktivity ostatn\u00ed vyv\u00edjeli. Mlad\u00edky spojovala tak\u00e9 skautsk\u00e1 v\u00fdchova, romantick\u00e1 touha po dobrodru\u017estv\u00ed\u00a0a\u00a0z\u00e1jem o\u00a0zbran\u011b. Ovlivnilo je vys\u00edl\u00e1n\u00ed R\u00e1dia Svobodn\u00e1 Evropa, kter\u00e9 vyz\u00fdvalo k\u00a0odporu proti totalitn\u00edmu syst\u00e9mu. V\u00a0roce 1950 se Tomek sp\u0159\u00e1telil s\u00a0Ladislavem Bal\u00edkem, kter\u00fd se n\u00e1sledn\u011b pod\u00edlel na v\u011bt\u0161in\u011b akc\u00ed. Sezn\u00e1mil je b\u00fdval\u00fd spolu\u017e\u00e1k Klemp\u00ed\u0159, kter\u00fd se s\u00a0Bal\u00edkem u\u010dil elektrotechnikem. Do Tomkova okruhu pat\u0159ili tak\u00e9 Milan Mat\u011bj\u016f a\u00a0Jaroslav Hor\u00e1\u010dek, od kter\u00fdch si Vladivoj p\u016fj\u010doval \u010di kupoval zbran\u011b.<\/p>\r\n<p><strong>Pl\u00e1ny na atent\u00e1t<\/strong><br \/>\r\nPo\u010d\u00e1tky odbojov\u00e9 \u010dinnosti Tomkovy skupiny sahaj\u00ed do konce \u010dty\u0159ic\u00e1t\u00fdch let. \u0160estn\u00e1ctilet\u00ed chlapci debatovali o\u00a0mo\u017enostech atent\u00e1tu na Rudolfa Sl\u00e1nsk\u00e9ho, s\u00a0jeho\u017e synem chodili do gymn\u00e1zia. V\u011bd\u011bli, \u017ee Sl\u00e1nsk\u00fd bydl\u00ed ve vile nedaleko sov\u011btsk\u00e9ho velvyslanectv\u00ed,\u00a0a\u00a0uva\u017eovali, \u017ee by druh\u00e9ho mu\u017ee strany zast\u0159elili. Pl\u00e1novali tak\u00e9 vyhodit do vzduchu \u017eelezni\u010dn\u00ed viadukt ve Stromovce \u010di budovu okresn\u00edho sekretari\u00e1tu KS\u010c v\u00a0Praze 7, ale nezvl\u00e1dli vyrobit dostate\u010dn\u011b silnou n\u00e1lo\u017e. Obdobn\u011b bez konkr\u00e9tn\u00edch v\u00fdsledk\u016f skon\u010dila v\u011bt\u0161ina jejich pl\u00e1n\u016f. Pokou\u0161eli se tisknout a\u00a0roz\u0161i\u0159ovat let\u00e1ky. Sna\u017eili se tak\u00e9 z\u00edskat zbran\u011b pro o\u010dek\u00e1van\u00e9 povst\u00e1n\u00ed. Tomek p\u0159i\u0161el s\u00a0n\u00e1padem p\u0159epadnout vojenskou hl\u00eddku, kter\u00e1 st\u0159e\u017eila vys\u00edla\u010d ve Stra\u0161nic\u00edch. P\u0159i cest\u011b tramvaj\u00ed si v\u0161iml, \u017ee voj\u00e1ci nemaj\u00ed samopaly nabit\u00e9. Tomek, Bal\u00edk, S\u016fva a\u00a0Straka 16.\u00a0prosince\u00a01952 okolo 16.&nbsp;hodiny hl\u00eddku ve slo\u017een\u00ed Jaroslav H\u00fdbl, Rudolf \u0160matlava, Illes Cz\u00fcsz a\u00a0Ludev\u00edt Trep\u00e1\u010d skute\u010dn\u011b p\u0159epadli. Dva z\u00a0voj\u00e1k\u016f souhlasili s\u00a0vyd\u00e1n\u00edm samopal\u016f, ale \u0160matlava a\u00a0H\u00fdbl se po vyjedn\u00e1v\u00e1n\u00ed s\u00a0mlad\u00edky rozhodli br\u00e1nit. Bal\u00edk vyst\u0159elil za prchaj\u00edc\u00edm H\u00fdblem\u00a0a\u00a0opakovan\u011b ho zas\u00e1hl. Tomek mezit\u00edm z\u00e1pasil se \u0160matlavou, kter\u00fd se sna\u017eil nab\u00edt samopal. Bal\u00edk pot\u00e9 dvakr\u00e1t vyst\u0159elil na \u0160matlavu a\u00a0tot\u00e9\u017e u\u010dinil ze stejn\u00e9 zbran\u011b Tomek. Nepoda\u0159ilo se proto zjistit, kter\u00fd z\u00a0nich tohoto voj\u00edna zast\u0159elil. H\u00fdblovi se mezit\u00edm p\u0159es utrp\u011bn\u00e9 zran\u011bn\u00ed poda\u0159ilo nedaleko m\u00edsta p\u0159epaden\u00ed nab\u00edt samopal a\u00a0za\u010dal bez rozmyslu st\u0159\u00edlet. I\u00a0kdy\u017e vyst\u0159elil 167 ran, nikoho netrefil. V\u0161em \u010dty\u0159em mlad\u00edk\u016fm se poda\u0159ilo ut\u00e9ct. S\u00a0sebou odnesli jeden samopal, kter\u00fd Bal\u00edk pozd\u011bji hodil do Vltavy. N\u00e1sledn\u00e9 rozs\u00e1hl\u00e9 p\u00e1tr\u00e1n\u00ed nebylo a\u017e do roku 1959 \u00fasp\u011b\u0161n\u00e9.<\/p>\r\n<p>Tomkova skupina pot\u00e9 utlumila svou \u010dinnost. Tomek po maturit\u011b nastoupil v\u00a0\u0159\u00edjnu 1953 z\u00e1kladn\u00ed vojenskou slu\u017ebu. Po n\u00e1vratu z\u00a0vojny za\u010dal pracovat v\u00a0podniku Koh-i-noor jako z\u00e1sobovac\u00ed referent. V\u00a0roce 1956 byl p\u0159ijat na V\u00fdrobn\u011b ekonomickou fakultu Vysok\u00e9 \u0161koly ekonomick\u00e9\u00a0v\u00a0Praze, na kterou v\u0161ak nenastoupil. Od podzimu 1953 slou\u017eili v\u00a0arm\u00e1d\u011b tak\u00e9 Ivo Klemp\u00ed\u0159 a\u00a0Ladislav Bal\u00edk (p\u0159edt\u00edm se p\u0159est\u011bhoval do D\u011b\u010d\u00edna, kde pracoval jako \u00fadr\u017eb\u00e1\u0159), kte\u0159\u00ed po n\u00e1vratu nastoupili jako elektrotechnici do podniku Tesla Stra\u0161nice. Roku 1956 se op\u011bt za\u010dali st\u00fdkat s\u00a0Vladivojem Tomkem. Trojici doplnil je\u0161t\u011b voj\u00e1k z\u00a0povol\u00e1n\u00ed Ladislav Tonar, p\u0159\u00edtel Ivo Klemp\u00ed\u0159e z\u00a0d\u011btstv\u00ed. Tonar sehnal pro skupinu \u0159adu zbran\u00ed v\u010detn\u011b n\u011bkolika ru\u010dn\u00edch gran\u00e1t\u016f. \u010ctve\u0159ice tr\u00e1vila spole\u010dn\u00fd \u010das pl\u00e1nov\u00e1n\u00edm r\u016fzn\u00fdch diverzn\u00edch akc\u00ed. Pomoc\u00ed trhavin cht\u011bli vyhodit do vzduchu budovu \u00daV KS\u010c. Po rozdrcen\u00ed ma\u010farsk\u00e9ho povst\u00e1n\u00ed se rozhodli na tyto i\u00a0dal\u0161\u00ed pl\u00e1ny rezignovat.<\/p>\r\n<p><strong>Tajn\u00e1 poprava<\/strong><br \/>\r\nTomek se 9.\u00a0\u0159\u00edjna\u00a01959 na Starom\u011bstsk\u00e9 radnici v\u00a0Praze o\u017eenil s\u00a0Giselou Krou\u017ekovou.\u00a0Man\u017eelka pracovala jako fotografka v\u00a0Historick\u00e9m \u00fastavu \u010ceskoslovensk\u00e9 akademie v\u011bd na Pra\u017esk\u00e9m hrad\u011b, kde se tehdy prov\u00e1d\u011bl rozs\u00e1hl\u00fd archeologick\u00fd v\u00fdzkum. Sv\u011bdkem \u017eenicha byl jeho str\u00fdc Nikolaj Bystrov, kter\u00fd se teprve p\u0159ed t\u0159emi lety vr\u00e1til ze sov\u011btsk\u00e9ho gulagu. Nev\u011bsta byla ve t\u0159et\u00edm m\u011bs\u00edci t\u011bhotenstv\u00ed. Mlad\u00e1 dvojice \u017eila i\u00a0po svatb\u011b odd\u011blen\u011b, ale pl\u00e1novala si, \u017ee si po\u0159\u00edd\u00ed spole\u010dn\u00e9 bydlen\u00ed. Jejich spole\u010dn\u00e9 \u0161t\u011bst\u00ed v\u0161ak skon\u010dilo ji\u017e po dvou m\u011bs\u00edc\u00edch.<\/p>\r\n<p>Pracovn\u00edci odboru boje proti rozkr\u00e1d\u00e1n\u00ed a\u00a0spekulaci M\u011bstsk\u00e9 spr\u00e1vy Ve\u0159ejn\u00e9 bezpe\u010dnosti Praha toti\u017e 17.\u00a0prosince\u00a01959 zadr\u017eeli Ladislava Bal\u00edka pro podez\u0159en\u00ed z\u00a0p\u0159\u00edpravy pad\u011bl\u00e1n\u00ed \u010deskoslovensk\u00fdch bankovek. Nen\u00ed doposud jasn\u00e9, jak\u00fd byl prvn\u00ed impulz k\u00a0z\u00e1sahu. P\u0159i prov\u00e1d\u011bn\u00ed domovn\u00ed prohl\u00eddky na\u0161li kriminalist\u00e9 pot\u0159eby pro pad\u011bl\u00e1n\u00ed a\u00a0elektrosou\u010d\u00e1stky. P\u0159i v\u00fdslechu Bal\u00edk popsal, jak\u00fdm zp\u016fsobem se pokou\u0161el pad\u011blat bankovky spole\u010dn\u011b s\u00a0Tomkem a\u00a0Tonarem, kter\u00e9 vy\u0161et\u0159ovatel\u00e9 zadr\u017eeli n\u00e1sleduj\u00edc\u00ed den. Podle dochovan\u00fdch dokument\u016f u\u010dinil Bal\u00edk 19.\u00a0prosince\u00a01959 pln\u00e9 dozn\u00e1n\u00ed\u00a0a\u00a0popsal tak\u00e9 p\u0159epaden\u00ed vojensk\u00e9 hl\u00eddky. N\u00e1sledn\u011b bylo postupn\u011b zat\u010deno dal\u0161\u00edch sedm osob, kter\u00e9 se na \u010dinnosti okruhu Vladivoje Tomka r\u016fzn\u00fdm zp\u016fsobem pod\u00edlely.<\/p>\r\n<p>Hlavn\u00ed l\u00ed\u010den\u00ed se v\u00a0budov\u011b M\u011bstsk\u00e9ho soudu v\u00a0Praze uskute\u010dnilo v\u00a0\u010dervenci 1960. Vladivoj Tomek byl odsouzen za sp\u00e1ch\u00e1n\u00ed trestn\u00e9ho \u010dinu velezrady, vra\u017edy a\u00a0pokusu o\u00a0pad\u011bl\u00e1n\u00ed a\u00a0pozm\u011b\u0148ov\u00e1n\u00ed platidel k\u00a0trestu smrti, vylou\u010den\u00ed z\u00a0vojska a\u00a0propadnut\u00ed ve\u0161ker\u00e9ho jm\u011bn\u00ed. Ostatn\u00ed ob\u017ealovan\u00ed byli odsouzeni\u00a0k\u00a0odn\u011bt\u00ed svobody od 2,5 roku do 25 let. Proti rozsudku podali Tomek, Tonar a\u00a0Klemp\u00ed\u0159 odvol\u00e1n\u00ed, kter\u00e9 projednal sen\u00e1t Nejvy\u0161\u0161\u00edho soudu. P\u016fvodn\u00ed rozsudek ale v\u00a0srpnu 1960 t\u00e9m\u011b\u0159 ve v\u0161em potvrdil, v\u010detn\u011b trestu smrti pro Vladivoje Tomka. O\u00a0\u0161est t\u00fddn\u016f pozd\u011bji zam\u00edtl prezident republiky Anton\u00edn Novotn\u00fd Tomkovu \u017e\u00e1dost o\u00a0milost. Dne 17.&nbsp;listopadu 1960 v&nbsp;11.50 hodin byl Tomek ob\u011b\u0161en, a&nbsp;stal se tak posledn\u00edm popraven\u00fdm odboj\u00e1\u0159em. Je\u0161t\u011b t\u00e9ho\u017e dne byly Tomkovy ostatky zpopeln\u011bny. O&nbsp;poprav\u011b nebyla rodina informov\u00e1na. Jeho matka do konce \u017eivota v\u011b\u0159ila, \u017ee byl snad odvle\u010den \u2013 obdobn\u011b jako jeho str\u00fdc \u2013 do Sov\u011btsk\u00e9ho svazu.\u00a0Gisela Tomkov\u00e1 n\u011bkolikr\u00e1t nav\u0161t\u00edvila man\u017eela ve v\u011bznici. Na po\u010d\u00e1tku dubna\u00a01960 m\u011bla porodit d\u00edt\u011b, kter\u00e9 v\u0161ak potratila. Patrn\u011b po dohod\u011b s\u00a0man\u017eelem podala \u017e\u00e1dost o\u00a0rozvod, co\u017e M\u011bstsk\u00fd soud\u00a0v\u00a0Praze obratem 29.\u00a0\u010dervence\u00a01960 u\u010dinil. Pozd\u011bji se Gizela znovu provdala. Zem\u0159ela 12.\u00a0prosince\u00a01978 v\u00a0Praze, bylo j\u00ed jedna\u010dty\u0159icet let.<\/p>\r\n<p>V\u00a0roce 1967 vy\u0161la v\u00a0edici Magnet o\u00a0skupin\u011b Vladivoje Tomka bro\u017eura Romana C\u00edlka a\u00a0Jarom\u00edra K\u0159ivana s\u00a0n\u00e1zvem Smrteln\u00fd byl druh\u00fd z\u00e1sah. Jedn\u00e1 se o\u00a0propagandistick\u00e9 d\u00edlko, ve kter\u00e9m jsou prom\u00edch\u00e1na historick\u00e1 fakta se smy\u0161lenkami a\u00a0dobov\u00fdmi fr\u00e1zemi. Jm\u00e9na \u010dlen\u016f odbojov\u00e9 skupiny auto\u0159i zm\u011bnili (nap\u0159\u00edklad Vladivoj Tomek v\u00a0knize vystupuje jako Tyme\u0161)\u00a0a\u00a0n\u00e1zev skupiny Othello si vymysleli.<\/p>\r\n<p><strong>Rehabilitace skupiny<\/strong><br \/>\r\n\u010clenov\u00e9 Tomkovy skupiny str\u00e1vili \u0159adu let ve v\u011bzen\u00ed. Jejich rehabilitaci umo\u017enil a\u017e p\u00e1d komunistick\u00e9 diktatury. U\u00a0n\u011bkter\u00fdch v\u0161ak byla jen \u010d\u00e1ste\u010dn\u00e1. Vladivoji Tomkovi ponechal M\u011bstsk\u00fd soudu v\u00a0Praze zbytkov\u00fd trest sedmi let za \u010diny, na kter\u00e9 se z\u00e1kon o\u00a0soudn\u00ed rehabilitaci nevztahoval. Podobn\u00e9 tresty z\u016fstaly i\u00a0Bal\u00edkovi, Strakovi a\u00a0S\u016fvovi. Na z\u00e1klad\u011b podn\u011btu Vladim\u00edra Bystrova se Tomkovou kauzou zab\u00fdval \u00da\u0159ad dokumentace a\u00a0vy\u0161et\u0159ov\u00e1n\u00ed zlo\u010din\u016f komunismu, jeho\u017e pracovn\u00edci objasnili okolnosti popravy a\u00a0zpopeln\u011bn\u00ed ostatk\u016f. Na z\u00e1klad\u011b jejich \u0161et\u0159en\u00ed v\u0161ak nebyl nikdo trestn\u011b st\u00edh\u00e1n a\u00a0bez \u00fasp\u011bchu z\u016fstala\u00a0i\u00a0snaha zjistit, kde skon\u010dila urna s\u00a0Tomkov\u00fdm popelem.<\/p>\r\n<p>Vladim\u00edr Bystrov nato\u010dil v\u00a0roce 1998 o\u00a0Tomkovi rozhlasov\u00e9 p\u00e1smo Lid\u00e9 z\u00a0m\u00e9ho z\u00e1pisn\u00edku. Dne 17.\u00a0listopadu\u00a02001 byla na dom\u011b, kde Vladivoj Tomek cel\u00fd \u017eivot bydlel, odhalena z\u00a0podn\u011btu zastupitele M\u010c Praha&nbsp;7 Ariho Liebermana pam\u011btn\u00ed deska.<\/p>\r\n<p>T\u0159i \u010dlenov\u00e9 Tomkovy skupiny, Ivo Klemp\u00ed\u0159, Ladislav Bal\u00edk a\u00a0Milan Mat\u011bj\u016f, byli ministerstvem obrany v\u00a0posledn\u00edch letech ocen\u011bni jako \u00fa\u010dastn\u00edci odboje a\u00a0odporu proti komunistick\u00e9mu re\u017eimu. Bal\u00edk z\u00edskal tak\u00e9 postaven\u00ed v\u00e1le\u010dn\u00e9ho veter\u00e1na, nebo\u0165 se komunistick\u00e9mu re\u017eimu postavil se zbran\u00ed v\u00a0ruce (paradoxn\u011b mu z\u016fstal zm\u00edn\u011bn\u00fd zbytkov\u00fd trest). Na z\u00e1klad\u011b \u017e\u00e1dosti Centra pro dokumentaci totalitn\u00edch re\u017eim\u016f vydalo 31.\u00a0kv\u011btna\u00a02017 ministerstvo obrany osv\u011bd\u010den\u00ed tak\u00e9 Vladivoji Tomkovi in\u00a0memoriam.\u00a0<\/p>\r\n<p><a href=\"https:\/\/www.praha7.cz\/posledni-popraveny-odbojar\/sdeleni_o_vykonane_poprave\/\" rel=\"attachment wp-att-44266\"><img loading=\"lazy\" src=\"https:\/\/www.praha7.cz\/wp-content\/uploads\/2020\/12\/sdeleni_o_vykonane_poprave.jpg\" alt=\"\" width=\"1200\" height=\"879\" class=\"alignnone size-full wp-image-44266\" srcset=\"https:\/\/www.praha7.cz\/wp-content\/uploads\/2020\/12\/sdeleni_o_vykonane_poprave.jpg 1200w, https:\/\/www.praha7.cz\/wp-content\/uploads\/2020\/12\/sdeleni_o_vykonane_poprave-546x400.jpg 546w, https:\/\/www.praha7.cz\/wp-content\/uploads\/2020\/12\/sdeleni_o_vykonane_poprave-768x563.jpg 768w\" sizes=\"(max-width: 1200px) 100vw, 1200px\" \/><\/a><br \/>\r\n<br \/>\r\n<em>Sd\u011blen\u00ed n\u00e1\u010deln\u00edka v\u011bznice Praha-Pankr\u00e1c o\u00a0poprav\u011b Vladivoje Tomka proveden\u00e9 17.&nbsp;listopadu 1960<\/em><\/p>\r\n<p>&nbsp;<\/p>\r\n<p>&nbsp;<\/p>","protected":false},"excerpt":{"rendered":"[perex] R\u00e1d kreslil a\u00a0jeho politick\u00e9 karikatury, ve kter\u00fdch zesm\u011b\u0161\u0148oval Gottwalda, Z\u00e1potock\u00e9ho \u010di Stalina, se staly d\u016fkazn\u00edm materi\u00e1lem jeho protist\u00e1tn\u00ed \u010dinnosti. P\u0159ed \u0161edes\u00e1ti lety, 17.&nbsp;listopadu 1960, byl protikomunistick\u00fd odboj\u00e1\u0159 Vladivoj Tomek v\u00a0podzem\u00ed pankr\u00e1ck\u00e9 v\u011bznice ob\u011b\u0161en. Bylo mu pouh\u00fdch 27 let a\u00a0v\u011bt\u0161inu sv\u00e9ho kr\u00e1tk\u00e9ho \u017eivota pro\u017eil na Sedmi\u010dce. [\/perex] Vladivoj Tomek se narodil 9.\u00a0\u010dervna\u00a01933 v\u00a0Praze. Jeho matka [&hellip;]","protected":false},"author":76,"featured_media":44265,"comment_status":"closed","ping_status":"open","sticky":false,"template":"","format":"standard","meta":[],"categories":[37],"tags":[],"_links":{"self":[{"href":"https:\/\/www.praha7.cz\/api\/wp\/v2\/posts\/44264"}],"collection":[{"href":"https:\/\/www.praha7.cz\/api\/wp\/v2\/posts"}],"about":[{"href":"https:\/\/www.praha7.cz\/api\/wp\/v2\/types\/post"}],"author":[{"embeddable":true,"href":"https:\/\/www.praha7.cz\/api\/wp\/v2\/users\/76"}],"replies":[{"embeddable":true,"href":"https:\/\/www.praha7.cz\/api\/wp\/v2\/comments?post=44264"}],"version-history":[{"count":4,"href":"https:\/\/www.praha7.cz\/api\/wp\/v2\/posts\/44264\/revisions"}],"predecessor-version":[{"id":44297,"href":"https:\/\/www.praha7.cz\/api\/wp\/v2\/posts\/44264\/revisions\/44297"}],"wp:featuredmedia":[{"embeddable":true,"href":"https:\/\/www.praha7.cz\/api\/wp\/v2\/media\/44265"}],"wp:attachment":[{"href":"https:\/\/www.praha7.cz\/api\/wp\/v2\/media?parent=44264"}],"wp:term":[{"taxonomy":"category","embeddable":true,"href":"https:\/\/www.praha7.cz\/api\/wp\/v2\/categories?post=44264"},{"taxonomy":"post_tag","embeddable":true,"href":"https:\/\/www.praha7.cz\/api\/wp\/v2\/tags?post=44264"}],"curies":[{"name":"wp","href":"https:\/\/api.w.org\/{rel}","templated":true}]}}