    
{"id":44134,"date":"2020-12-10T09:32:22","date_gmt":"2020-12-10T08:32:22","guid":{"rendered":"https:\/\/www.praha7.cz\/?p=44134"},"modified":"2020-12-22T08:57:30","modified_gmt":"2020-12-22T07:57:30","slug":"pozvanka-na-8-radne-zasedani-zastupitelstva-mc-praha-7-2","status":"publish","type":"post","link":"https:\/\/www.praha7.cz\/pozvanka-na-8-radne-zasedani-zastupitelstva-mc-praha-7-2\/","title":{"rendered":"Pozv\u00e1nka na 8.&nbsp;\u0159\u00e1dn\u00e9 zased\u00e1n\u00ed Zastupitelstva M\u010c Praha&nbsp;7"},"content":{"rendered":"<p style=\"text-align: justify;\">[perex]<\/p>\r\n<p style=\"text-align: justify;\">8.&nbsp;\u0159\u00e1dn\u00e9 zased\u00e1n\u00ed Zastupitelstva M\u010c Praha&nbsp;7 se kon\u00e1 v&nbsp;pond\u011bl\u00ed dne 21.&nbsp;prosince 2020 od 17:00 hodin.<\/p>\r\n<p style=\"text-align: justify;\">Online p\u0159enos naleznete <a href=\"http:\/\/youtu.be\/mQanUoqSsv0\">zde<\/a>.<\/p>\r\n<p style=\"text-align: justify;\">Materi\u00e1ly ke sta\u017een\u00ed jsou k\u00a0dispozici pod eviden\u010dn\u00edmi \u010d\u00edsly u\u00a0n\u00e1zv\u016f jednotliv\u00fdch bod\u016f.\u00a0<\/p>\r\n<p style=\"text-align: justify;\">[\/perex]<\/p>\r\n<p style=\"text-align: justify;\"><strong>Program 8.\u00a0\u0159\u00e1dn\u00e9ho zased\u00e1n\u00ed Zastupitelstva M\u010c Praha\u00a07\u00a0<\/strong><\/p>\r\n<ul style=\"text-align: justify;\">\r\n\t<li>Pravideln\u00fd bod programu za\u0159azen\u00fd za bod \u010d. 2 \u2013 Dotazy a&nbsp;p\u0159ipom\u00ednky ob\u010dan\u016f 1<\/li>\r\n\t<li>Pravideln\u00fd bod programu za\u0159azen\u00fd pevn\u011b na 18 hodinu \u2013 Dotazy a&nbsp;p\u0159ipom\u00ednky ob\u010dan\u016f 2<\/li>\r\n<\/ul>\r\n<p style=\"text-align: justify;\"><strong>1.<\/strong>\u00a0 Zah\u00e1jen\u00ed &#8211; schv\u00e1len\u00ed programu<\/p>\r\n<p style=\"text-align: justify;\"><strong>2.\u00a0<\/strong> N\u00c1VRH ak\u010dn\u00edho pl\u00e1nu pro rok 2021 &#8211; <a href=\"https:\/\/www.praha7.cz\/wp-content\/uploads\/2020\/12\/1717.zip\">\u010d. 1717<\/a><\/p>\r\n<p style=\"text-align: justify;\"><strong>3.\u00a0<\/strong> N\u00c1VRH st\u0159edn\u011bdob\u00e9ho v\u00fdhledu rozpo\u010dtu M\u010c Praha&nbsp;7 do roku 2026, n\u00e1vrh rozpo\u010dtu hlavn\u00ed \u010dinnosti M\u010c Praha&nbsp;7 na rok 2021, n\u00e1vrh rozpo\u010dt\u016f pro rok 2021 a&nbsp;st\u0159edn\u011bdob\u00fdch v\u00fdhled\u016f rozpo\u010dtu p\u0159\u00edsp\u011bvkov\u00fdch organizac\u00ed M\u010c Praha&nbsp;7 do roku 2023 a&nbsp;n\u00e1vrh finan\u010dn\u00edho pl\u00e1nu zda\u0148ovan\u00e9 \u010dinnosti M\u011bstsk\u00e9 \u010d\u00e1sti Praha&nbsp;7 na rok 2021 (v\u010detn\u011b 7U s.r.o.) &#8211; <a href=\"https:\/\/www.praha7.cz\/wp-content\/uploads\/2020\/12\/1716-2.zip\">\u010d. 1716<\/a><\/p>\r\n<p style=\"text-align: justify;\"><strong>4.\u00a0\u00a0<\/strong>N\u00c1VRH k&nbsp;p\u0159ijet\u00ed &#8222;Pravidel (Z\u00e1sad) pro hospoda\u0159en\u00ed M\u010c Praha&nbsp;7 v&nbsp;obdob\u00ed rozpo\u010dtov\u00e9ho provizoria na rok 2021 &#8211; pravidla rozpo\u010dtov\u00e9ho provizoria&#8220; &#8211; <a href=\"https:\/\/www.praha7.cz\/wp-content\/uploads\/2020\/12\/1710.zip\">\u010d. 1710<\/a><\/p>\r\n<p style=\"text-align: justify;\"><strong>5.<\/strong>\u00a0 N\u00c1VRH ke zpr\u00e1v\u011b o&nbsp;v\u00fdsledc\u00edch hospoda\u0159en\u00ed M\u010c Praha&nbsp;7\u00a0k 3.&nbsp;\u010dtvrtlet\u00ed 2020 &#8211; hlavn\u00ed \u010dinnost &#8211; <a href=\"https:\/\/www.praha7.cz\/wp-content\/uploads\/2020\/12\/1711.zip\">\u010d. 1711<\/a><\/p>\r\n<p style=\"text-align: justify;\"><strong>6.\u00a0<\/strong>\u00a0N\u00c1VRH na vystoupen\u00ed M\u010c Praha&nbsp;7 ze spolku Otev\u0159en\u00e1 m\u011bsta, z.s., I\u010cO: 051&nbsp;29&nbsp;061 k&nbsp;31.&nbsp;12.&nbsp;2020 &#8211; <a href=\"https:\/\/www.praha7.cz\/wp-content\/uploads\/2020\/12\/1722.zip\">\u010d. 1722<\/a><\/p>\r\n<p style=\"text-align: justify;\"><strong>7.\u00a0<\/strong>\u00a0N\u00c1VRH ke zpr\u00e1v\u011b o\u00a0 v\u00fdsledc\u00edch hospoda\u0159en\u00ed M\u010c Praha&nbsp;7 za III. \u010dtvrtlet\u00ed\u00a0roku 2020 v&nbsp;r\u00e1mci hospod\u00e1\u0159sk\u00e9 \u010dinnosti &#8211; \u00faseku zda\u0148ovan\u00e9 \u010dinnosti &#8211; <a href=\"https:\/\/www.praha7.cz\/wp-content\/uploads\/2020\/12\/1709-2.zip\">\u010d. 1709<\/a><\/p>\r\n<p style=\"text-align: justify;\"><strong>8.<\/strong>\u00a0 N\u00c1VRH na odejmut\u00ed pozemku parc. \u010d. 536\/7, v&nbsp;k. \u00fa.\u00a0 Hole\u0161ovice, vymezen\u00e9ho geometrick\u00fdm pl\u00e1nem \u010d. 2164-90\/2020, ze sv\u011b\u0159en\u00e9 spr\u00e1vy nemovitost\u00ed M\u010c Praha&nbsp;7 &#8211; <a href=\"https:\/\/www.praha7.cz\/wp-content\/uploads\/2020\/12\/1689.zip\">\u010d. 1689<\/a><\/p>\r\n<p style=\"text-align: justify;\"><strong>9.<\/strong>\u00a0 N\u00c1VRH na poskytnut\u00ed slev z&nbsp;n\u00e1jemn\u00e9ho u&nbsp;n\u00e1jemc\u016f nebytov\u00fdch prostor vyu\u017e\u00edvan\u00fdch k&nbsp;podnikatelsk\u00e9, um\u011bleck\u00e9 a&nbsp;ve\u0159ejn\u00e9 neziskov\u00e9 \u010dinnosti, sv\u011b\u0159en\u00fdch M\u010c Praha&nbsp;7, v&nbsp;souvislosti s&nbsp;ekonomickou situac\u00ed zp\u016fsobenou pandemi\u00ed COVID-19, za rok 2020, v\u010detn\u011b n\u00e1vrhu opat\u0159en\u00ed pro rok 2021 &#8211; <a href=\"https:\/\/www.praha7.cz\/wp-content\/uploads\/2020\/12\/1715-2.zip\">\u010d. 1715<\/a><\/p>\r\n<p style=\"text-align: justify;\"><strong>10.<\/strong>\u00a0 N\u00c1VRH na prominut\u00ed a&nbsp;odpis pohled\u00e1vek v\u010detn\u011b vy\u00fa\u010dtov\u00e1n\u00ed slu\u017eeb \u2013 byty neu\u017e\u00edvan\u00e9, byty zem\u0159el\u00ed, nebytov\u00e9 prostory (NBP) neu\u017e\u00edvan\u00e9 &#8211; <a href=\"https:\/\/www.praha7.cz\/wp-content\/uploads\/2020\/12\/1713-2.zip\">\u010d. 1713<\/a><\/p>\r\n<p style=\"text-align: justify;\"><strong>11.\u00a0<\/strong> N\u00c1VRH na uzav\u0159en\u00ed Dohody o&nbsp;narovn\u00e1n\u00ed, Smlouvy o&nbsp;z\u0159\u00edzen\u00ed v\u011bcn\u00e9ho b\u0159emene pozemkov\u00e9 slu\u017eebnosti veden\u00ed in\u017een\u00fdrsk\u00e9 s\u00edt\u011b na pozemc\u00edch parc. \u010d. 603\/9, 605\/1 a&nbsp;605\/2, v\u0161e v&nbsp;k.\u00fa. Bubene\u010d a&nbsp;Smlouvy o&nbsp;podm\u00ednk\u00e1ch vstup\u016f a&nbsp;ud\u011blov\u00e1n\u00ed souhlas\u016f s&nbsp;um\u00edst\u011bn\u00edm staveb v&nbsp;ochrann\u00fdch p\u00e1smech in\u017een\u00fdrsk\u00e9 s\u00edt\u011b, se spole\u010dnost\u00ed Pra\u017esk\u00e1 tepl\u00e1rensk\u00e1 a.s. &#8211; <a href=\"http:\/\/file.praha7.cz\/odbory\/kst\/1720.zip\">\u010d. 1720<\/a><\/p>\r\n<p style=\"text-align: justify;\"><strong>12.<\/strong>\u00a0 N\u00c1VRH na uzav\u0159en\u00ed smlouvy o&nbsp;poskytnut\u00ed dotace mezi\u00a0 M\u010c Praha&nbsp;7 a&nbsp;organizac\u00ed Fokus Praha, z.\u00fa., I\u010cO:457&nbsp;01\u00a0822 &#8211; <a href=\"https:\/\/www.praha7.cz\/wp-content\/uploads\/2020\/12\/1724.zip\">\u010d. 1724<\/a><\/p>\r\n<p style=\"text-align: justify;\"><strong>13.<\/strong>\u00a0 N\u00c1VRH Smlouvy o&nbsp;partnerstv\u00ed s&nbsp;finan\u010dn\u00edm p\u0159\u00edsp\u011bvkem \u010d. 2020\/OSZ\/40\u00a0 mezi M\u010c Praha&nbsp;7 a&nbsp;spole\u010dnost\u00ed 7U s.r.o., I\u010cO: 264&nbsp;18&nbsp;274 v&nbsp;r\u00e1mci projektu \u201eKomplexn\u00ed p\u0159\u00edstup k&nbsp;\u0159e\u0161en\u00ed bezdomovectv\u00ed a&nbsp;soci\u00e1ln\u00edho vylou\u010den\u00ed v&nbsp;Praze 7 v&nbsp;roce 2020 &#8211; <a href=\"https:\/\/www.praha7.cz\/wp-content\/uploads\/2020\/12\/1728.zip\">\u010d. 1728<\/a><\/p>\r\n<p style=\"text-align: justify;\"><strong>14.<\/strong>\u00a0 INFORMACE o&nbsp;\u010dinnosti Rady M\u010c Praha&nbsp;7 a&nbsp;pln\u011bn\u00ed \u00fakol\u016f ulo\u017een\u00fdch Rad\u011b M\u010c Praha&nbsp;7 Zastupitelstvem\u00a0 M\u010c Praha&nbsp;7 v\u00a0obdob\u00ed mezi 7.&nbsp;a&nbsp;8.&nbsp;zased\u00e1n\u00edm Zastupitelstva M\u010c Praha&nbsp;7 v\u00a0roce 2020 &#8211; <a href=\"https:\/\/www.praha7.cz\/wp-content\/uploads\/2020\/12\/1719-2.zip\">\u010d. 1719<\/a><\/p>\r\n<p style=\"text-align: justify;\"><strong>15.<\/strong>\u00a0 INFORMACE o&nbsp;vypo\u0159\u00e1d\u00e1n\u00ed doporu\u010den\u00ed z&nbsp;v\u00fdstup\u016f Anal\u00fdzy v\u00fdsledk\u016f dotazn\u00edkov\u00e9ho \u0161et\u0159en\u00ed On-line v\u00fduka ve \u0161kol\u00e1ch Prahy&nbsp;7 v&nbsp;dob\u011b pandemie &#8211; <a href=\"https:\/\/www.praha7.cz\/wp-content\/uploads\/2020\/12\/1723.zip\">\u010d. 1723<\/a><\/p>\r\n<p style=\"text-align: justify;\"><strong>16.<\/strong>\u00a0 INFORMACE o&nbsp;demografick\u00e9 studii &#8211; <a href=\"https:\/\/www.praha7.cz\/wp-content\/uploads\/2020\/12\/1727.zip\">\u010d. 1727<\/a><\/p>\r\n<p style=\"text-align: justify;\"><strong>17.\u00a0<\/strong> INFORMACE pro Zastupitelstvo M\u011bstsk\u00e9 \u010d\u00e1sti Praha&nbsp;7 k\u00a0aktivit\u00e1m M\u010c Praha&nbsp;7 v\u00a0souvislosti s\u00a0vyhl\u00e1\u0161en\u00edm stavu klimatick\u00e9 nouze dne 22.&nbsp;5.&nbsp;2019 &#8211; <a href=\"https:\/\/www.praha7.cz\/wp-content\/uploads\/2020\/12\/1725.zip\">\u010d. 1725<\/a><\/p>\r\n<p style=\"text-align: justify;\"><strong>18.\u00a0<\/strong> INFORMACE o&nbsp;\u010dinnosti Kontroln\u00edho v\u00fdboru Zastupitelstva M\u010c Praha&nbsp;7\u00a0v\u00a0obdob\u00ed\u00a0 mezi 7.&nbsp;a&nbsp;8.&nbsp;zased\u00e1n\u00edm Zastupitelstva M\u010c Praha&nbsp;7 v\u00a0roce 2020 &#8211; <a href=\"https:\/\/www.praha7.cz\/wp-content\/uploads\/2020\/12\/1718-2.zip\">\u010d. 1718<\/a><\/p>\r\n<p style=\"text-align: justify;\"><strong>19.<\/strong>\u00a0 INFORMACE o&nbsp;\u010dinnosti Finan\u010dn\u00edho v\u00fdboru Zastupitelstva M\u010c Praha&nbsp;7 v\u00a0obdob\u00ed mezi 7.&nbsp;a&nbsp;8.&nbsp;zased\u00e1n\u00edm Zastupitelstva M\u010c Praha&nbsp;7 v\u00a0roce 2020 &#8211; <a href=\"https:\/\/www.praha7.cz\/wp-content\/uploads\/2020\/12\/1729.zip\">\u010d. 1729<\/a><\/p>\r\n<p style=\"text-align: justify;\"><strong>20.<\/strong>\u00a0 INFORMACE o&nbsp;\u010dinnosti V\u00fdboru pro\u00a0vzd\u011bl\u00e1v\u00e1n\u00ed, soci\u00e1ln\u00ed politiku a&nbsp;zdravotnictv\u00ed Zastupitelstva M\u010c Praha&nbsp;7 v\u00a0obdob\u00ed mezi 7.&nbsp;a&nbsp;8.&nbsp;zased\u00e1n\u00edm Zastupitelstva M\u010c Praha&nbsp;7 v\u00a0roce 2020 &#8211; <a href=\"https:\/\/www.praha7.cz\/wp-content\/uploads\/2020\/12\/1730.zip\">\u010d. 1730<\/a><\/p>\r\n<p style=\"text-align: justify;\"><strong>21.\u00a0<\/strong> Dopisy, adresovan\u00e9 Z\u00a0M\u010c P7<\/p>\r\n<p style=\"text-align: justify;\"><strong>22.\u00a0<\/strong> R\u016fzn\u00e9<\/p>\r\n<p style=\"text-align: justify;\"><strong>23.<\/strong>\u00a0 Z\u00e1v\u011br\u00a0\u00a0\u00a0\u00a0\u00a0\u00a0\u00a0\u00a0\u00a0\u00a0\u00a0\u00a0\u00a0\u00a0\u00a0\u00a0\u00a0<\/p>\r\n<p style=\"text-align: justify;\">Mgr. Jan \u010ci\u017einsk\u00fd<br \/>\r\nstarosta m\u011bstsk\u00e9 \u010d\u00e1sti Praha&nbsp;7<\/p>\r\n<p style=\"text-align: justify;\"><a href=\"http:\/\/file.praha7.cz\/odbory\/kst\/8_2020.zip\">Materi\u00e1ly k&nbsp;8.\u00a0\u0159\u00e1dn\u00e9mu zased\u00e1n\u00ed Z\u00a0M\u010c Praha\u00a07<\/a><\/p>","protected":false},"excerpt":{"rendered":"[perex] 8.&nbsp;\u0159\u00e1dn\u00e9 zased\u00e1n\u00ed Zastupitelstva M\u010c Praha&nbsp;7 se kon\u00e1 v&nbsp;pond\u011bl\u00ed dne 21.&nbsp;prosince 2020 od 17:00 hodin. Online p\u0159enos naleznete zde. Materi\u00e1ly ke sta\u017een\u00ed jsou k\u00a0dispozici pod eviden\u010dn\u00edmi \u010d\u00edsly u\u00a0n\u00e1zv\u016f jednotliv\u00fdch bod\u016f.\u00a0 [\/perex] Program 8.\u00a0\u0159\u00e1dn\u00e9ho zased\u00e1n\u00ed Zastupitelstva M\u010c Praha\u00a07\u00a0 Pravideln\u00fd bod programu za\u0159azen\u00fd za bod \u010d. 2 \u2013 Dotazy a&nbsp;p\u0159ipom\u00ednky ob\u010dan\u016f 1 Pravideln\u00fd bod programu za\u0159azen\u00fd pevn\u011b [&hellip;]","protected":false},"author":14,"featured_media":33780,"comment_status":"closed","ping_status":"open","sticky":false,"template":"","format":"standard","meta":[],"categories":[34],"tags":[],"_links":{"self":[{"href":"https:\/\/www.praha7.cz\/api\/wp\/v2\/posts\/44134"}],"collection":[{"href":"https:\/\/www.praha7.cz\/api\/wp\/v2\/posts"}],"about":[{"href":"https:\/\/www.praha7.cz\/api\/wp\/v2\/types\/post"}],"author":[{"embeddable":true,"href":"https:\/\/www.praha7.cz\/api\/wp\/v2\/users\/14"}],"replies":[{"embeddable":true,"href":"https:\/\/www.praha7.cz\/api\/wp\/v2\/comments?post=44134"}],"version-history":[{"count":17,"href":"https:\/\/www.praha7.cz\/api\/wp\/v2\/posts\/44134\/revisions"}],"predecessor-version":[{"id":44569,"href":"https:\/\/www.praha7.cz\/api\/wp\/v2\/posts\/44134\/revisions\/44569"}],"wp:featuredmedia":[{"embeddable":true,"href":"https:\/\/www.praha7.cz\/api\/wp\/v2\/media\/33780"}],"wp:attachment":[{"href":"https:\/\/www.praha7.cz\/api\/wp\/v2\/media?parent=44134"}],"wp:term":[{"taxonomy":"category","embeddable":true,"href":"https:\/\/www.praha7.cz\/api\/wp\/v2\/categories?post=44134"},{"taxonomy":"post_tag","embeddable":true,"href":"https:\/\/www.praha7.cz\/api\/wp\/v2\/tags?post=44134"}],"curies":[{"name":"wp","href":"https:\/\/api.w.org\/{rel}","templated":true}]}}