    
{"id":4344,"date":"2016-09-24T16:52:11","date_gmt":"2016-09-24T14:52:11","guid":{"rendered":"https:\/\/praha7.cz\/?p=4344"},"modified":"2017-08-25T09:51:31","modified_gmt":"2017-08-25T07:51:31","slug":"vzhuru-na-levy-breh","status":"publish","type":"post","link":"https:\/\/www.praha7.cz\/vzhuru-na-levy-breh\/","title":{"rendered":"Vzh\u016fru na lev\u00fd b\u0159eh!"},"content":{"rendered":"<p>[perex]<\/p><p>Kulturou nabit\u00e1 N\u00e1plavka, farm\u00e1\u0159sk\u00e9 trhy \u010di proch\u00e1zka po upraven\u00e9m n\u00e1b\u0159e\u017e\u00ed, kde je radost pob\u00fdt. \u017divot kolem \u0159eky se v\u00a0Praze pomalu za\u010d\u00edn\u00e1 probouzet. A&nbsp;nejinak by tomu m\u011blo b\u00fdt v&nbsp;budoucnu i&nbsp;na Sedmi\u010dce.<\/p><p>[\/perex]<\/p><p>Tr\u00e1vit voln\u00fd \u010das v\u00a0bl\u00edzkosti \u0159eky je trendem ve\u00a0v\u011bt\u0161in\u011b evropsk\u00fdch metropol\u00ed posledn\u00edch let. D\u00edky revitalizac\u00edm a\u00a0\u00faprav\u00e1m se b\u0159ehy \u0159ek m\u011bn\u00ed na\u00a0obl\u00edben\u00fd ve\u0159ejn\u00fd prostor, kter\u00fd nab\u00edz\u00ed nejr\u016fzn\u011bj\u0161\u00ed vyu\u017eit\u00ed. Praha si v\u00fdznam \u0159eky a\u00a0prostoru kolem n\u00ed uv\u011bdomila teprve ned\u00e1vno a\u00a0zvolna za\u010d\u00edn\u00e1 n\u00e1sledovat p\u0159\u00edklady Dr\u00e1\u017e\u010fan, Bratislavy \u010di V\u00eddn\u011b.<\/p>\r\n<p>Pr\u00e1v\u011b Vltava je d\u016fle\u017eitou dominantou Sedmi\u010dky. Zat\u00edmco prav\u00fd b\u0159eh se poda\u0159ilo \u00fasp\u011b\u0161n\u011b o\u017eivit \u2013 vede tudy obl\u00edben\u00e1 cyklostezka, lid\u00e9 chod\u00ed na\u00a0proch\u00e1zky a\u00a0ryb\u00e1\u0159i zde \u010dekaj\u00ed na\u00a0sv\u016fj \u00falovek \u2013 lev\u00fd hole\u0161ovick\u00fd b\u0159eh je dnes v\u00a0podstat\u011b z\u00a0velk\u00e9 \u010d\u00e1sti neprostupn\u00e9 \u00fazem\u00ed jen pro odv\u00e1\u017en\u00e9.<\/p>\r\n<p>&nbsp;<\/p>\r\n<h3>P\u0159\u00edle\u017eitost pro doln\u00ed Hole\u0161ovice<\/h3>\r\n<p>Prostor lev\u00e9ho b\u0159ehu Vltavy m\u00e1 p\u0159itom potenci\u00e1l st\u00e1t se d\u016fle\u017eitou rekrea\u010dn\u00ed oblast\u00ed. P\u0159esto\u017ee se Praha&nbsp;7 m\u016f\u017ee py\u0161nit dv\u011bma kr\u00e1sn\u00fdmi parky \u2013 Stromovkou a\u00a0Letensk\u00fdmi sady, doln\u00ed Hole\u0161ovice kvalitn\u00ed zelen\u00e9 plochy postr\u00e1daj\u00ed. Potvrdil to ned\u00e1vno i\u00a0Institut pl\u00e1nov\u00e1n\u00ed a\u00a0rozvoje hlavn\u00edho m\u011bsta Prahy v\u00a0r\u00e1mci p\u0159\u00edprav takzvan\u00e9ho Metropolitn\u00edho pl\u00e1nu. \u201eNen\u00ed to pro n\u00e1s \u017e\u00e1dn\u00e1 novinka, deficitu dostupn\u00e9 zelen\u011b, kam by mohli ob\u010dan\u00e9 vyrazit za\u00a0sportem a\u00a0odpo\u010dinkem v\u00a0oblasti doln\u00edch Hole\u0161ovic, jsme si v\u011bdomi a\u00a0sna\u017e\u00edme se ud\u011blat v\u00a0tomto sm\u011bru opravdu maximum,\u201c komentuje to radn\u00ed pro rozvoj Prahy&nbsp;7 Lenka Burgerov\u00e1.<\/p>\r\n<p>Krom\u011b zaveden\u00ed p\u0159\u00edvozu pomohla radnice nap\u0159\u00edklad otev\u0159\u00edt pro ve\u0159ejnost h\u0159i\u0161t\u011b u\u00a0Z\u0160 TGM na\u00a0Ortenov\u011b n\u00e1m\u011bst\u00ed. V\u00a0sou\u010dasn\u00e9 dob\u011b se tak\u00e9 dokon\u010duje projektov\u00e1 dokumentace\u00a0na\u00a0rekonstrukci d\u011btsk\u00e9ho h\u0159i\u0161t\u011b Sedmikr\u00e1ska. S\u00a0ohledem na\u00a0zastav\u011bnost t\u00e9to \u010d\u00e1sti Sedmi\u010dky m\u00e1 v\u0161ak radnice velice sv\u00e1zan\u00e9 ruce: nov\u00fd velk\u00fd park se do\u00a0doln\u00edch Hole\u0161ovic prost\u011b nevejde. Krom\u011b rozvojov\u00e9ho \u00fazem\u00ed Bubny, kter\u00e9 je v\u0161ak st\u00e1le pod stavebn\u00ed uz\u00e1v\u011brou, tak zb\u00fdv\u00e1 ostrov \u0160tvanice a\u00a0pak pr\u00e1v\u011b lev\u00fd b\u0159eh Vltavy.<\/p>\r\n<p>To, \u017ee je po\u00a0zp\u0159\u00edstupn\u011bn\u00ed tohoto \u00fazem\u00ed popt\u00e1vka i\u00a0ze strany obyvatel Prahy&nbsp;7, dokazuje docela ru\u0161n\u00fd \u017eivot v\u00a0oblasti zelen\u00e9 plochy pod \u017eelezni\u010dn\u00edm mostem u\u00a0ulice Varhul\u00edkov\u00e9. \u201eNen\u00ed zde ani lavi\u010dka, ani ko\u0161, p\u0159esto sem za\u00a0odpo\u010dinkem pravideln\u011b chod\u00ed rodiny s\u00a0d\u011btmi nebo pejska\u0159i. Ti odv\u00e1\u017en\u011bj\u0161\u00ed se dokonce vyd\u00e1vaj\u00ed po\u00a0\u00fazk\u00e9m b\u0159ehu pod\u00e9l b\u00fdval\u00e9 beton\u00e1rky u\u00a0n\u00e1dra\u017e\u00ed Hole\u0161ovice, kter\u00fd je jakousi skrytou spojkou Hole\u0161ovic se Stromovkou,\u201c popisuje aktu\u00e1ln\u00ed stav Tereza Markov\u00e1 z\u00a0odboru rozvoje urbanismu, architektury a\u00a0ve\u0159ejn\u00e9ho prostoru Prahy&nbsp;7.<\/p>\r\n<p>Pl\u00e1n o\u017eiven\u00ed vltavsk\u00fdch b\u0159eh\u016f jde nav\u00edc zcela ruku v\u00a0ruce se sm\u011b\u0159ov\u00e1n\u00edm cel\u00e9ho m\u011bsta. Magistr\u00e1t si ji\u017e v\u00a0roce 2013 nechal zpracovat studii s\u00a0n\u00e1zvem Koncepce pra\u017esk\u00fdch b\u0159eh\u016f. Ta analyzuje historick\u00e9 i\u00a0sou\u010dasn\u00e9 vyu\u017eit\u00ed Vltavy a\u00a0jej\u00edho okol\u00ed a\u00a0nab\u00edz\u00ed m\u011bstsk\u00fdm \u010d\u00e1stem, podnikatel\u016fm i\u00a0neziskov\u00fdm organizac\u00edm n\u00e1m\u011bty, jak by sou\u017eit\u00ed s\u00a0\u0159ekou mohlo v\u00a0Praze vypadat.\u00a0P\u0159esto\u017ee nen\u00ed pr\u00e1vn\u011b z\u00e1vazn\u00e1, jasn\u011b na\u010drt\u00e1v\u00e1 trend, kter\u00fdm by se hlavn\u00ed m\u011bsto cht\u011blo ub\u00edrat.<\/p>\r\n<h3><\/h3>\r\n<h3>Omezen\u00e9 mo\u017enosti<\/h3>\r\n<p>Prom\u011bnit v\u00a0sou\u010dasnosti z\u00a0velk\u00e9 \u010d\u00e1sti neprostupn\u00e9 \u00fazem\u00ed lev\u00e9ho b\u0159ehu v\u00a0prostor odpo\u010dinku ale nebude pro m\u011bstskou \u010d\u00e1st zas tak jednoduch\u00e9. Je toti\u017e d\u016fle\u017eit\u00e9 zd\u016fraznit, \u017ee podobn\u011b jako v\u00a0p\u0159\u00edpad\u011b Stromovky, Letn\u00e9, V\u00fdstavi\u0161t\u011b \u010di Hole\u0161ovick\u00e9 tr\u017enice je majitelem t\u011bchto pozemk\u016f n\u011bkdo jin\u00fd ne\u017e m\u011bstsk\u00e1 \u010d\u00e1st Praha&nbsp;7. Na\u00a0\u00fazem\u00ed od\u00a0Bubensk\u00e9ho n\u00e1b\u0159e\u017e\u00ed a\u017e ke\u00a0Stromovce najdeme celou \u0159adu vlastn\u00edk\u016f \u2013 a\u0165 se jedn\u00e1 o\u00a0Magistr\u00e1t hlavn\u00edho m\u011bsta Prahy, Povod\u00ed Vltavy \u010di nejr\u016fzn\u011bj\u0161\u00ed soukrom\u00e9 majitele. M\u011bstsk\u00e1 \u010d\u00e1st je tak \u010dasto pouze jedn\u00edm z\u00a0mnoha akt\u00e9r\u016f \u0159\u00edzen\u00ed ve\u00a0v\u011bci \u00fazemn\u00edho rozhodnut\u00ed a\u00a0dal\u0161\u00edch spr\u00e1vn\u00edch jedn\u00e1n\u00ed a\u00a0nem\u00e1 ani pr\u00e1vo veta. Stavebn\u00ed \u00fa\u0159ad, kam pat\u0159\u00ed odbor \u00fazemn\u00edho rozhodov\u00e1n\u00ed a\u00a0stavebn\u00ed odd\u011blen\u00ed, spad\u00e1 toti\u017e pod st\u00e1tn\u00ed spr\u00e1vu a\u00a0rozhoduje nez\u00e1visle na\u00a0politick\u00e9m veden\u00ed radnice. A\u00a0tak p\u0159esto\u017ee m\u00e1 odbor rozvoje urbanismu, architektury a\u00a0ve\u0159ejn\u00e9ho prostoru db\u00e1t na\u00a0ve\u0159ejn\u00fd z\u00e1jem a\u00a0chr\u00e1nit ho, m\u00e1 k\u00a0tomu jen velmi omezen\u00e9 n\u00e1stroje.<\/p>\r\n<p>V\u00a0n\u011bkter\u00fdch p\u0159\u00edpadech je t\u0159eba investory p\u0159esv\u011bd\u010dit, aby sv\u00e9 projekty upravili a\u00a0lev\u00fd b\u0159eh mohl slou\u017eit v\u0161em obyvatel\u016fm Sedmi\u010dky. Nevznikne zde jednotn\u00e9 zelen\u00e9 p\u00e1smo \u2013 charakter parku se pod\u0159\u00edd\u00ed mo\u017enostem jednotliv\u00fdch \u00fasek\u016f a\u00a0d\u00edl\u010d\u00edch projekt\u016f. C\u00edlem radnice Prahy&nbsp;7 v\u0161ak je zajistit, aby se lev\u00fd b\u0159eh stal celkov\u011b prostupn\u00fdm a\u00a0nab\u00eddl chyb\u011bj\u00edc\u00ed mo\u017enosti rekreace v\u00a0t\u00e9to \u010d\u00e1sti \u010dtvrti, stejn\u011b jako pohodln\u00e9 spojen\u00ed se Stromovkou, kter\u00e1 z\u016fst\u00e1v\u00e1 nejobl\u00edben\u011bj\u0161\u00ed destinac\u00ed m\u00edstn\u00edch obyvatel.<\/p>\r\n<p>\u201eKa\u017ed\u00fd investor si p\u0159eje, aby se jeho projekt hladce a\u00a0v\u010das realizoval, a\u00a0tak se stalo dobrou prax\u00ed, \u017ee investo\u0159i chod\u00ed prezentovat sv\u00e9 projekty ji\u017e v\u00a0z\u00e1rodku na\u00a0komisi rozvoje urbanismu, architektury a\u00a0ve\u0159ejn\u00e9ho prostoru, aby v\u010das p\u0159ede\u0161li p\u0159\u00edpadn\u00fdm neshod\u00e1m \u010di nedorozum\u011bn\u00edm,\u201c vysv\u011btluje Tereza Mar- kov\u00e1. Pr\u00e1v\u011b zde m\u00e1 tak m\u011bstsk\u00e1 \u010d\u00e1st p\u0159\u00edle\u017eitost ovlivnit to, jak bude v\u00a0budoucnosti na\u0161e \u010dtvr\u0165 vypadat.<\/p>\r\n<h3>V\u0161e na\u00a0dobr\u00e9 cest\u011b<\/h3>\r\n<p>\u201eNed\u00e1vno se n\u00e1m takto povedlo vyjednat zp\u0159\u00edstupn\u011bn\u00ed soukrom\u00fdch pozemk\u016f mezi Trojsk\u00fdm mostem a\u00a0mostem Barik\u00e1dn\u00edk\u016f pro veden\u00ed cyklostezky nebo pro ve\u0159ejn\u00fd prostor lep\u0161\u00ed \u0159e\u0161en\u00ed projektu obytn\u00fdch dom\u016f, kter\u00e9 se budou v\u00a0p\u0159\u00ed\u0161t\u00edch letech stav\u011bt v\u00a0oblasti takzvan\u00e9 Hole\u0161ovick\u00e9 kosy,\u201c vypo\u010d\u00edt\u00e1v\u00e1 dosavadn\u00ed \u00fasp\u011bchy radn\u00ed pro rozvoj Lenka Burgerov\u00e1. Pr\u00e1v\u011b v\u00a0oblasti \u201eHole\u0161ovick\u00e9 kosy\u201c, tedy v\u00fdb\u011b\u017eku Bubensk\u00e9ho n\u00e1b\u0159e\u017e\u00ed, by m\u011bla na\u00a0n\u00e1klady investora vzniknout tak\u00e9 l\u00e1vka. V\u00a0budoucnosti bychom se tak mohli pohodln\u011b dostat pod\u00e9l \u0159eky od\u00a0hole\u0161ovick\u00e9 tr\u017enice a\u017e do\u00a0Stromovky.<\/p>\r\n<p>\u00daprav lev\u00e9ho b\u0159ehu by m\u011blo postupn\u011b p\u0159ib\u00fdvat a\u00a0prvn\u00ed vla\u0161tovky by se mohly objevit u\u017e v\u00a0p\u0159\u00ed\u0161t\u00edm roce. Jednou z\u00a0nich je prodlou\u017een\u00ed severn\u00ed \u010d\u00e1sti p\u00e1te\u0159n\u00ed cyklostezky A1, kter\u00e1 moment\u00e1ln\u011b vede ze\u00a0Sedlce p\u0159es Stromovku a\u00a0kon\u010d\u00ed na\u00a0V\u00fdstavi\u0161ti. \u201eJsme domluveni s\u00a0developerem, \u017ee sou\u010d\u00e1st\u00ed jeho projektu bude pr\u00e1v\u011b cyklostezka. Tu bychom r\u00e1di vedli co nejbl\u00ed\u017ee b\u0159ehu Vltavy,\u201c popisuje vizi v\u00a0dan\u00e9 oblasti Sylva \u0160vihelov\u00e1, specialistka rozvoje cyklistick\u00e9 dopravy z\u00a0pra\u017esk\u00e9ho magistr\u00e1tu.<\/p>\r\n<p>Dal\u0161\u00edm krokem bude revitalizace \u010d\u00e1sti b\u0159ehu s\u00a0pracovn\u00edm n\u00e1zvem Hole\u0161ovick\u00e1 n\u00e1plavka, tedy \u00fazem\u00ed od\u00a0upraven\u00e9 \u010d\u00e1sti Bubensk\u00e9ho n\u00e1b\u0159e\u017e\u00ed p\u0159ed hole\u0161ovickou tr\u017enic\u00ed a\u017e po\u00a0Libe\u0148sk\u00fd most, kde je investorem Magistr\u00e1t hlavn\u00edho m\u011bsta Prahy. \u201eProjekt u\u017e z\u00edskal \u00fazemn\u00ed rozhodnut\u00ed, nyn\u00ed se bude p\u0159ipravovat pro stavebn\u00ed povolen\u00ed a\u00a0v\u00a0p\u0159\u00ed\u0161t\u00edm roce bychom r\u00e1di vypsali v\u00fdb\u011brov\u00e9 \u0159\u00edzen\u00ed na\u00a0stavebn\u00edka, tak\u017ee realizovat by se m\u011blo b\u011bhem roku 2018,\u201c vysv\u011btluje Ivana \u0158eho\u0159ov\u00e1 z\u00a0odd\u011blen\u00ed vodohospod\u00e1\u0159sk\u00fdch a\u00a0dopravn\u00edch staveb magistr\u00e1tu.<\/p>\r\n<p>\u201eN\u00e1v\u0161t\u011bvn\u00edci by zde m\u011bli naj\u00edt v\u0161e, co nab\u00edz\u00ed b\u011b\u017en\u00fd park. Krom\u011b toho dojde i\u00a0k\u00a0\u00faprav\u00e1m b\u0159eh\u016f \u2013 a\u00a0to jak do\u00a0podoby kamenn\u00e9 n\u00e1plavky, jako je tomu v\u00a0centru, tak zde budou i\u00a0\u00faseky se \u0161irok\u00fdmi schody. Ty umo\u017en\u00ed p\u0159\u00edstup t\u0159eba kanoist\u016fm nebo t\u011bm, kte\u0159\u00ed si budou cht\u00edt ve\u00a0Vltav\u011b zaplavat. Zbytek b\u0159eh\u016f by m\u011bl b\u00fdt co nejv\u00edce zelen\u00fd,\u201c popisuje architekt Martin Ryb\u00e1\u0159 z\u00a0architektonick\u00e9 kancel\u00e1\u0159e R\u00f6ssler\u00a0Ryb\u00e1\u0159 Architekti, kter\u00fd p\u0159em\u011bnu tohoto \u00fazem\u00ed p\u0159ipravuje. Krom\u011b h\u0159i\u0161t\u011b \u010di kvalitn\u00ed asfaltov\u00e9 plochy pro brusla\u0159e a\u00a0pohodln\u00fd provoz cyklist\u016f i\u00a0ko\u010d\u00e1rk\u016f by m\u011bl prostor nab\u00eddnout i\u00a0mo\u017enost kotven\u00ed. \u201eV\u00a0minulosti se uva\u017eovalo, \u017ee by zde st\u00e1l\u00e9 kotvi\u0161t\u011b na\u0161la nap\u0159\u00edklad i\u00a0zn\u00e1m\u00e1 lo\u010f brat\u0159\u00ed Forman\u016f,\u201c dopl\u0148uje Ryb\u00e1\u0159, kter\u00fd je mimo jin\u00e9 autorem koncepce M\u011bsto a\u00a0\u0159eka a\u00a0tak\u00e9 na\u00a0Sedmi\u010dce bydl\u00ed. Snahou radnice je uchovat i\u00a0p\u016fvodn\u00ed charakter m\u00edsta s\u00a0odkazy na\u00a0industri\u00e1ln\u00ed minulost t\u00e9to \u010d\u00e1sti Prahy&nbsp;7. \u201ePo\u010d\u00edt\u00e1me s\u00a0\u00fapravami projektu tak, aby se do n\u011bj prom\u00edtla aktu\u00e1ln\u00ed situace u&nbsp;\u0159eky. Na novou n\u00e1plavku nav\u00e1\u017eou parkov\u00e9 \u00fapravy projekt\u016f na Vltavsk\u00e9 kose, aby korzo pod\u00e9l \u0159eky bylo kontinu\u00e1ln\u00ed,\u201c vysv\u011btluje radn\u00ed Burgerov\u00e1.<\/p>\r\n<p>Ale posu\u0148me se po\u00a0hole\u0161ovick\u00e9m \u201epoloostrov\u011b\u201c d\u00e1l. Magistr\u00e1t je tak\u00e9 majitelem ji\u017e zm\u00edn\u011bn\u00fdch pozemk\u016f v\u00a0bl\u00edzkosti ulice Varhul\u00edkov\u00e9 \u2013 i\u00a0zde by m\u011bl v\u00a0nedalek\u00e9 budoucnosti vzniknout plnohodnotn\u00fd park. Radnice Prahy&nbsp;7 ve\u00a0spolupr\u00e1ci s\u00a0magistr\u00e1tem a\u00a0j\u00edm z\u0159\u00edzen\u00fdmi organizacemi aktu\u00e1ln\u011b p\u0159ipravuje p\u0159est\u011bhov\u00e1n\u00ed zdej\u0161\u00edho odtahov\u00e9ho parkovi\u0161t\u011b na\u00a0jin\u00e9 pozemky. Dal\u0161\u00ed mo\u017enosti rekreace by m\u011bl nab\u00eddnout i\u00a0nov\u011b upraven\u00fd C\u00edsa\u0159sk\u00fd ostrov (v\u00edce viz rubrika Rozvoj, Hobulet 6\/2016).<\/p>\r\n<p>M\u011bstsk\u00e1 \u010d\u00e1st by se v\u00a0o\u017eivov\u00e1n\u00ed lev\u00e9ho b\u0159ehu tak\u00e9 r\u00e1da inspirovala v\u00a0zahrani\u010d\u00ed. Letos na\u00a0podzim proto ve spolupr\u00e1ci s&nbsp;Centrem sou\u010dasn\u00e9ho um\u011bn\u00ed DOX uspo\u0159\u00e1d\u00e1 10.\u201311.&nbsp;listopadu mezin\u00e1rodn\u00ed konferenci, kter\u00e1 by m\u011bla nab\u00eddnout recepty na\u00a0vyu\u017eit\u00ed \u0159eky nap\u0159\u00edklad z\u00a0Nizozemska \u010di Francie.<\/p>\r\n<h3><\/h3>\r\n<h3>Vodn\u00ed tramvaj<\/h3>\r\n<p>\u2029Krom\u011b odpo\u010dinku a\u00a0rekreace m\u016f\u017ee \u0159eka slou\u017eit i\u00a0k\u00a0doprav\u011b \u2013 pr\u00e1v\u011b v\u00a0t\u00e9to oblasti m\u00e1 metropole i\u00a0p\u0159es existenci n\u011bkolika p\u0159\u00edvoz\u016f st\u00e1le je\u0161t\u011b rezervy. Sou\u010dasn\u00e9 veden\u00ed magistr\u00e1tu ale rozvoj vodn\u00ed dopravy jednozna\u010dn\u011b podporuje a\u00a0pro tento \u00fa\u010del vznikla i\u00a0speci\u00e1ln\u00ed komise.<\/p>\r\n<p>Celkov\u00e9 o\u017eiven\u00ed lev\u00e9ho hole\u0161ovick\u00e9ho b\u0159ehu Vltavy by tak mohl umocnit i\u00a0projekt vodn\u00ed tramvaje. Jednalo by se vlastn\u011b o\u00a0rychl\u00fd p\u0159\u00edvoz, kter\u00fd by se pohyboval pod\u00e9l b\u0159eh\u016f mezi plavebn\u00edmi komorami, na\u00a0trase od\u00a0\u0160tvanice sm\u011brem k\u00a0C\u00edsa\u0159sk\u00e9mu ostrovu by m\u011bl n\u011bkolik zast\u00e1vek. Tramvaj by byla sou\u010d\u00e1st\u00ed pra\u017esk\u00e9 integrovan\u00e9 dopravy.<\/p>\r\n<p>Vznik t\u00e9to dopravn\u00ed alternativy jednozna\u010dn\u011b podporuje Praha 6 i\u00a0magistr\u00e1t. \u201eJsem p\u0159esv\u011bd\u010den, \u017ee pokud najdeme shodu v\u00a0rad\u011b i\u00a0s\u00a0m\u011bstsk\u00fdmi \u010d\u00e1stmi atd., v\u00a0co\u017e pevn\u011b douf\u00e1m, tak by se nem\u011blo v\u00a0\u017e\u00e1dn\u00e9m p\u0159\u00edpad\u011b jednat o\u00a0hudbu budoucnosti, ale o\u00a0projekt s\u00a0pom\u011brn\u011b bl\u00edzk\u00fdm horizontem realizace,\u201c vysv\u011btluje radn\u00ed pro dopravu HMP Petr Dol\u00ednek. A\u00a0ideu vodn\u00ed tramvaje kvituje i\u00a0\u0158editelstv\u00ed vodn\u00edch cest. \u201eV\u00a0na\u0161ich rozvojov\u00fdch dokumentech s\u00a0takov\u00fdm vyu\u017eit\u00edm Vltavy jednozna\u010dn\u011b po\u010d\u00edt\u00e1me,\u201c uvedl Jan Bukovsk\u00fd, z\u00e1stupce \u0159editele \u0158editelstv\u00ed vodn\u00edch cest. \u25cb<\/p>\r\n<hr \/>\r\n<p>1\u20133 Sou\u010dasn\u00fd stav vltavsk\u00e9ho b\u0159ehu.<\/p>\r\n<p>4 Budoucnost prodlou\u017een\u00ed Bubensk\u00e9ho n\u00e1b\u0159e\u017e\u00ed, takzvan\u00e9 Hole\u0161ovick\u00e9 n\u00e1plavky \u2013<\/p>\r\n<p>jeden z\u00a0vizu\u00e1l\u016f architektonick\u00e9 kancel\u00e1\u0159e R\u00f6ssler\u00a0Ryb\u00e1\u0159 Architekti, kter\u00e1 moment\u00e1ln\u011b rozpracov\u00e1v\u00e1 projekt.<\/p>\r\n<hr \/>\r\n<p>Po n\u00e1b\u0159e\u017e\u00ed do Stromovky<\/p>\r\n<p>P\u0159\u00edstavi\u0161t\u011b<\/p>\r\n<p>P\u0159\u00edvoz<\/p>\r\n<p>Pl\u00e1novan\u00e9 parky a&nbsp;upravovan\u00e9 zelen\u00e9 plochy<\/p>\r\n<p>St\u00e1vaj\u00edc\u00ed parky a&nbsp;upravovan\u00e9 zelen\u00e9 plochy<\/p>\r\n<p>Pl\u00e1novan\u00e1 a&nbsp;vznikaj\u00edc\u00ed z\u00e1stavba<\/p>\r\n<p>P\u0159\u00edstav<\/p>\r\n<p>\u0160kolky a&nbsp;\u0161koly<\/p>\r\n<p>Hranice M\u010c Praha&nbsp;7<\/p>\r\n<p>Prostor pro cyklostezku<\/p>\r\n<p>Park pod \u017eelezni\u00e8n\u00edm mostem (Varhul\u00edkov\u00e9)<\/p>\r\n<p>Hole\u0161ovick\u00e1 kosa<\/p>\r\n<p>Ladislav\u00f9v park<\/p>\r\n<hr \/>\r\n<h3>V\u00e1\u0161 n\u00e1zor n\u00e1s zaj\u00edm\u00e1!<\/h3>\r\n<p>Se sv\u00fdmi n\u00e1vrhy a&nbsp;podn\u011bty se m\u016f\u017eete obr\u00e1tit p\u0159\u00edmo na vedouc\u00ed odboru rozvoje urbanismu, architektury a&nbsp;ve\u0159ejn\u00e9ho prostoru Terezu Markovou na emailu markovat@praha7.cz.<\/p>\r\n<p>&nbsp;<\/p>","protected":false},"excerpt":{"rendered":"[perex]Kulturou nabit\u00e1 N\u00e1plavka, farm\u00e1\u0159sk\u00e9 trhy \u010di proch\u00e1zka po upraven\u00e9m n\u00e1b\u0159e\u017e\u00ed, kde je radost pob\u00fdt. \u017divot kolem \u0159eky se v\u00a0Praze pomalu za\u010d\u00edn\u00e1 probouzet. A&nbsp;nejinak by tomu m\u011blo b\u00fdt v&nbsp;budoucnu i&nbsp;na Sedmi\u010dce.[\/perex]Tr\u00e1vit voln\u00fd \u010das v\u00a0bl\u00edzkosti \u0159eky je trendem ve\u00a0v\u011bt\u0161in\u011b evropsk\u00fdch metropol\u00ed posledn\u00edch let. D\u00edky revitalizac\u00edm a\u00a0\u00faprav\u00e1m se b\u0159ehy \u0159ek m\u011bn\u00ed na\u00a0obl\u00edben\u00fd ve\u0159ejn\u00fd prostor, kter\u00fd nab\u00edz\u00ed nejr\u016fzn\u011bj\u0161\u00ed vyu\u017eit\u00ed. [&hellip;]","protected":false},"author":2,"featured_media":0,"comment_status":"open","ping_status":"open","sticky":false,"template":"","format":"standard","meta":[],"categories":[37],"tags":[],"_links":{"self":[{"href":"https:\/\/www.praha7.cz\/api\/wp\/v2\/posts\/4344"}],"collection":[{"href":"https:\/\/www.praha7.cz\/api\/wp\/v2\/posts"}],"about":[{"href":"https:\/\/www.praha7.cz\/api\/wp\/v2\/types\/post"}],"author":[{"embeddable":true,"href":"https:\/\/www.praha7.cz\/api\/wp\/v2\/users\/2"}],"replies":[{"embeddable":true,"href":"https:\/\/www.praha7.cz\/api\/wp\/v2\/comments?post=4344"}],"version-history":[{"count":3,"href":"https:\/\/www.praha7.cz\/api\/wp\/v2\/posts\/4344\/revisions"}],"predecessor-version":[{"id":4419,"href":"https:\/\/www.praha7.cz\/api\/wp\/v2\/posts\/4344\/revisions\/4419"}],"wp:attachment":[{"href":"https:\/\/www.praha7.cz\/api\/wp\/v2\/media?parent=4344"}],"wp:term":[{"taxonomy":"category","embeddable":true,"href":"https:\/\/www.praha7.cz\/api\/wp\/v2\/categories?post=4344"},{"taxonomy":"post_tag","embeddable":true,"href":"https:\/\/www.praha7.cz\/api\/wp\/v2\/tags?post=4344"}],"curies":[{"name":"wp","href":"https:\/\/api.w.org\/{rel}","templated":true}]}}