    
{"id":4338,"date":"2016-09-24T16:39:51","date_gmt":"2016-09-24T14:39:51","guid":{"rendered":"https:\/\/praha7.cz\/?p=4338"},"modified":"2017-08-25T09:51:50","modified_gmt":"2017-08-25T07:51:50","slug":"muz-pozehnaneho-zivota","status":"publish","type":"post","link":"https:\/\/www.praha7.cz\/muz-pozehnaneho-zivota\/","title":{"rendered":"Mu\u017e po\u017eehnan\u00e9ho \u017eivota"},"content":{"rendered":"<p>[perex]<\/p><p>Spojen\u00e9 obce Hole\u0161ovice-Bubny byly od poloviny 19.&nbsp;stolet\u00ed m\u00edstem, kde se prudce rozv\u00edjel pr\u016fmysl. Br\u00e1ny tov\u00e1ren se u\u017e d\u00e1vno zav\u0159ely, stejn\u011b jako osudy jejich zakladatel\u016f. P\u0159esto se mezi pion\u00fdry hole\u0161ovick\u00e9ho pr\u016fmyslu najde \u0159ada osobnost\u00ed, kter\u00e9 stoj\u00ed za p\u0159ipomenut\u00ed. Jednou z&nbsp;nich je i&nbsp;podnikatel, politik a&nbsp;filantrop Bohumil Bondy.<\/p>\r\n\r\n<p>[\/perex]<\/p><p>Bohumil Bondy se narodil 15.&nbsp;listopadu 1832 v\u00a0Praze v\u00a0Dlouh\u00e9 ulici na\u00a0Star\u00e9m M\u011bst\u011b. Jeho pozd\u011bj\u0161\u00ed podnikatelsk\u00e9 \u00fasp\u011bchy lze p\u0159i\u010d\u00edst jeho rodinn\u00fdm ko\u0159en\u016fm \u2013 otec Lazar Bondy pat\u0159il ji\u017e ve\u00a0t\u0159ic\u00e1t\u00fdch letech k\u00a0v\u00fdznamn\u00fdm pra\u017esk\u00fdm obchodn\u00edk\u016fm se \u017eelezem a\u00a0\u017eelezn\u00fdm zbo\u017e\u00edm.<\/p>\r\n<p>Profesn\u00ed dr\u00e1hu zapo\u010dal Bohumil ji\u017e ve\u00a0\u010dtrn\u00e1cti letech jako praktikant v\u00a0otcov\u011b firm\u011b. Po\u00a0smrti otce v\u00a0roce 1859 se spolu s\u00a0bratrem \u0160alamounem ujal veden\u00ed firmy a\u00a0v\u00a0roce 1866 se stal jej\u00edm jedin\u00fdm majitelem. Spole\u010dnost za\u017e\u00edvala prudk\u00fd rozvoj \u2013 v\u00a0\u0161edes\u00e1t\u00fdch letech se vedle obchodov\u00e1n\u00ed se \u017eelezn\u00fdm zbo\u017e\u00edm Bondy pustil i\u00a0do\u00a0produkce vlastn\u00edch v\u00fdrobk\u016f. K\u00a0v\u00fdrob\u011b slou\u017eil nov\u011b postaven\u00fd are\u00e1l v\u00a0Bubnech, kter\u00fd st\u00e1val naproti budov\u011b b\u00fdval\u00fdch Elektrick\u00fdch podnik\u016f. \u010c\u00e1sti t\u00e9to tov\u00e1rny zde z\u016fstaly a\u017e do\u00a0konce 70.&nbsp;let 20.&nbsp;stolet\u00ed, kdy musely ustoupit stavb\u011b magistr\u00e1ly. Tov\u00e1rna se nejprve specializovala na\u00a0v\u00fdrobu plechu, pozd\u011bji se jej\u00ed sortiment zna\u010dn\u011b roz\u0161\u00ed\u0159il \u2013 matice, \u0161rouby, n\u00fdty, sou\u010d\u00e1sti \u017eelezni\u010dn\u00edch vagon\u016f, d\u016fln\u00edch stroj\u016f apod. Tyto v\u00fdrobky se neuplatnily pouze na\u00a0dom\u00e1c\u00edm, tedy rakousk\u00e9m trhu, ale vyv\u00e1\u017eely se i\u00a0jinam do\u00a0Evropy \u2013 p\u0159edev\u0161\u00edm do\u00a0Ruska a\u00a0Velk\u00e9 Brit\u00e1nie.<\/p>\r\n<p>Od\u00a0roku 1874 tak\u00e9 Bondyho tov\u00e1rna jako jedin\u00e1 v\u00a0\u010cech\u00e1ch produkovala telegrafick\u00fd dr\u00e1t. O\u00a0majitelov\u011b podnikatelsk\u00e9m umu, ale i\u00a0zodpov\u011bdnosti v\u016f\u010di d\u011bln\u00edk\u016fm sv\u011bd\u010d\u00ed fakt, \u017ee na\u00a0rozd\u00edl od\u00a0drtiv\u00e9 v\u011bt\u0161iny ostatn\u00edch pr\u016fmyslov\u00fdch podnik\u016f v\u00a0Rakousku se Bondymu poda\u0159ilo udr\u017eet zam\u011bstnanost i\u00a0produkci tov\u00e1rny po\u00a0krachu rakousk\u00e9 burzy v\u00a0roce 1873. Koncem 70.&nbsp;let se tak\u00e9 postavil proti vznikl\u00e9mu kartelu velk\u00fdch stroj\u00edrensk\u00fdch podnik\u016f se zam\u011b\u0159en\u00edm na\u00a0v\u00fdrobky pro stavbu \u017eeleznic. Tlak konkurent\u016f ho nakonec v\u00a0roce 1888 p\u0159ece jen donutil zbavit se t\u00e9to \u010d\u00e1sti v\u00fdroby a\u00a0v\u011bnovat se p\u0159edev\u0161\u00edm produkci dr\u00e1tu a\u00a0v\u00fdrobk\u016f z\u00a0n\u011bj.<\/p>\r\n<p>Po\u00a0Bondyho smrti v\u00a0roce 1907 se \u0159\u00edzen\u00ed firmy ujali jeho synov\u00e9 Leon a\u00a0Otto. Po\u00a0prvn\u00ed sv\u011btov\u00e9 v\u00e1lce se \u201eBondovka\u201c spojila s\u00a0dal\u0161\u00edmi men\u0161\u00edmi firmami v\u00a0konsorcium Ferra, aby tak mohla l\u00e9pe \u010delit vzr\u016fstaj\u00edc\u00ed konkurenci v\u00a0oboru. Firma pod n\u00e1zvem Ferona funguje dodnes, by\u0165 Bondyovi u\u017e v\u00a0n\u00ed nefiguruj\u00ed. V\u00a0doln\u00edch Hole\u0161ovic\u00edch st\u00e1le stoj\u00ed architektonicky hodnotn\u00e9 sklady z\u00a0konce 20.&nbsp;let 20.&nbsp;stolet\u00ed.<\/p>\r\n<p>&nbsp;<\/p>\r\n<h3>\u00dasp\u011b\u0161n\u00fd politik a\u00a0mana\u017eer<\/h3>\r\n<p>Bohumil Bondy se vedle \u00fasp\u011b\u0161n\u00e9 firmy v\u011bnoval je\u0161t\u011b cel\u00e9 \u0159ad\u011b dal\u0161\u00edch aktivit. Ji\u017e v\u00a0roce 1863 byl zvolen do\u00a0pra\u017esk\u00e9ho zastupitelstva a\u00a0nedlouho pot\u00e9 i\u00a0do\u00a0m\u011bstsk\u00e9 rady. V\u00a0kritick\u00e9m roce 1866, kdy Prahu obsadila prusk\u00e1 vojska, se zaslou\u017eil o\u00a0z\u00edsk\u00e1n\u00ed subvence pro m\u011bsto od\u00a0v\u00edde\u0148sk\u00e9ho dvora. Ta m\u011bla pokr\u00fdt \u00fahradu \u201ev\u00fdpaln\u00e9ho\u201c, kter\u00e9ho se do\u017eadoval prusk\u00fd gener\u00e1l. Ve\u00a0veden\u00ed m\u011bsta p\u016fsobil Bondy a\u017e do\u00a0roku 1881, pod\u00edlel se mimo jin\u00e9 na\u00a0z\u0159\u00edzen\u00ed m\u011bstsk\u00fdch podnik\u016f (plyn\u00e1rny, poji\u0161\u0165ovny) nebo na\u00a0v\u00fdkupu pozemk\u016f n\u00e1le\u017eej\u00edc\u00edch k\u00a0b\u00fdval\u00e9mu syst\u00e9mu opevn\u011bn\u00ed, tolik d\u016fle\u017eit\u00fdch pro dal\u0161\u00ed rozvoj m\u011bsta. V\u00a0roce 1881 byl zvolen poslancem zemsk\u00e9ho sn\u011bmu za\u00a0Star\u00e9 M\u011bsto pra\u017esk\u00e9, v\u00a0dal\u0161\u00edm volebn\u00edm obdob\u00ed pak v\u00a0parlamentu reprezentoval pra\u017eskou obchodn\u00ed komoru.<\/p>\r\n<p>Patrn\u011b nejv\u011bt\u0161\u00ed z\u00e1sluhy si vydobyl pr\u00e1v\u011b jako \u010dlen pra\u017esk\u00e9 obchodn\u00ed komory, j\u00edm\u017e se stal v\u00a0b\u0159eznu 1877. Od\u00a0po\u010d\u00e1tku zde prosazoval po\u010de\u0161t\u011bn\u00ed t\u00e9to v\u00fdznamn\u00e9 z\u00e1jmov\u00e9 skupiny. V\u00fdsledkem byl nov\u00fd volebn\u00ed \u0159\u00e1d, kter\u00fd vstoupil v\u00a0platnost v\u00a0roce 1884 a\u00a0d\u00edky n\u011bmu\u017e se v\u00a0r\u00e1mci komory poda\u0159ilo zrovnopr\u00e1vnit \u010desk\u00e9 podnikatele s\u00a0n\u011bmeck\u00fdmi. Prvn\u00edm p\u0159edsedou zreformovan\u00e9 komory se stal pr\u00e1v\u011b Bohumil Bondy. Spolu s\u00a0V\u00e1clavem ryt\u00ed\u0159em Lannou se zasadil o\u00a0vznik Um\u011bleckopr\u016fmyslov\u00e9ho muzea a\u00a0stal se prvn\u00edm p\u0159edsedou muzejn\u00edho kuratoria. Do\u00a0vznikaj\u00edc\u00edch sb\u00edrek tak\u00e9 v\u011bnoval des\u00edtky expon\u00e1t\u016f.\u00a0<\/p>\r\n<p>Z\u00e1sadn\u00ed pod\u00edl m\u011bl Bondy i\u00a0na\u00a0\u00fasp\u011b\u0161n\u00e9 organizaci Jubilejn\u00ed zemsk\u00e9 v\u00fdstavy v\u00a0roce 1891. Ji\u017e o\u00a0\u010dty\u0159i roky d\u0159\u00edve inicioval vznik st\u00e1l\u00e9 v\u00fdstavn\u00ed budovy a\u00a0v\u00fdstavi\u0161t\u011b v\u00a0Praze. V\u00a0listopadu roku 1888 poprv\u00e9 zasedal p\u0159\u00edpravn\u00fd komit\u00e9t (v\u00fdbor) budouc\u00ed v\u00fdstavy, kter\u00fd zemsk\u00fd v\u00fdbor \u017e\u00e1dal o\u00a0dotaci na\u00a0v\u00fdstavbu v\u00fdstavn\u00edho prostoru. Kv\u016fli odporu n\u011bmeck\u00fdch \u010dlen\u016f obchodn\u00edch komor se nakonec rozhodlo, \u017ee financov\u00e1n\u00ed monstr\u00f3zn\u00edho podniku se nebude spol\u00e9hat na\u00a0subvenci zemsk\u00e9ho v\u00fdboru a\u00a0organiz\u00e1to\u0159i se pokus\u00ed zajistit prost\u0159edky z\u00a0jin\u00fdch zdroj\u016f. To se nakonec poda\u0159ilo a\u00a0za\u00a0necel\u00fd rok vzniklo bubene\u010dsk\u00e9 v\u00fdstavi\u0161t\u011b.<\/p>\r\n<p>Ekonomiku v\u00fdstavy dostal na\u00a0starost pr\u00e1v\u011b Bohumil Bondy. I\u00a0d\u00edky jeho ka\u017edodenn\u00ed p\u0159\u00edtomnosti na\u00a0v\u00fdstavi\u0161ti a\u00a0d\u016fsledn\u00e9 kontrole p\u0159\u00edjm\u016f a\u00a0zejm\u00e9na v\u00fddaj\u016f se poda\u0159ilo udr\u017eet cel\u00fd podnik v\u00a0\u010dern\u00fdch \u010d\u00edslech a\u00a0po\u00a0jeho skon\u010den\u00ed nav\u00edc p\u0159edat do\u00a0vlastnictv\u00ed zem\u011b majetek v\u00a0hodnot\u011b astronomick\u00fdch 600 tis\u00edc zlat\u00fdch. Finan\u010dn\u00ed \u00fasp\u011bch Jubilejn\u00ed v\u00fdstavy v\u00a0roce 1891 tak\u00e9 podpo\u0159il organizaci podobn\u00fdch akc\u00ed v\u00a0dal\u0161\u00edch letech.<\/p>\r\n<h3><\/h3>\r\n<h3>Vlastenec a\u00a0filantrop<\/h3>\r\n<p>Ve\u00a0v\u00fd\u010dtu aktivit Bohumila Bondyho nelze opomenout ani jeho vlasteneck\u00e9 snahy. T\u00fdkaly se p\u0159edev\u0161\u00edm \u010desko-\u017eidovsk\u00e9ho hnut\u00ed, jeho\u017e c\u00edlem bylo p\u0159ibl\u00ed\u017eit p\u0159\u00edslu\u0161n\u00edky \u017eidovsk\u00e9 men\u0161iny k\u00a0tehdy se emancipuj\u00edc\u00edmu \u010desk\u00e9mu n\u00e1rodu. Byl podporovatelem a\u00a0\u010destn\u00fdm \u010dlenem Spolku \u010desk\u00fdch akademik\u016f \u017eid\u016f nebo spole\u010dnosti Or-Tomid, kter\u00e1 propagovala pou\u017e\u00edv\u00e1n\u00ed \u010de\u0161tiny jako liturgick\u00e9ho jazyka p\u0159i \u017eidovsk\u00fdch bohoslu\u017eb\u00e1ch. D\u00e1le byl \u010dlenem v\u00edce ne\u017e 80 spolk\u016f a\u00a0korporac\u00ed \u2013 finan\u010dn\u011b p\u0159isp\u00edval na\u00a0fungov\u00e1n\u00ed Svatoboru (spolku na\u00a0podporu \u010desk\u00fdch spisovatel\u016f), \u00dast\u0159edn\u00ed Matice \u0161kolsk\u00e9, \u010cesk\u00e9 d\u011btsk\u00e9 nemocnice a\u00a0dal\u0161\u00edch.<\/p>\r\n<p>Sv\u016fj z\u00e1jem o\u00a0synt\u00e9zu \u010de\u0161stv\u00ed a\u00a0\u017eidovstv\u00ed projevil v\u00a0z\u00e1v\u011bru \u017eivota, kdy p\u0159ipravil a\u00a0vydal knihu Prameny k\u00a0d\u011bjin\u00e1m \u017eid\u016f v\u00a0\u010cech\u00e1ch, Morav\u011b a\u00a0Slezsku, ve\u00a0kter\u00e9 citoval mno\u017estv\u00ed p\u00edsemnost\u00ed dokumentuj\u00edc\u00edch \u017eivot \u017eid\u016f v\u00a0\u010desk\u00fdch zem\u00edch. O\u00a0v\u00fdznamu a\u00a0\u00fact\u011b, kter\u00e9 se Bondy t\u011b\u0161il, sv\u011bd\u010d\u00ed i\u00a0\u010d\u00e1st nekrologu oti\u0161t\u011bn\u00e9ho v\u00a0Kalend\u00e1\u0159i \u010desko\u017eidovsk\u00e9m v\u00a0roce 1907: \u201eBohumil Bondy byl u\u00a0n\u00e1s zjevem v\u00fdjime\u010dn\u00fdm; mu\u017e \u017eelezn\u00e9 praxe a\u00a0nezlomn\u00e9 energie, hlubok\u00e9ho vzd\u011bl\u00e1n\u00ed a\u00a0m\u011bkk\u00e9ho, \u0161lechetn\u00e9ho srdce. Byl vynikaj\u00edc\u00edm pr\u016fmysln\u00edkem, positivn\u00edm praktikem n\u00e1rodohospod\u00e1\u0159sk\u00fdm, m\u011bl v\u0161ak v\u0159el\u00e9 porozum\u011bn\u00ed pro kulturn\u00ed pot\u0159eby n\u00e1roda a\u00a0dovedl se zan\u00edtiti pro ide\u00e1ln\u00ed z\u00e1jmy sv\u00e9ho lidu.\u201c \u25cb<\/p>\r\n<hr \/>\r\n<p>1 Portr\u00e9t Bohumila Bondyho z\u00a0roku 1902.<\/p>\r\n<p>&nbsp;<\/p>\r\n<p>2 Reklama Bondyho stroj\u00edrny z\u00a0roku 1891.<\/p>\r\n<p>&nbsp;<\/p>\r\n<p>3 Ocelov\u00e1 konstrukce ur\u010den\u00e1 na\u00a0stavbu dvorany hlavn\u00edho n\u00e1dra\u017e\u00ed slo\u017een\u00e1 v\u00a0are\u00e1lu Bondyho firmy v\u00a0Bubnech v\u00a0roce 1905.<\/p>\r\n<p>&nbsp;<\/p>\r\n<p>4 Bondyho ulice v\u00a0Hole\u0161ovic\u00edch z\u00edskala sv\u00e9 jm\u00e9no v\u00a0roce 1996, kdy byla po\u00a0v\u00fdznamn\u00e9m pr\u016fmysln\u00edkovi pojmenov\u00e1na ji\u017e existuj\u00edc\u00ed spojnice ulic Vrbensk\u00e9ho a\u00a0Argentinsk\u00e1.<\/p>\r\n<p>&nbsp;<\/p>\r\n<p>5 Hrob rodiny Bondyov\u00fdch na\u00a0Nov\u00e9m \u017eidovsk\u00e9m h\u0159bitov\u011b. Autorem n\u00e1hrobku byl v\u00fdznamn\u00fd architekt Josef Fanta (1856\u20131954).<\/p>","protected":false},"excerpt":{"rendered":"[perex]Spojen\u00e9 obce Hole\u0161ovice-Bubny byly od poloviny 19.&nbsp;stolet\u00ed m\u00edstem, kde se prudce rozv\u00edjel pr\u016fmysl. Br\u00e1ny tov\u00e1ren se u\u017e d\u00e1vno zav\u0159ely, stejn\u011b jako osudy jejich zakladatel\u016f. P\u0159esto se mezi pion\u00fdry hole\u0161ovick\u00e9ho pr\u016fmyslu najde \u0159ada osobnost\u00ed, kter\u00e9 stoj\u00ed za p\u0159ipomenut\u00ed. Jednou z&nbsp;nich je i&nbsp;podnikatel, politik a&nbsp;filantrop Bohumil Bondy. [\/perex]Bohumil Bondy se narodil 15.&nbsp;listopadu 1832 v\u00a0Praze v\u00a0Dlouh\u00e9 ulici na\u00a0Star\u00e9m [&hellip;]","protected":false},"author":2,"featured_media":0,"comment_status":"open","ping_status":"open","sticky":false,"template":"","format":"standard","meta":[],"categories":[37],"tags":[],"_links":{"self":[{"href":"https:\/\/www.praha7.cz\/api\/wp\/v2\/posts\/4338"}],"collection":[{"href":"https:\/\/www.praha7.cz\/api\/wp\/v2\/posts"}],"about":[{"href":"https:\/\/www.praha7.cz\/api\/wp\/v2\/types\/post"}],"author":[{"embeddable":true,"href":"https:\/\/www.praha7.cz\/api\/wp\/v2\/users\/2"}],"replies":[{"embeddable":true,"href":"https:\/\/www.praha7.cz\/api\/wp\/v2\/comments?post=4338"}],"version-history":[{"count":2,"href":"https:\/\/www.praha7.cz\/api\/wp\/v2\/posts\/4338\/revisions"}],"predecessor-version":[{"id":4420,"href":"https:\/\/www.praha7.cz\/api\/wp\/v2\/posts\/4338\/revisions\/4420"}],"wp:attachment":[{"href":"https:\/\/www.praha7.cz\/api\/wp\/v2\/media?parent=4338"}],"wp:term":[{"taxonomy":"category","embeddable":true,"href":"https:\/\/www.praha7.cz\/api\/wp\/v2\/categories?post=4338"},{"taxonomy":"post_tag","embeddable":true,"href":"https:\/\/www.praha7.cz\/api\/wp\/v2\/tags?post=4338"}],"curies":[{"name":"wp","href":"https:\/\/api.w.org\/{rel}","templated":true}]}}