    
{"id":43275,"date":"2020-11-04T10:45:41","date_gmt":"2020-11-04T09:45:41","guid":{"rendered":"https:\/\/www.praha7.cz\/?p=43275"},"modified":"2020-11-04T10:45:56","modified_gmt":"2020-11-04T09:45:56","slug":"praha-zridila-hotline-technickou-pomoc-pro-ucitele-i-zaky-k-zabezpeceni-online-vyuky","status":"publish","type":"post","link":"https:\/\/www.praha7.cz\/praha-zridila-hotline-technickou-pomoc-pro-ucitele-i-zaky-k-zabezpeceni-online-vyuky\/","title":{"rendered":"Praha z\u0159\u00eddila hotline technickou pomoc pro u\u010ditele i&nbsp;\u017e\u00e1ky k&nbsp;zabezpe\u010den\u00ed online v\u00fduky"},"content":{"rendered":"<p>[perex]<\/p>\r\n<p>Hlavn\u00ed m\u011bsto ve spolupr\u00e1ci s\u00a0pra\u017esk\u00fdmi domy d\u011bt\u00ed a&nbsp;ml\u00e1de\u017ee reagovalo na rostouc\u00ed technick\u00e9 probl\u00e9my, kter\u00e9 mnohdy komplikuj\u00ed d\u00e1lkov\u00e9 vzd\u011bl\u00e1v\u00e1n\u00ed d\u011bt\u00ed. Vytvo\u0159ilo webovou str\u00e1nku <a href=\"http:\/\/www.pomocskolam.cz\">www.pomocskolam.cz<\/a>, prost\u0159ednictv\u00edm kter\u00e9 mohou jak u\u010ditel\u00e9, tak i&nbsp;\u017e\u00e1ci nov\u011b po\u017e\u00e1dat o&nbsp;technickou pomoc.<\/p>\r\n<p>[\/perex]<\/p>\r\n<p><em>\u201eMinul\u00fd t\u00fdden jsem kontaktoval Libora Bezd\u011bka, \u0159editele Domu d\u011bt\u00ed a&nbsp;ml\u00e1de\u017ee hlavn\u00edho m\u011bsta Prahy, se z\u00e1m\u011brem technicky pomoci zabezpe\u010dit distan\u010dn\u00ed v\u00fduku ve \u0161kol\u00e1ch a&nbsp;vytvo\u0159it t\u00fdm odborn\u00fdch IT pracovn\u00edk\u016f z\u00a0pra\u017esk\u00fdch dom\u016f d\u011bt\u00ed a&nbsp;ml\u00e1de\u017ee, kte\u0159\u00ed by prost\u0159ednictv\u00edm jednoduch\u00e9ho formul\u00e1\u0159e technick\u00fd probl\u00e9m vy\u0159e\u0161ili. V\u00a0posledn\u00ed dob\u011b se dost \u010dasto st\u00e1valo, \u017ee odborn\u00edci na \u0161kol\u00e1ch s\u00a0ohledem na objem provozu jsou \u0159e\u0161en\u00edm pr\u016fb\u011b\u017en\u011b vznikaj\u00edc\u00edch probl\u00e9m\u016f natolik zahlceni, \u017ee je v\u00a0tuto chv\u00edli ka\u017ed\u00e1 pomoc v\u00edtan\u00e1,\u201c<\/em> reagoval na vznikaj\u00edc\u00ed situaci radn\u00ed hl. m. Prahy pro oblast \u0161kolstv\u00ed V\u00edt \u0160imral.<\/p>\r\n<p>K dispozici jsou odborn\u00edci hned na n\u011bkolik komunika\u010dn\u00edch platforem \u2013 Google Classroom, MS Teams a&nbsp;Zoom. Ti jsou p\u0159ipraveni po telefonu, respektive prost\u0159ednictv\u00edm jednoduch\u00e9ho elektronick\u00e9ho formul\u00e1\u0159e, popsan\u00fd probl\u00e9m s&nbsp;funk\u010dn\u00edm p\u0159ipojen\u00edm do konferen\u010dn\u00edch videohovor\u016f co nejrychleji vy\u0159e\u0161it. Sta\u010d\u00ed zadat sv\u016fj po\u017eadavek na str\u00e1nk\u00e1ch <a href=\"http:\/\/www.pomocskolam.cz\">www.pomocskolam.cz<\/a>.<\/p>\r\n<p><em>\u201ePokud si nev\u00edte rady s\u00a0va\u0161\u00ed technikou p\u0159i online v\u00fduce, nebo se v\u00e1m stane, \u017ee zni\u010dehonic nevid\u00edte sv\u00e9 spolu\u017e\u00e1ky \u010di u\u010ditele, p\u0159estane j\u00edt kamera nebo mikrofon, ode\u0161lete formul\u00e1\u0159 a&nbsp;n\u00e1\u0161 t\u00fdm IT odborn\u00edk\u016f pra\u017esk\u00fdch dom\u016f d\u011bt\u00ed a&nbsp;ml\u00e1de\u017ee se bude sna\u017eit co nejrychleji pomoci,\u201c<\/em> doplnil p\u0159\u00edklady mo\u017en\u00fdch technick\u00fdch probl\u00e9m\u016f \u0159editel Domu d\u011bt\u00ed a&nbsp;ml\u00e1de\u017ee hl. m. Prahy Libor Bezd\u011bk.<\/p>","protected":false},"excerpt":{"rendered":"[perex] Hlavn\u00ed m\u011bsto ve spolupr\u00e1ci s\u00a0pra\u017esk\u00fdmi domy d\u011bt\u00ed a&nbsp;ml\u00e1de\u017ee reagovalo na rostouc\u00ed technick\u00e9 probl\u00e9my, kter\u00e9 mnohdy komplikuj\u00ed d\u00e1lkov\u00e9 vzd\u011bl\u00e1v\u00e1n\u00ed d\u011bt\u00ed. Vytvo\u0159ilo webovou str\u00e1nku www.pomocskolam.cz, prost\u0159ednictv\u00edm kter\u00e9 mohou jak u\u010ditel\u00e9, tak i&nbsp;\u017e\u00e1ci nov\u011b po\u017e\u00e1dat o&nbsp;technickou pomoc. [\/perex] \u201eMinul\u00fd t\u00fdden jsem kontaktoval Libora Bezd\u011bka, \u0159editele Domu d\u011bt\u00ed a&nbsp;ml\u00e1de\u017ee hlavn\u00edho m\u011bsta Prahy, se z\u00e1m\u011brem technicky pomoci zabezpe\u010dit distan\u010dn\u00ed [&hellip;]","protected":false},"author":5,"featured_media":42650,"comment_status":"closed","ping_status":"open","sticky":false,"template":"","format":"standard","meta":[],"categories":[34],"tags":[],"_links":{"self":[{"href":"https:\/\/www.praha7.cz\/api\/wp\/v2\/posts\/43275"}],"collection":[{"href":"https:\/\/www.praha7.cz\/api\/wp\/v2\/posts"}],"about":[{"href":"https:\/\/www.praha7.cz\/api\/wp\/v2\/types\/post"}],"author":[{"embeddable":true,"href":"https:\/\/www.praha7.cz\/api\/wp\/v2\/users\/5"}],"replies":[{"embeddable":true,"href":"https:\/\/www.praha7.cz\/api\/wp\/v2\/comments?post=43275"}],"version-history":[{"count":1,"href":"https:\/\/www.praha7.cz\/api\/wp\/v2\/posts\/43275\/revisions"}],"predecessor-version":[{"id":43276,"href":"https:\/\/www.praha7.cz\/api\/wp\/v2\/posts\/43275\/revisions\/43276"}],"wp:featuredmedia":[{"embeddable":true,"href":"https:\/\/www.praha7.cz\/api\/wp\/v2\/media\/42650"}],"wp:attachment":[{"href":"https:\/\/www.praha7.cz\/api\/wp\/v2\/media?parent=43275"}],"wp:term":[{"taxonomy":"category","embeddable":true,"href":"https:\/\/www.praha7.cz\/api\/wp\/v2\/categories?post=43275"},{"taxonomy":"post_tag","embeddable":true,"href":"https:\/\/www.praha7.cz\/api\/wp\/v2\/tags?post=43275"}],"curies":[{"name":"wp","href":"https:\/\/api.w.org\/{rel}","templated":true}]}}