    
{"id":43155,"date":"2020-10-30T14:09:47","date_gmt":"2020-10-30T13:09:47","guid":{"rendered":"https:\/\/www.praha7.cz\/?p=43155"},"modified":"2020-11-02T10:18:25","modified_gmt":"2020-11-02T09:18:25","slug":"cyklus-on-line-prednasek-historicke-klenoty-prahy-7","status":"publish","type":"post","link":"https:\/\/www.praha7.cz\/cyklus-on-line-prednasek-historicke-klenoty-prahy-7\/","title":{"rendered":"Cyklus on-line p\u0159edn\u00e1\u0161ek: Historick\u00e9 klenoty Prahy&nbsp;7"},"content":{"rendered":"<p>[perex]<\/p>\r\n<p>Z d\u016fvodu omezen\u00ed aktivit na\u017eivo p\u0159ipravila m\u011bstsk\u00e1 \u010d\u00e1st Praha&nbsp;7 ve spolupr\u00e1ci s&nbsp;vzd\u011bl\u00e1vac\u00edm centrem <a href=\"https:\/\/www.elpida.cz\/pristav7\" target=\"_blank\" rel=\"noopener\">P\u0159\u00edstav 7<\/a> kr\u00e1tk\u00fd cyklus on-line\u00a0p\u0159edn\u00e1\u0161ek pro seniory v&nbsp;r\u00e1mci Akademie celo\u017eivotn\u00edho vzd\u011bl\u00e1v\u00e1n\u00ed. T\u00e9mata se budou dot\u00fdkat historie a&nbsp;architektury Prahy&nbsp;7 a&nbsp;prost\u0159ed\u00edm Letn\u00e9 a&nbsp;Hole\u0161ovic bude jako lektor prov\u00e1zet nad\u0161en\u00fd milovn\u00edk Sedmi\u010dky a&nbsp;autor pravideln\u00fdch \u010dl\u00e1nk\u016f v&nbsp;m\u011bs\u00ed\u010dn\u00edku Hobulet pan Stanislav V\u00e1clavovic.<\/p>\r\n<p>Prvn\u00ed term\u00edn je ji\u017e\u00a0<strong>9.&nbsp;listopadu od 14 hod.<\/strong>\u00a0a to na poutav\u00e9 t\u00e9ma\u00a0Industri\u00e1ln\u00ed z\u00e1kout\u00ed \u010dtvrt\u00ed Letn\u00e1 a&nbsp;Bubny.<\/p>\r\n<p>[\/perex]<\/p>\r\n<p><span style=\"text-decoration: underline;\"><strong>P\u0159ihl\u00e1\u0161en\u00ed a&nbsp;informace na tel.: 222&nbsp;264&nbsp;846 nebo e-mailem: pristav7@elpida.cz<\/strong><\/span><\/p>\r\n<table style=\"width: 555.2px;\">\r\n<tbody>\r\n<tr>\r\n<td style=\"width: 231px;\">Term\u00edn:<\/td>\r\n<td style=\"width: 330.2px;\">T\u00e9ma:<\/td>\r\n<\/tr>\r\n<tr>\r\n<td style=\"width: 231px;\">po 9.&nbsp;11.&nbsp;2020&nbsp;14.00 \u2013 15.30<\/td>\r\n<td style=\"width: 330.2px;\">Industri\u00e1ln\u00ed z\u00e1kout\u00ed \u010dtvrt\u00ed Letn\u00e1 a&nbsp;Bubny<\/td>\r\n<\/tr>\r\n<tr>\r\n<td style=\"width: 231px;\">po 7.&nbsp;12.&nbsp;2020&nbsp;14.00 \u2013 15.30<\/td>\r\n<td style=\"width: 330.2px;\">Pr\u016fmyslov\u00e1 historie Hole\u0161ovic<\/td>\r\n<\/tr>\r\n<tr>\r\n<td style=\"width: 231px;\">po 11.&nbsp;1.&nbsp;2021&nbsp;14.00 \u2013 15.30<\/td>\r\n<td style=\"width: 330.2px;\">Fenom\u00e9n sportu v&nbsp;Praze 7<\/td>\r\n<\/tr>\r\n<tr>\r\n<td style=\"width: 231px;\">po 8.&nbsp;2.&nbsp;2021\u00a014.00 \u2013 15.30<\/td>\r\n<td style=\"width: 330.2px;\">V\u00fdstavi\u0161t\u011b v&nbsp;dob\u00e1ch sv\u00e9 nejv\u011bt\u0161\u00ed sl\u00e1vy<\/td>\r\n<\/tr>\r\n<\/tbody>\r\n<\/table>\r\n<p>P\u0159ipojit se lze p\u0159es on-line u\u010debnu P\u0159\u00edstavu 7.\u00a0V\u00a0p\u0159\u00edpad\u011b, \u017ee nem\u00e1te po\u010d\u00edta\u010d nebo chytr\u00fd telefon, na kter\u00fdch byste mohli p\u0159edn\u00e1\u0161ky sledovat, m\u016f\u017eete vyu\u017e\u00edt mo\u017enosti z\u00e1p\u016fj\u010dky tabletu i&nbsp;s\u00a0internetov\u00fdm p\u0159ipojen\u00edm\u00a0zdarma\u00a0a n\u00e1v\u0161t\u011bvu pracovn\u00edka, kter\u00fd vysv\u011btl\u00ed, jak s&nbsp;p\u0159\u00edstrojem pracovat. Pracovn\u00edk bude\u00a0testovan\u00fd na covid, nemus\u00edte se tedy ni\u010deho ob\u00e1vat.<\/p>","protected":false},"excerpt":{"rendered":"[perex] Z&nbsp;d\u016fvodu omezen\u00ed aktivit na\u017eivo p\u0159ipravila m\u011bstsk\u00e1 \u010d\u00e1st Praha&nbsp;7 ve spolupr\u00e1ci s&nbsp;vzd\u011bl\u00e1vac\u00edm centrem P\u0159\u00edstav 7 kr\u00e1tk\u00fd cyklus on-line\u00a0p\u0159edn\u00e1\u0161ek pro seniory v&nbsp;r\u00e1mci Akademie celo\u017eivotn\u00edho vzd\u011bl\u00e1v\u00e1n\u00ed. T\u00e9mata se budou dot\u00fdkat historie a&nbsp;architektury Prahy&nbsp;7 a&nbsp;prost\u0159ed\u00edm Letn\u00e9 a&nbsp;Hole\u0161ovic bude jako lektor prov\u00e1zet nad\u0161en\u00fd milovn\u00edk Sedmi\u010dky a&nbsp;autor pravideln\u00fdch \u010dl\u00e1nk\u016f v&nbsp;m\u011bs\u00ed\u010dn\u00edku Hobulet pan Stanislav V\u00e1clavovic. Prvn\u00ed term\u00edn je ji\u017e\u00a09.&nbsp;listopadu od [&hellip;]","protected":false},"author":97,"featured_media":43156,"comment_status":"closed","ping_status":"open","sticky":false,"template":"","format":"standard","meta":[],"categories":[34],"tags":[],"_links":{"self":[{"href":"https:\/\/www.praha7.cz\/api\/wp\/v2\/posts\/43155"}],"collection":[{"href":"https:\/\/www.praha7.cz\/api\/wp\/v2\/posts"}],"about":[{"href":"https:\/\/www.praha7.cz\/api\/wp\/v2\/types\/post"}],"author":[{"embeddable":true,"href":"https:\/\/www.praha7.cz\/api\/wp\/v2\/users\/97"}],"replies":[{"embeddable":true,"href":"https:\/\/www.praha7.cz\/api\/wp\/v2\/comments?post=43155"}],"version-history":[{"count":5,"href":"https:\/\/www.praha7.cz\/api\/wp\/v2\/posts\/43155\/revisions"}],"predecessor-version":[{"id":43196,"href":"https:\/\/www.praha7.cz\/api\/wp\/v2\/posts\/43155\/revisions\/43196"}],"wp:featuredmedia":[{"embeddable":true,"href":"https:\/\/www.praha7.cz\/api\/wp\/v2\/media\/43156"}],"wp:attachment":[{"href":"https:\/\/www.praha7.cz\/api\/wp\/v2\/media?parent=43155"}],"wp:term":[{"taxonomy":"category","embeddable":true,"href":"https:\/\/www.praha7.cz\/api\/wp\/v2\/categories?post=43155"},{"taxonomy":"post_tag","embeddable":true,"href":"https:\/\/www.praha7.cz\/api\/wp\/v2\/tags?post=43155"}],"curies":[{"name":"wp","href":"https:\/\/api.w.org\/{rel}","templated":true}]}}