    
{"id":4311,"date":"2016-05-24T15:47:10","date_gmt":"2016-05-24T13:47:10","guid":{"rendered":"https:\/\/praha7.cz\/?p=4311"},"modified":"2017-12-27T07:21:47","modified_gmt":"2017-12-27T06:21:47","slug":"misto-pro-vsechny","status":"publish","type":"post","link":"https:\/\/www.praha7.cz\/misto-pro-vsechny\/","title":{"rendered":"M\u00edsto pro v\u0161echny?"},"content":{"rendered":"<p>[perex]<\/p>\r\n<p>Sedmi\u010dka se v&nbsp;posledn\u00edch letech prom\u011b\u0148uje zp\u016fsobem, kter\u00fd nemus\u00ed b\u00fdt ka\u017ed\u00e9mu p\u0159\u00edjemn\u00fd. Obecn\u011b se tento v\u00fdvoj ozna\u010duje pojmem gentrifikace. Co p\u0159esn\u011b tato d\u011blic\u00ed \u010d\u00e1ra mezi chud\u00fdmi a&nbsp;bohat\u00fdmi znamen\u00e1 a&nbsp;jakou m\u011brou k&nbsp;n\u00ed doch\u00e1z\u00ed v&nbsp;na\u0161\u00ed \u010dtvrti?<\/p>\r\n<p>[\/perex]<\/p>\r\n<p>D\u011bje se to skoro m\u011bs\u00edc co m\u011bs\u00edc. Na\u00a0Sedmi\u010dce vyr\u016fstaj\u00ed jako houby po\u00a0de\u0161ti podniky, kter\u00e9 by je\u0161t\u011b p\u0159ed deseti patn\u00e1cti lety platily za\u00a0pravou exotiku: obchody s\u00a0farm\u00e1\u0159sk\u00fdmi potravinami nebo vinylov\u00fdmi deskami, bistra s\u00a0vegansk\u00fdmi hamburgery \u010di bary s\u00a0pivy zna\u010dek, o\u00a0kter\u00fdch pr\u016fm\u011brn\u00fd konzument v\u00a0\u017eivot\u011b nesly\u0161el. A\u00a0samoz\u0159ejm\u011b kav\u00e1rny, v\u00a0nich\u017e se u\u00a0stol\u016f z\u00a0neopracovan\u00e9ho d\u0159eva skl\u00e1n\u00ed \u201ekreativn\u00ed t\u0159\u00edda\u201c nad laptopy a\u00a0usrk\u00e1v\u00e1 fair trade k\u00e1vu od\u00a0p\u011bstitele, jeho\u017e zn\u00e1 fousat\u00fd barista jm\u00e9nem. Pr\u00e1v\u011b to je kli\u0161\u00e9, kter\u00e9 pr\u016fm\u011brn\u00e9mu Pra\u017eanovi vyvstane na\u00a0mysli, kdy\u017e se dnes \u0159ekne Letn\u00e1.<\/p>\r\n<p>Byly ov\u0161em \u010dasy, kdy z\u00e1padn\u00ed polovina Sedmi\u010dky t\u00edmto zp\u016fsobem vyhl\u00e1\u0161en\u00e1 nebyla. \u201eJako mladou d\u00edvku m\u011b v\u00edce zaj\u00edmaly kav\u00e1rny ve\u00a0vnit\u0159n\u00ed Praze, jako byl Filmov\u00fd klub, Slovansk\u00fd d\u016fm nebo Viola. Nepamatuji si na\u00a0Letn\u00e9 na\u00a0\u017e\u00e1dnou v\u00fdzna\u010dnou kav\u00e1rnu, sp\u00ed\u0161 jen hospody,\u201c \u0159\u00edk\u00e1 osma\u0161edes\u00e1tilet\u00e1 Dagmar Kierans, kter\u00e1 vyr\u016fstala v\u00a0ulici Na\u00a0Z\u00e1torce a\u00a0po\u00a0letech emigrace se v\u00a0polovin\u011b devades\u00e1t\u00fdch let vr\u00e1tila do\u00a0Prahy. \u201eCo se t\u00fd\u010de kav\u00e1ren a\u00a0restaurac\u00ed, ka\u017ed\u00fdm rokem se to tady lep\u0161\u00ed a\u00a0lep\u0161\u00ed.\u201c<\/p>\r\n<p>N\u00e1r\u016fst po\u010dtu podnik\u016f s\u00a0dobr\u00fdm j\u00eddlem a\u00a0pit\u00edm odr\u00e1\u017e\u00ed obecn\u011b zv\u00fd\u0161enou \u017eivotn\u00ed \u00farove\u0148 obyvatel \u010dtvrti, ale tak\u00e9 \u010d\u00e1ste\u010dnou prom\u011bnu jejich slo\u017een\u00ed. Vyhl\u00e1\u0161en\u00e1 \u010dtvr\u0165 l\u00e1k\u00e1 movit\u011bj\u0161\u00ed obyvatele, rostou ceny n\u00e1jm\u016f a\u00a0doch\u00e1z\u00ed ke\u00a0st\u011bhov\u00e1n\u00ed p\u016fvodn\u00edch usedl\u00edk\u016f jinam. To je ve\u00a0zkratce fenom\u00e9n, kter\u00e9mu se \u0159\u00edk\u00e1 gentrifikace.<\/p>\r\n<p>&nbsp;<\/p>\r\n<h3>Kam a\u017e to m\u016f\u017ee v\u00e9st?<\/h3>\r\n<p>Zat\u00edmco v\u00a0\u010cR za\u010d\u00edn\u00e1 pouze vystrkovat r\u016f\u017eky, s\u00a0p\u0159\u00edm\u00fdmi d\u016fsledky p\u0159\u00edlivu mlad\u0161\u00edch a\u00a0movit\u011bj\u0161\u00edch obyvatel maj\u00ed zku\u0161enosti hned v\u00a0n\u011bkolika berl\u00ednsk\u00fdch \u010dtvrt\u00edch, nap\u0159\u00edklad v\u00a0Prenzlauer Bergu. Tam\u011bj\u0161\u00ed \u0161ik kav\u00e1rny jsou pln\u00e9 t\u0159ic\u00e1tn\u00edk\u016f, pod\u00edl obyvatel nad p\u011bta\u0161edes\u00e1t let ve\u00a0st\u0159edu \u010dtvrti ale \u010din\u00ed pouh\u00fdch sedm procent. \u201eM\u00e1me sklon nahl\u00ed\u017eet na\u00a0tento v\u00fdvoj jako na\u00a0rozkol mezi mlad\u0161\u00edmi a\u00a0star\u0161\u00edmi generacemi. Kdy\u017e se ale pod\u00edv\u00e1me bl\u00ed\u017ee, zjist\u00edme, \u017ee d\u011blic\u00ed \u010d\u00e1ra proch\u00e1z\u00ed mezi chud\u00fdmi a\u00a0bohat\u00fdmi,\u201c \u0159\u00edk\u00e1 n\u011bmeck\u00fd odborn\u00edk na\u00a0gentrifikaci Andrej Holm. \u201eNa\u00a0rozd\u00edl od\u00a0p\u0159ist\u011bhoval\u00e9ho z\u00e1stupce st\u0159edn\u00ed a\u00a0vy\u0161\u0161\u00ed t\u0159\u00eddy si d\u016fchodce v\u00a0p\u016fvodn\u011b d\u011blnick\u00e9 \u010dtvrti d\u0159\u00edve \u010di pozd\u011bji nem\u016f\u017ee dovolit zvy\u0161uj\u00edc\u00ed se n\u00e1jem, pota\u017emo koupit byt.\u201c<\/p>\r\n<p>Je\u0161t\u011b k\u0159iklav\u011bj\u0161\u00edm p\u0159\u00edkladem takov\u00e9ho v\u00fdvoje jsou n\u011bkter\u00e9 \u010dtvrti v\u00a0San Francisku, kde n\u00e1jemn\u00e9 roste tempem p\u0159es deset procent ro\u010dn\u011b. Za\u00a0garsonku v\u00a0p\u016fvodn\u011b p\u0159ist\u011bhovaleck\u00e9 \u010d\u00e1sti Mission District se dnes plat\u00ed p\u0159es t\u0159i tis\u00edce dolar\u016f m\u011bs\u00ed\u010dn\u011b. A\u00a0jin\u00e9 j\u00eddlo ne\u017e rychl\u00e9 ob\u010derstven\u00ed t\u011b\u017eko se\u017eenete za\u00a0m\u00e9n\u011b ne\u017e t\u0159icet dolar\u016f, \u010dtvrtinka piva z\u00a0biosladu stoj\u00ed osm. Symbolem San Franciska se tak\u00e9 staly b\u00edl\u00e9 autobusy s\u00a0tmav\u00fdmi skly, p\u0159ezd\u00edvan\u00e9 Googlebusy podle jednoho z\u00a0internetov\u00fdch koncern\u016f, kter\u00e9 sv\u00fdm zam\u011bstnanc\u016fm nab\u00edz\u00ed dopravu zdarma do\u00a0\u0161edes\u00e1t kilometr\u016f vzd\u00e1len\u00e9ho Silicon Valley. Tedy t\u011bm, kv\u016fli kter\u00fdm starousedl\u00edci \u010del\u00ed zvy\u0161uj\u00edc\u00edm se \u017eivotn\u00edm n\u00e1klad\u016fm. Do\u0161lo u\u017e i\u00a0na\u00a0h\u00e1zen\u00ed kamen\u016f na\u00a0tyto nen\u00e1vid\u011bn\u00e9 \u201evesm\u00edrn\u00e9 lodi, ve\u00a0kter\u00fdch p\u0159ist\u00e1li mimozem\u0161t\u00ed feud\u00e1ln\u00ed p\u00e1ni\u201c, jak p\u00ed\u0161e kalifornsk\u00e1 spisovatelka a\u00a0aktivistka Rebecca Solnit.<\/p>\r\n<p>K\u00a0vytla\u010dov\u00e1n\u00ed chud\u0161\u00edch obyvatel z\u00a0ur\u010dit\u00e9 oblasti bohat\u0161\u00edmi doch\u00e1zelo u\u017e v\u00a0p\u0159ekotn\u011b rostouc\u00edm starov\u011bk\u00e9m \u0158\u00edm\u011b. Pojem gentrifikace poch\u00e1z\u00ed z\u00a0anglick\u00e9ho slova \u201egentry\u201c, kter\u00e9 ozna\u010duje ni\u017e\u0161\u00ed \u0161lechtu, je\u017e se koncem devaten\u00e1ct\u00e9ho stolet\u00ed st\u011bhovala z\u00a0venkova do\u00a0velk\u00fdch m\u011bst. Proces gentrifikace byl v\u0161ak pops\u00e1n a\u017e v\u00a0\u0161edes\u00e1t\u00fdch letech minul\u00e9ho stolet\u00ed.<\/p>\r\n<p>U\u010debnicov\u011b prob\u00edh\u00e1 takto: \u010dtvr\u0165 v\u00a0\u0161ir\u0161\u00edm centru metropole z\u00edsk\u00e1 p\u0159ipojen\u00ed k\u00a0metru a\u00a0z\u00e1rove\u0148 v\u00a0n\u00ed zav\u0159ou spalovnu (nebo jako v\u00a0p\u0159\u00edpad\u011b Prenzlauer Bergu v\u00a0n\u00ed padne Berl\u00ednsk\u00e1 ze\u010f). Pr\u00e1v\u011b d\u00edky p\u016fvodn\u011b ni\u017e\u0161\u00ed kvalit\u011b \u017eivota v\u00a0n\u00ed dosud \u017eili sp\u00ed\u0161e chud\u0161\u00ed lid\u00e9, najednou se v\u0161ak z\u00a0nejr\u016fzn\u011bj\u0161\u00edch d\u016fvod\u016f st\u00e1v\u00e1 atraktivn\u00ed i\u00a0pro ty movit\u011bj\u0161\u00ed. Pr\u016fkopn\u00edky nov\u00e9ho os\u00eddlen\u00ed b\u00fdvaj\u00ed um\u011blci, studenti a\u00a0v\u0161emo\u017en\u00ed nonkonformist\u00e9, kter\u00e9 l\u00e1kaj\u00ed n\u00edzk\u00e9 n\u00e1jmy v\u00a0zaj\u00edmav\u00e9 lokalit\u011b. Vedle d\u011blnick\u00fdch hospod otev\u00edraj\u00ed stylov\u00e9 bary, nez\u00e1visl\u00e9 galerie a\u00a0komunitn\u00ed zahrady.<\/p>\r\n<p>Pro m\u00e9n\u011b alternativn\u00ed, zato l\u00e9pe zaji\u0161t\u011bn\u00e9 z\u00e1jemce o\u00a0bydlen\u00ed se adresa v\u00a0trendy \u010dtvrti st\u00e1v\u00e1 jak\u00fdmsi statusov\u00fdm symbolem. Podobn\u011b jako na\u00a0Letn\u00e9. \u201eJasn\u011b, zn\u00e1m spoustu lid\u00ed, co tu bydl\u00ed proto, \u017ee je to cool,\u201c p\u0159ikyvuje \u010dty\u0159iadvacetilet\u00e1 studentka fakulty humanitn\u00edch studi\u00ed Kate\u0159ina Kilianov\u00e1 nad \u0161\u00e1lkem espressa v\u00a0designov\u00e9m podniku v\u00a0Oveneck\u00e9. \u201ePodot\u00fdk\u00e1m, \u017ee to nen\u00ed m\u016fj p\u0159\u00edpad, l\u00edb\u00ed se mi v\u00fdhled na\u00a0Prahu a\u00a0to, \u017ee je tady v\u00a0ulic\u00edch tolik slunce.\u201c Co do\u00a0pot\u0159eb kulturn\u00edho a\u00a0spole\u010densk\u00e9ho vy\u017eit\u00ed je v\u0161ak roda\u010dka z\u00a0Olomouce vcelku typickou nositelkou popisovan\u00fdch zm\u011bn: m\u00edsto do\u00a0hospod chod\u00ed do\u00a0kav\u00e1ren nebo na\u00a0vernis\u00e1\u017ee modern\u00edho um\u011bn\u00ed, a\u00a0v\u00a0restauraci si st\u011b\u017e\u00ed objedn\u00e1 sv\u00ed\u010dkovou s\u00a0p\u011bti knedl\u00edky, proto\u017ee je veganka. \u201eTak zrovna dnes mi jeden mlad\u00edk \u0159ekl, \u017ee jsem letensk\u00e1 hipsterka,\u201c sm\u011bje se Kate\u0159ina. \u201eAsi proto, \u017ee m\u00e1m br\u00fdle s\u00a0tlust\u00fdmi obrou\u010dkami.\u201c<\/p>\r\n<p>&nbsp;<\/p>\r\n<h3>Odchod do\u00a0Libn\u011b<\/h3>\r\n<p>\u201ePraha&nbsp;7 je popul\u00e1rn\u00ed \u010dtvr\u0165, kter\u00e1 m\u00e1 co nab\u00eddnout mlad\u00fdm a\u00a0kreativn\u00edm lidem s\u00a0vysok\u00fdmi n\u00e1roky na\u00a0zp\u016fsob tr\u00e1ven\u00ed voln\u00e9ho \u010dasu, p\u0159\u00edjemn\u00e9 prost\u0159ed\u00ed m\u011bsta s\u00a0lidsk\u00fdm m\u011b\u0159\u00edtkem a\u00a0mno\u017estv\u00edm dob\u0159e dostupn\u00e9 zelen\u011b,\u201c \u0159\u00edk\u00e1 soci\u00e1ln\u00ed geografka Michaela Pixov\u00e1, kter\u00e1 se procesy gentrifikace dlouhodob\u011b zab\u00fdv\u00e1. \u201ePom\u011brn\u011b z\u00e1sadn\u00ed je p\u0159\u00edtomnost velk\u00e9ho mno\u017estv\u00ed kulturn\u00edch instituc\u00ed \u2013 Akademie v\u00fdtvarn\u00fdch um\u011bn\u00ed, N\u00e1rodn\u00ed galerie, DOXu, La Fabriky, spousty men\u0161\u00edch galeri\u00ed, klubu Cross a\u00a0dal\u0161\u00edch.\u201c Jej\u00ed slova potvrzuj\u00ed i\u00a0p\u0159edb\u011b\u017en\u00e9 z\u00e1v\u011bry Strategick\u00e9ho pl\u00e1nu rozvoje M\u010c Praha&nbsp;7, podle kter\u00e9ho obyvatel\u00e9 Sedmi\u010dky nejv\u00edce oce\u0148uj\u00ed dopravn\u00ed dostupnost, Stromovku a\u00a0rozmanitost \u010dtvrti s\u00a0jej\u00ed \u0161irokou nab\u00eddkou restaurac\u00ed, kav\u00e1ren a\u00a0kultury.<\/p>\r\n<p>Podobn\u011b to vid\u00ed z\u0159ejm\u011b cel\u00e1 \u0159ada dal\u0161\u00edch lid\u00ed. Po\u00a0letech \u00fabytku obyvatel od\u00a0roku 2001 toti\u017e stoup\u00e1 po\u010det rezident\u016f na\u00a0Sedmi\u010dce i\u00a0o\u00a0tis\u00edcovku ro\u010dn\u011b (na\u00a0za\u010d\u00e1tku roku 2015 tu celkem \u017eilo 42\u00a0381&nbsp;lid\u00ed). Rostouc\u00ed z\u00e1jem o\u00a0\u010dtvr\u0165 se p\u0159irozen\u011b odr\u00e1\u017e\u00ed na\u00a0cen\u00e1ch nemovitost\u00ed a\u00a0n\u00e1jm\u016f. \u201eV\u00a0Praze 7 se citeln\u011b zvy\u0161uj\u00ed n\u00e1jmy a\u00a0ceny nemovitost\u00ed, zat\u00edm ale ne do\u00a0\u017e\u00e1dn\u00e9 astronomick\u00e9 v\u00fd\u0161e,\u201c pokra\u010duje Michaela Pixov\u00e1. \u201eU\u017e se ale projevuje tendence, \u017ee ten, kdo nem\u00e1 dost pen\u011bz na\u00a0to bydlet na\u00a0Letn\u00e9, jde \u017e\u00edt do\u00a0spodn\u00edch Hole\u0161ovic. A\u00a0ten, kdo nem\u00e1 ani na\u00a0to, jde p\u0159es \u0159eku do\u00a0Libn\u011b.\u201c<\/p>\r\n<p>Tento v\u00fdvoj v\u00a0\u010desk\u00e9m kontextu ov\u0161em brzd\u00ed jedna d\u016fle\u017eit\u00e1 okolnost \u2013 jak vypl\u00fdv\u00e1 ze s\u010d\u00edt\u00e1n\u00ed lidu, dom\u016f a\u00a0byt\u016f z\u00a0roku 2011, \u017eije p\u011btina \u010desk\u00fdch dom\u00e1cnost\u00ed ve\u00a0vlastn\u00edm byt\u011b a\u00a0necel\u00fdch deset procent v\u00a0dru\u017estevn\u00edm, p\u0159i\u010dem\u017e v\u00a0podn\u00e1jmu bydl\u00ed jen n\u011bco p\u0159es dvaadvacet procent dom\u00e1cnost\u00ed. Vzhledem k\u00a0vnitrom\u011bstsk\u00e9mu charakteru \u010dtvrti je posledn\u00ed \u010d\u00edslo v\u00a0p\u0159\u00edpad\u011b Sedmi\u010dky zhruba dvojn\u00e1sobn\u00e9. Za\u00a0minul\u00e9ho veden\u00ed radnice bylo nav\u00edc privatizov\u00e1no 92 procent byt\u016f m\u011bstsk\u00e9 \u010d\u00e1sti. Jen pro srovn\u00e1n\u00ed \u2013 v\u00a0Berl\u00edn\u011b je podle \u00fadaj\u016f z\u00a0roku 2012 pronaj\u00edm\u00e1no cel\u00fdch 84 procent bytov\u00fdch jednotek. I\u00a0berl\u00ednsk\u00e1 radnice za\u010dala v\u00a0r\u00e1mci \u00faspor ve\u00a0velk\u00e9m rozprod\u00e1vat m\u011bstsk\u00e9 byty, a\u00a0to p\u0159\u00edmo do\u00a0rukou soukrom\u00fdch investor\u016f. Tak se stalo, \u017ee se za\u00a0posledn\u00edch sedm let zv\u00fd\u0161il pr\u016fm\u011brn\u00fd n\u00e1jem ve\u00a0m\u011bst\u011b t\u00e9m\u011b\u0159 o\u00a0polovinu.<\/p>\r\n<p>&nbsp;<\/p>\r\n<h3>Je\u0161t\u011b tady po\u0159\u00e1d jsme<\/h3>\r\n<p>Ka\u017edop\u00e1dn\u011b, jak dokl\u00e1daj\u00ed statistiky, Praha&nbsp;7<\/p>\r\n<p>ml\u00e1dne. Mezi novousedl\u00edky jsou nejv\u00edce zastoupeni lid\u00e9 ve\u00a0v\u011bku do\u00a0t\u0159iceti let. Pod\u00edl obyvatel nad 65 let \u010din\u00ed aktu\u00e1ln\u011b 16,3\u2009%, co\u017e je o\u00a0dva procentn\u00ed body m\u00e9n\u011b, ne\u017e je pra\u017esk\u00fd pr\u016fm\u011br. A\u00a0zat\u00edmco takzvan\u00fd index st\u00e1\u0159\u00ed byl na\u00a0Sedmi\u010dce je\u0161t\u011b v\u00a0roce 2004 v\u00fdrazn\u011b vy\u0161\u0161\u00ed, ne\u017e byl pr\u016fm\u011br v\u00a0hlavn\u00edm m\u011bst\u011b, dnes je druh\u00fd nejni\u017e\u0161\u00ed v\u00a0metropoli. Strategick\u00fd pl\u00e1n rozvoje to d\u00e1v\u00e1 do\u00a0souvislosti tak\u00e9 s\u00a0finan\u010dn\u00ed situac\u00ed star\u0161\u00edch obyvatel, kte\u0159\u00ed si bydlen\u00ed a\u00a0\u017eivot ve\u00a0\u010dtvrti \u010dasto u\u017e nemohou dovolit. \u201eN\u011bkdy si lid\u00e9 pod\u00e1vaj\u00ed \u017e\u00e1dost o\u00a0byt v\u00a0dom\u011b s\u00a0pe\u010dovatelskou slu\u017ebou i\u00a0z\u00a0obavy, \u017ee jim na\u00a0\u00fahradu n\u00e1jemn\u00e9ho u\u017e nebudou sta\u010dit pen\u00edze,\u201c komentuje situaci hlavn\u00ed koordin\u00e1torka pe\u010dovatelsk\u00e9 slu\u017eby Prahy&nbsp;7 Jana \u0160ime\u010d\u00edkov\u00e1.<\/p>\r\n<p>\u201eJe \u0161koda, \u017ee u\u017e tu nejsou ml\u00e9\u010dn\u00e9 bary, kam jste si mohli po\u00a0r\u00e1nu zaj\u00edt na\u00a0kakao a\u00a0chleba s\u00a0m\u00e1slem,\u201c povzdechne si p\u011btaosmdes\u00e1tilet\u00e1 Olga Vr\u00e1nov\u00e1, kter\u00e1 od\u00a0sv\u00fdch t\u0159\u00ed let bydl\u00ed ve\u00a0stejn\u00e9m byt\u011b v\u00a0Korunova\u010dn\u00ed ulici. \u201eDo\u00a0t\u011bch nov\u00fdch kav\u00e1ren j\u00e1 ani moje kamar\u00e1dky nechod\u00edme, je to moc drah\u00e9.\u201c Podobn\u00e9 dojmy zazn\u00edvaj\u00ed i\u00a0v\u00a0p\u0159edloni realizovan\u00e9 p\u016flro\u010dn\u00ed studii s\u00a0n\u00e1zvem Pl\u00e1nuj Letnou, v\u00a0jej\u00edm\u017e r\u00e1mci m\u011bli m\u00edstn\u00ed mo\u017enost se na\u00a0sousedsk\u00fdch setk\u00e1n\u00edch vyj\u00e1d\u0159it k\u00a0prom\u011bn\u00e1m svoj\u00ed \u010dtvrti. \u201eHlavn\u011b v\u00a0horn\u00ed \u010d\u00e1sti Letn\u00e9 si \u0159ada lid\u00ed skute\u010dn\u011b st\u011b\u017euje na\u00a0drahotu a\u00a0ztr\u00e1tu autenti\u010dnosti, c\u00edt\u00ed se vytla\u010dov\u00e1ni,\u201c \u0159\u00edk\u00e1 Pavel Boreck\u00fd, antropolog a\u00a0spoluzakladatel Anthropictures, organizace zkoumaj\u00edc\u00ed m\u011bstsk\u00fd rozvoj, kter\u00e1 studii p\u0159ipravila.<\/p>\r\n<p>&nbsp;<\/p>\r\n<h3>Art district pro v\u0161echny<\/h3>\r\n<p>Na\u00a0n\u00e1b\u0159e\u017e\u00ed Kapit\u00e1na Jaro\u0161e si ov\u0161em v\u00fd\u0161e popsan\u00e9 souvislosti uv\u011bdomuj\u00ed. \u201eD\u011bl\u00e1me v\u0161e proto, aby Sedmi\u010dka byla kulturn\u00edm centrem metropole, ale rozvoj na\u0161\u00ed m\u011bstsk\u00e9 \u010d\u00e1sti z\u00e1rove\u0148 nebyl jednostrann\u00fd,\u201c \u0159\u00edk\u00e1 radn\u00ed Silvie Kratochv\u00edlov\u00e1, do\u00a0jej\u00ed\u017e kompetence spad\u00e1 soci\u00e1ln\u00ed politika. \u201eKup\u0159\u00edkladu jsme ve\u00a0spolupr\u00e1ci s\u00a0neziskov\u00fdm sektorem i\u00a0m\u00edstn\u00edmi firmami a\u00a0\u017eivnostn\u00edky vytvo\u0159ili jedine\u010dnou s\u00ed\u0165 soci\u00e1ln\u00ed pomoci senior\u016fm, kte\u0159\u00ed se pot\u00fdkaj\u00ed s\u00a0p\u0159\u00edli\u0161 vysok\u00fdm n\u00e1jemn\u00fdm, dluhy nebo dlouhodobou samotou.\u201c Radnice tak d\u00e1v\u00e1 k\u00a0dispozici sto dvacet byt\u016f pro seniory v\u00a0dom\u011b s\u00a0pe\u010dovatelskou slu\u017ebou a\u00a0navy\u0161uje po\u010det soci\u00e1ln\u00edch byt\u016f s\u00a0n\u00e1jmem 70 korun za\u00a0metr \u010dtvere\u010dn\u00ed a\u00a0byt\u016f se sn\u00ed\u017een\u00fdm n\u00e1jemn\u00fdm 99 korun za\u00a0metr.<\/p>\r\n<p>Lid\u00e9 se nav\u00edc kv\u016fli rostouc\u00edmu n\u00e1jemn\u00e9mu nez\u0159\u00eddka dostanou do\u00a0finan\u010dn\u00edch probl\u00e9m\u016f. Opustit toti\u017e byt, kde str\u00e1vili v\u011bt\u0161inu sv\u00e9ho \u017eivota, je pro v\u011bt\u0161inu nep\u0159ekonateln\u00fd probl\u00e9m. \u201eM\u011bli jsme tu pan\u00ed, kter\u00e1 rad\u0161i bydlela a\u00a0topila jen v\u00a0kuchyni, i\u00a0kdy\u017e platila za\u00a0dal\u0161\u00ed dv\u011b m\u00edstnosti a\u00a0byt byl pro ni celkov\u011b nevyhovuj\u00edc\u00ed, prost\u011b proto, \u017ee se zde narodila a\u00a0str\u00e1vila cel\u00fd sv\u016fj \u017eivot. Po\u00a0ztr\u00e1t\u011b bl\u00edzk\u00fdch se lid\u00e9 na\u00a0sv\u00e9 zn\u00e1m\u00e9 prost\u0159ed\u00ed upnou,\u201c l\u00ed\u010d\u00ed Ludmila Koudelov\u00e1 z\u00a0odd\u011blen\u00ed soci\u00e1ln\u00ed p\u00e9\u010de, kde lidem v\u00a0nouzi krom\u011b jin\u00e9ho pomohou i\u00a0s\u00a0vypln\u011bn\u00edm \u017e\u00e1dosti o\u00a0p\u0159\u00edsp\u011bvek na\u00a0bydlen\u00ed. Nap\u0159\u00edklad loni vyplatil \u00fa\u0159ad pr\u00e1ce na\u00a0t\u00e9to d\u00e1vce jen v\u00a0Praze 7 p\u0159es 64 milion\u016f K\u010d.<\/p>\r\n<p>M\u011bstsk\u00e1 \u010d\u00e1st tak\u00e9 na\u00a0podzim spustila projekt Sedmi\u010dka senior\u016fm, jeho\u017e prost\u0159ednictv\u00edm zabezpe\u010duje nemajetn\u00fdm senior\u016fm pravidelnou stravu, z\u00e1kladn\u00ed hygienick\u00e9 pom\u016fcky a\u00a0dal\u0161\u00ed slu\u017eby. \u201eSami organizujeme podporu soci\u00e1ln\u011b nejslab\u0161\u00edch obyvatel \u010dtvrti, kter\u00fdm st\u00e1tn\u00ed syst\u00e9m soci\u00e1ln\u00ed pomoci nem\u016f\u017ee zajistit ve\u0161ker\u00e9 jejich pot\u0159eby. Mezi tyto aktivity pat\u0159\u00ed tak\u00e9 potravinov\u00e9 sb\u00edrky \u010di ob\u011bdov\u00e9 konto soukrom\u00fdch d\u00e1rc\u016f pro d\u011bti, jejich\u017e rodi\u010de si nemohou dovolit platit stravov\u00e1n\u00ed ve\u00a0\u0161kol\u00e1ch,\u201c vysv\u011btluje Silvie Kratochv\u00edlov\u00e1.<\/p>\r\n<p>Pro ty, kdo pot\u0159ebuj\u00ed dlouhodobou pomoc nebo se dostali do\u00a0t\u00ed\u017eiv\u00e9 \u017eivotn\u00ed situace a\u00a0nev\u011bd\u00ed, kam se obr\u00e1tit, radnice pr\u00e1v\u011b spustila kampa\u0148 Zeptejte se bez obav. Z\u0159\u00eddila e-mailovou adresu a\u00a0dv\u011b telefonn\u00ed linky soci\u00e1ln\u00ed pomoci, na\u00a0kter\u00e9 se m\u016f\u017ee kdokoliv zcela anonymn\u011b obr\u00e1tit pro radu. Na\u00a0\u00fa\u0159ad\u011b m\u011bstsk\u00e9 \u010d\u00e1sti tak\u00e9 funguje bezplatn\u00e1 finan\u010dn\u00ed poradna nebo pr\u00e1vn\u00ed poradenstv\u00ed zdarma. Sta\u010d\u00ed to, aby se z\u00a0Letn\u00e9 nestal pra\u017esk\u00fd Prenzlauer Berg? \u201eM\u011bstsk\u00e1 \u010d\u00e1st samoz\u0159ejm\u011b nem\u016f\u017ee ur\u010dovat ceny komer\u010dn\u00edch pron\u00e1jm\u016f,\u201c dopl\u0148uje sociolo\u017eka Pixov\u00e1. \u201eSou\u010dasn\u00e9 veden\u00ed radnice je ale na\u0161t\u011bst\u00ed soci\u00e1ln\u011b velmi citliv\u00e9 a\u00a0nap\u0159\u00edklad se sna\u017e\u00ed o\u00a0rozvoj soci\u00e1ln\u00edho bydlen\u00ed.\u201c<\/p>\r\n<p>V\u00fdvoj, kter\u00fd lze ozna\u010dit za\u00a0gentrifikaci, tedy sice jde pozorovat i\u00a0na\u00a0Sedmi\u010dce. Zdaleka v\u0161ak ne takovou m\u011brou jako t\u0159eba v\u00a0Prenzlauer Bergu, kde tento proces pokro\u010dil do\u00a0velmi hlubok\u00e9 prom\u011bny \u010dtvrti. To koneckonc\u016f potvrzuje tak\u00e9 zmi\u0148ovan\u00fd v\u00fdb\u011br restaura\u010dn\u00edch za\u0159\u00edzen\u00ed. I\u00a0v\u00a0okol\u00ed Akademie v\u00fdtvarn\u00fdch um\u011bn\u00ed nebo Letensk\u00e9ho n\u00e1m\u011bst\u00ed si toti\u017e vedle vypiplan\u00e9ho trendy j\u00eddla za\u00a0t\u0159i stovky lze d\u00e1t pivo za\u00a0t\u0159icet v\u00a0zakou\u0159en\u00e9 hospod\u011b, kde nad hlavami \u0161tamgast\u016f hraje Sparta proti Jablonci. Je hezk\u00e9, \u017ee Sedmi\u010dka a\u00a0zvl\u00e1\u0161t\u011b Letn\u00e1 plat\u00ed za\u00a0adresu, kde lid\u00e9 cht\u011bj\u00ed bydlet. D\u016fle\u017eit\u00e9 ale je, aby se tu dob\u0159e \u017eilo v\u0161em. \u25cb<\/p>\r\n<hr \/>\r\n<hr \/>\r\n<h3>Kam se m\u016f\u017eete obr\u00e1tit?<\/h3>\r\n<p><strong>Odd\u011blen\u00ed soci\u00e1ln\u00ed p\u00e9\u010de<\/strong><\/p>\r\n<p>Na\u010fa Zelinkov\u00e1 \u2013 vedouc\u00ed<\/p>\r\n<p>tel.: 220\u00a0144&nbsp;097, 739\u00a0553&nbsp;133<\/p>\r\n<p>email: zelinkovan@praha7.cz<\/p>\r\n<hr \/>\r\n<p><strong>Kontakty na soci\u00e1ln\u00ed pracovnice:<\/strong><\/p>\r\n<p>Bc. P\u00e1\u0161ov\u00e1 Eva \u2013 739\u00a0553&nbsp;142<\/p>\r\n<p>Hrubcov\u00e1 Ren\u00e1ta \u2013 739&nbsp;553&nbsp;152<\/p>\r\n<p>Mgr. Hanu\u0161ov\u00e1 Vladim\u00edra \u2013 739\u00a0553&nbsp;138<\/p>\r\n<p>Slim\u00e1kov\u00e1 Zuzana, DiS. \u2013 739&nbsp;553&nbsp;172<\/p>\r\n<p>Koudelov\u00e1 Ludmila \u2013 739\u00a0553&nbsp;131<\/p>\r\n<hr \/>\r\n<p><strong>Zeptejte se bez obav<\/strong><\/p>\r\n<p><strong>Anonymn\u00ed konzultace<\/strong><\/p>\r\n<p>tel.: 220&nbsp;144&nbsp;087 \u010di 739&nbsp;553&nbsp;133<\/p>\r\n<p>email: socialnipomoc@praha7.cz<\/p>\r\n<hr \/>\r\n<p><strong>Bezplatn\u00e1 finan\u010dn\u00ed poradna<\/strong><\/p>\r\n<p>Ka\u017ed\u00fd prvn\u00ed \u010dtvrtek v\u00a0m\u011bs\u00edci v\u017edy od 10.30 do<\/p>\r\n<p>12.30 hodin v\u00a0Dom\u011b s\u00a0pe\u010dovatelskou slu\u017ebou<\/p>\r\n<p>U Stud\u00e1nky 15, Praha&nbsp;7, v\u00e1m vy\u0161kolen\u00ed specialist\u00e9 zdarma pomohou vy\u0159e\u0161it situaci ohledn\u011b dluh\u016f \u010di exekuc\u00ed a&nbsp;porad\u00ed s\u00a0pl\u00e1nov\u00e1n\u00edm financ\u00ed.\u00a0<\/p>\r\n<hr \/>\r\n<p><strong>D\u00e1vky st\u00e1tn\u00ed soci\u00e1ln\u00ed podpory<\/strong><\/p>\r\n<p><strong>P\u0159\u00edsp\u011bvek na bydlen\u00ed<\/strong><\/p>\r\n<p>St\u00e1t touto d\u00e1vkou p\u0159isp\u00edv\u00e1 na n\u00e1klady na bydlen\u00ed rodin\u00e1m a&nbsp;jednotlivc\u016fm s\u00a0n\u00edzk\u00fdmi p\u0159\u00edjmy. N\u00e1rok na p\u0159\u00edsp\u011bvek m\u00e1 vlastn\u00edk nebo n\u00e1jemce bytu p\u0159ihl\u00e1\u0161en\u00fd v\u00a0byt\u011b k\u00a0trval\u00e9mu pobytu, jestli\u017ee 35\u00a0% p\u0159\u00edjm\u016f rodiny nesta\u010d\u00ed k\u00a0pokryt\u00ed n\u00e1klad\u016f na bydlen\u00ed a&nbsp;z\u00e1rove\u0148 t\u011bchto 35\u00a0% p\u0159\u00edjm\u016f je ni\u017e\u0161\u00edch ne\u017e p\u0159\u00edslu\u0161n\u00e9 normativn\u00ed n\u00e1klady na bydlen\u00ed stanoven\u00e9 z\u00e1konem (v&nbsp;Praze je<\/p>\r\n<p>to v&nbsp;p\u0159\u00edpad\u011b jednotlivce v\u00a0n\u00e1jemn\u00edm byt\u011b 7731&nbsp;K\u010d).<\/p>\r\n<p>O p\u0159\u00edsp\u011bvek se \u017e\u00e1d\u00e1 zp\u011btn\u011b za uplynul\u00e9 \u010dtvrtlet\u00ed,<\/p>\r\n<p>a to na: \u00da\u0159adu pr\u00e1ce pro Prahu 7, n\u00e1b\u0159e\u017e\u00ed Kapit\u00e1na Jaro\u0161e 1000, tel.: 950&nbsp;178&nbsp;111, email:<\/p>\r\n<p>posta.abg@aa.mpsv.cz.<\/p>\r\n<p>&nbsp;<\/p>","protected":false},"excerpt":{"rendered":"[perex] Sedmi\u010dka se v&nbsp;posledn\u00edch letech prom\u011b\u0148uje zp\u016fsobem, kter\u00fd nemus\u00ed b\u00fdt ka\u017ed\u00e9mu p\u0159\u00edjemn\u00fd. Obecn\u011b se tento v\u00fdvoj ozna\u010duje pojmem gentrifikace. Co p\u0159esn\u011b tato d\u011blic\u00ed \u010d\u00e1ra mezi chud\u00fdmi a&nbsp;bohat\u00fdmi znamen\u00e1 a&nbsp;jakou m\u011brou k&nbsp;n\u00ed doch\u00e1z\u00ed v&nbsp;na\u0161\u00ed \u010dtvrti? [\/perex] D\u011bje se to skoro m\u011bs\u00edc co m\u011bs\u00edc. Na\u00a0Sedmi\u010dce vyr\u016fstaj\u00ed jako houby po\u00a0de\u0161ti podniky, kter\u00e9 by je\u0161t\u011b p\u0159ed deseti patn\u00e1cti lety [&hellip;]","protected":false},"author":2,"featured_media":11355,"comment_status":"open","ping_status":"open","sticky":false,"template":"","format":"standard","meta":[],"categories":[37],"tags":[],"_links":{"self":[{"href":"https:\/\/www.praha7.cz\/api\/wp\/v2\/posts\/4311"}],"collection":[{"href":"https:\/\/www.praha7.cz\/api\/wp\/v2\/posts"}],"about":[{"href":"https:\/\/www.praha7.cz\/api\/wp\/v2\/types\/post"}],"author":[{"embeddable":true,"href":"https:\/\/www.praha7.cz\/api\/wp\/v2\/users\/2"}],"replies":[{"embeddable":true,"href":"https:\/\/www.praha7.cz\/api\/wp\/v2\/comments?post=4311"}],"version-history":[{"count":5,"href":"https:\/\/www.praha7.cz\/api\/wp\/v2\/posts\/4311\/revisions"}],"predecessor-version":[{"id":11357,"href":"https:\/\/www.praha7.cz\/api\/wp\/v2\/posts\/4311\/revisions\/11357"}],"wp:featuredmedia":[{"embeddable":true,"href":"https:\/\/www.praha7.cz\/api\/wp\/v2\/media\/11355"}],"wp:attachment":[{"href":"https:\/\/www.praha7.cz\/api\/wp\/v2\/media?parent=4311"}],"wp:term":[{"taxonomy":"category","embeddable":true,"href":"https:\/\/www.praha7.cz\/api\/wp\/v2\/categories?post=4311"},{"taxonomy":"post_tag","embeddable":true,"href":"https:\/\/www.praha7.cz\/api\/wp\/v2\/tags?post=4311"}],"curies":[{"name":"wp","href":"https:\/\/api.w.org\/{rel}","templated":true}]}}