    
{"id":43006,"date":"2020-10-26T17:00:20","date_gmt":"2020-10-26T16:00:20","guid":{"rendered":"https:\/\/www.praha7.cz\/?p=43006"},"modified":"2020-10-26T17:01:11","modified_gmt":"2020-10-26T16:01:11","slug":"podzimni-upravy-krizovatek-a-rekonstrukce-chodniku","status":"publish","type":"post","link":"https:\/\/www.praha7.cz\/podzimni-upravy-krizovatek-a-rekonstrukce-chodniku\/","title":{"rendered":"Podzimn\u00ed \u00fapravy k\u0159i\u017eovatek a&nbsp;rekonstrukce chodn\u00edk\u016f"},"content":{"rendered":"<p>[perex]<\/p>\r\n<p>Je\u0161t\u011b p\u0159ed za\u010d\u00e1tkem zimy se Praha&nbsp;7 do\u010dkala posledn\u00ed leto\u0161n\u00ed vlny rekonstrukc\u00ed k\u0159i\u017eovatek, p\u0159echod\u016f pro chodce a&nbsp;chodn\u00edk\u016f. Jedn\u00e1 se o&nbsp;dal\u0161\u00ed z&nbsp;leto\u0161n\u00ed s\u00e9rie \u00faprav komunikac\u00ed, jejich\u017e\u00a0hlavn\u00edm c\u00edlem je zv\u00fd\u0161it p\u0159ehlednost a&nbsp;bezpe\u010dnost dopravy na frekventovan\u00fdch m\u00edstech m\u011bstsk\u00e9 \u010d\u00e1sti.<\/p>\r\n<p>[\/perex]<\/p>\r\n<h3>\u00dapravy k\u0159i\u017eovatek<\/h3>\r\n<p>O rekonstrukci <strong>k\u0159i\u017eovatky ulic Komunard\u016f x Plyn\u00e1rn\u00ed x Ortenovo<\/strong> n\u00e1m\u011bst\u00ed, kter\u00e1 za\u010dala 20.&nbsp;\u0159\u00edjna, jsme v\u00e1s informovali <a href=\"https:\/\/www.praha7.cz\/rekonstrukce-krizovatky-na-ortenove-namesti\/\">zde<\/a>. \u00dapravy prob\u00edhaj\u00ed v\u00a0r\u00e1mci projektu modernizace sv\u011bteln\u00e9 signalizace a&nbsp;k\u0159i\u017eovatka se krom\u011b nov\u00fdch semafor\u016f do\u010dk\u00e1 tak\u00e9 bezpe\u010dn\u011bj\u0161\u00edho p\u0159ech\u00e1zen\u00ed i&nbsp;opat\u0159en\u00ed pro cyklodopravu.<\/p>\r\n<p>Pr\u00e1ce jsou v\u00a0t\u011bchto dnech dokon\u010dov\u00e1ny na <strong>k\u0159i\u017eovatce ulic Tusarova x U&nbsp;Gar\u00e1\u017e\u00ed<\/strong>. Do\u0161lo zde k\u00a0roz\u0161\u00ed\u0159en\u00ed chodn\u00edk\u016f a&nbsp;zkr\u00e1cen\u00ed p\u0159echod\u016f s\u00a0c\u00edlem zv\u00fd\u0161it ochranu chodc\u016f, instalov\u00e1ny zde budou tak\u00e9 nov\u00e9 cyklostojany.<\/p>\r\n<p>P\u0159\u00edpravn\u00e9 pr\u00e1ce letos prob\u011bhnou tak\u00e9 na <strong>k\u0159i\u017eovatce ulic Tusarova x Osadn\u00ed<\/strong>. Chyst\u00e1 se zde oprava vozovek, rekonstrukce n\u00e1ro\u017e\u00ed a&nbsp;dal\u0161\u00ed opat\u0159en\u00ed vedouc\u00ed ke zv\u00fd\u0161en\u00ed bezpe\u010dnosti p\u011b\u0161\u00edch, jeliko\u017e se v\u00a0bezprost\u0159edn\u00ed bl\u00edzkosti nach\u00e1z\u00ed z\u00e1kladn\u00ed a&nbsp;mate\u0159sk\u00e1 \u0161kola i&nbsp;park s\u00a0h\u0159i\u0161t\u011bm. Fin\u00e1ln\u00ed \u00fapravy a&nbsp;dokon\u010dovac\u00ed pr\u00e1ce zde prob\u011bhnou na ja\u0159e p\u0159\u00ed\u0161t\u00edho roku.<\/p>\r\n<p>Ji\u017e d\u0159\u00edve v\u00a0leto\u0161n\u00edm roce byly upraveny tak\u00e9 dal\u0161\u00ed k\u0159i\u017eovatky, kde do\u0161lo ke zv\u00fd\u0161en\u00ed p\u0159ehlednosti a\u00a0bezpe\u010dnosti, jako nap\u0159. k\u0159i\u017eovatka ulic Veletr\u017en\u00ed x Dukelsk\u00fdch hrdin\u016f, Dukelsk\u00fdch hrdin\u016f x Kosteln\u00ed, Ortenovo n\u00e1m\u011bst\u00ed x Vrbensk\u00e9ho, D\u011blnick\u00e1 x Jankovcova a&nbsp;dal\u0161\u00ed m\u00edsta. D\u00edky t\u011bmto \u00faprav\u00e1m se v\u00a0dot\u010den\u00fdch lokalit\u00e1ch poda\u0159ilo tak\u00e9 p\u0159id\u00e1vat a&nbsp;propojovat infrastrukturu pro cyklisty. P\u0159ibyly i&nbsp;nov\u00e9 p\u0159echody pro chodce &#8211; nap\u0159. od metra Vltavsk\u00e1 p\u0159es Bubensk\u00e9 n\u00e1b\u0159e\u017e\u00ed ve sm\u011bru k&nbsp;Hl\u00e1vkovu mostu, stejn\u011b tak na sv\u011bteln\u011b \u0159\u00edzen\u00e9 k\u0159i\u017eovatce v\u00a0m\u00edst\u011b napojen\u00ed rampy z\u00a0Hl\u00e1vkova mostu na n\u00e1b\u0159. Kpt. Jaro\u0161e (za d\u0159\u00edv\u011bj\u0161\u00edm s\u00eddlem \u00fa\u0159adu Prahy&nbsp;7).<\/p>\r\n<p>&nbsp;<\/p>\r\n<h3>Rekonstrukce chodn\u00edk\u016f<\/h3>\r\n<p>Opravami a&nbsp;v\u00fdm\u011bnou povrchu postupn\u011b proch\u00e1zej\u00ed na \u0159ad\u011b m\u00edst tak\u00e9 chodn\u00edky. V\u00a0posledn\u00ed dob\u011b se nov\u00e9ho povrchu do\u010dkal chodn\u00edk u&nbsp;N\u00e1dra\u017e\u00ed Hole\u0161ovice, na ji\u017en\u00ed stran\u011b ul. <strong>Plyn\u00e1rn\u00ed<\/strong>, v\u00a0\u00faseku mezi ul. Jablonsk\u00e9ho a&nbsp;\u017delezni\u010d\u00e1\u0159\u016f. P\u0159ed dokon\u010den\u00edm je severn\u00ed chodn\u00edk v\u00a0ul. <strong>\u0160im\u00e1\u010dkova<\/strong>, a&nbsp;to v\u00a0\u00faseku mezi ul. Dukelsk\u00fdch hrdin\u016f \u2013 Janovsk\u00e9ho, a&nbsp;tak\u00e9 oba chodn\u00edky v\u00a0ul. <strong>U M\u011b\u0161\u0165ansk\u00e9ho pivovaru<\/strong>, v\u00a0\u00fasec\u00edch, kde je\u0161t\u011b z\u016fst\u00e1valy star\u00e9 asfaltov\u00e9 povrchy. V\u00a0t\u011bchto dnech za\u010dala tak\u00e9 v\u00fdm\u011bna povrchu severn\u00edho chodn\u00edku v\u00a0ul. <strong>D\u011blnick\u00e1<\/strong> mezi ul. Na Manin\u00e1ch \u2013 Komunard\u016f. Nov\u00e1 dla\u017eba z\u00a0mozaiky zde bude polo\u017eena nejpozd\u011bji do prosince. \u00a0\u00a0\u00a0<\/p>\r\n<p>&nbsp;<\/p>\r\n<p><em>K\u0159i\u017eovatka Tusarova x U&nbsp;Gar\u00e1\u017e\u00ed &#8211; P\u0158ED a&nbsp;PO<\/em><\/p>\r\n<p><img loading=\"lazy\" src=\"https:\/\/www.praha7.cz\/wp-content\/uploads\/2020\/10\/pred-a-po-tusarova-u-garazi-832x1000.jpg\" alt=\"\" width=\"640\" height=\"769\" class=\"alignnone size-large wp-image-43008\" srcset=\"https:\/\/www.praha7.cz\/wp-content\/uploads\/2020\/10\/pred-a-po-tusarova-u-garazi-832x1000.jpg 832w, https:\/\/www.praha7.cz\/wp-content\/uploads\/2020\/10\/pred-a-po-tusarova-u-garazi-333x400.jpg 333w, https:\/\/www.praha7.cz\/wp-content\/uploads\/2020\/10\/pred-a-po-tusarova-u-garazi-768x923.jpg 768w, https:\/\/www.praha7.cz\/wp-content\/uploads\/2020\/10\/pred-a-po-tusarova-u-garazi.jpg 1030w\" sizes=\"(max-width: 640px) 100vw, 640px\" \/>\u00a0 \u00a0<\/p>\r\n<p>&nbsp;<\/p>\r\n<p><em>Nov\u00fd povrch chodn\u00edku v&nbsp;ul. Plyn\u00e1rn\u00ed<\/em><\/p>\r\n<p><img loading=\"lazy\" src=\"https:\/\/www.praha7.cz\/wp-content\/uploads\/2020\/10\/chodn\u00edk-plyn\u00e1rn\u00ed-1333x1000.jpg\" alt=\"\" width=\"640\" height=\"480\" class=\"alignnone size-large wp-image-43009\" srcset=\"https:\/\/www.praha7.cz\/wp-content\/uploads\/2020\/10\/chodn\u00edk-plyn\u00e1rn\u00ed-1333x1000.jpg 1333w, https:\/\/www.praha7.cz\/wp-content\/uploads\/2020\/10\/chodn\u00edk-plyn\u00e1rn\u00ed-533x400.jpg 533w, https:\/\/www.praha7.cz\/wp-content\/uploads\/2020\/10\/chodn\u00edk-plyn\u00e1rn\u00ed-768x576.jpg 768w\" sizes=\"(max-width: 640px) 100vw, 640px\" \/><\/p>","protected":false},"excerpt":{"rendered":"[perex] Je\u0161t\u011b p\u0159ed za\u010d\u00e1tkem zimy se Praha&nbsp;7 do\u010dkala posledn\u00ed leto\u0161n\u00ed vlny rekonstrukc\u00ed k\u0159i\u017eovatek, p\u0159echod\u016f pro chodce a&nbsp;chodn\u00edk\u016f. Jedn\u00e1 se o&nbsp;dal\u0161\u00ed z&nbsp;leto\u0161n\u00ed s\u00e9rie \u00faprav komunikac\u00ed, jejich\u017e\u00a0hlavn\u00edm c\u00edlem je zv\u00fd\u0161it p\u0159ehlednost a&nbsp;bezpe\u010dnost dopravy na frekventovan\u00fdch m\u00edstech m\u011bstsk\u00e9 \u010d\u00e1sti. [\/perex] \u00dapravy k\u0159i\u017eovatek O&nbsp;rekonstrukci k\u0159i\u017eovatky ulic Komunard\u016f x Plyn\u00e1rn\u00ed x Ortenovo n\u00e1m\u011bst\u00ed, kter\u00e1 za\u010dala 20.&nbsp;\u0159\u00edjna, jsme v\u00e1s informovali [&hellip;]","protected":false},"author":5,"featured_media":43007,"comment_status":"closed","ping_status":"open","sticky":false,"template":"","format":"standard","meta":[],"categories":[34],"tags":[],"_links":{"self":[{"href":"https:\/\/www.praha7.cz\/api\/wp\/v2\/posts\/43006"}],"collection":[{"href":"https:\/\/www.praha7.cz\/api\/wp\/v2\/posts"}],"about":[{"href":"https:\/\/www.praha7.cz\/api\/wp\/v2\/types\/post"}],"author":[{"embeddable":true,"href":"https:\/\/www.praha7.cz\/api\/wp\/v2\/users\/5"}],"replies":[{"embeddable":true,"href":"https:\/\/www.praha7.cz\/api\/wp\/v2\/comments?post=43006"}],"version-history":[{"count":3,"href":"https:\/\/www.praha7.cz\/api\/wp\/v2\/posts\/43006\/revisions"}],"predecessor-version":[{"id":43012,"href":"https:\/\/www.praha7.cz\/api\/wp\/v2\/posts\/43006\/revisions\/43012"}],"wp:featuredmedia":[{"embeddable":true,"href":"https:\/\/www.praha7.cz\/api\/wp\/v2\/media\/43007"}],"wp:attachment":[{"href":"https:\/\/www.praha7.cz\/api\/wp\/v2\/media?parent=43006"}],"wp:term":[{"taxonomy":"category","embeddable":true,"href":"https:\/\/www.praha7.cz\/api\/wp\/v2\/categories?post=43006"},{"taxonomy":"post_tag","embeddable":true,"href":"https:\/\/www.praha7.cz\/api\/wp\/v2\/tags?post=43006"}],"curies":[{"name":"wp","href":"https:\/\/api.w.org\/{rel}","templated":true}]}}