    
{"id":4294,"date":"2016-04-24T15:18:54","date_gmt":"2016-04-24T13:18:54","guid":{"rendered":"https:\/\/praha7.cz\/?p=4294"},"modified":"2020-07-28T16:08:25","modified_gmt":"2020-07-28T14:08:25","slug":"puvodem-z-daleka-doma-na-sedmicce","status":"publish","type":"post","link":"https:\/\/www.praha7.cz\/puvodem-z-daleka-doma-na-sedmicce\/","title":{"rendered":"P\u016fvodem z\u00a0daleka, doma na Sedmi\u010dce"},"content":{"rendered":"<p>[perex]<\/p>\r\n<p>Skoro ka\u017ed\u00fd sedm\u00fd obyvatel Prahy&nbsp;7 poch\u00e1z\u00ed odjinud \u2013 tedy ne z\u00a0Brna nebo t\u0159eba z\u00a0Liberce, ale ze zahrani\u010d\u00ed. Kdo jsou tito lid\u00e9, pro\u010d se usadili pr\u00e1v\u011b v\u00a0na\u0161\u00ed \u010dtvrti a\u00a0jak\u00fd maj\u00ed z\u00e1jem o\u00a0ve\u0159ejn\u00e9 d\u011bn\u00ed?<\/p>\r\n<p>[\/perex]<\/p>\r\n<p>\u201eM\u00e1te n\u011bjak\u00e9 pl\u00e1ny, jak podporovat start-up podniky v\u00a0Praze 7?\u201c pt\u00e1 se Jari Makkonen a\u00a0svoj\u00ed ot\u00e1zkou ukon\u010duje dlouhou diskusi o\u00a0pravd\u011bpodobn\u011b nej\u017ehav\u011bj\u0161\u00edm politick\u00e9m t\u00e9matu mezi Bubensk\u00fdm n\u00e1b\u0159e\u017e\u00edm a\u00a0Letenskou pl\u00e1n\u00ed: jak \u0159e\u0161it probl\u00e9my zp\u016fsoben\u00e9 vysok\u00fdm po\u010dtem ps\u016f. Spolu s\u00a0Finem Jarim p\u0159i\u0161lo na\u00a0akci Voice of Foreigners, tedy Hlas cizinc\u016f, kterou po\u0159\u00e1dala radnice Prahy&nbsp;7 na\u00a0za\u010d\u00e1tku \u00fanora v\u00a0Parkhotelu, dal\u0161\u00edch dvacet lid\u00ed. Ve\u00a0stylov\u00fdch prostor\u00e1ch hotelu, kde se podle webov\u00fdch str\u00e1nek d\u00e1 dodnes za\u017e\u00edt \u201eunik\u00e1tn\u00ed duch \u0161edes\u00e1t\u00fdch let, kdy \u010ce\u0161i odhodlan\u011b bojovali za\u00a0svobodu a\u00a0demokracii\u201c, se konalo i\u00a0pro vysp\u011blou demokracii vzorov\u00e9 setk\u00e1n\u00ed politik\u016f s\u00a0men\u0161inovou skupinou ob\u010dan\u016f. Starosta, m\u00edstostarosta a\u00a0\u010dty\u0159i radn\u00ed si ud\u011blali \u010das, aby vyslechli hlas cizinc\u016f \u017eij\u00edc\u00edch v\u00a0na\u0161\u00ed \u010dtvrti, ze kter\u00fdch jen mal\u00e1 \u010d\u00e1st m\u00e1 i\u00a0hlas voli\u010de.<\/p>\r\n<p>\u201eZaj\u00edm\u00e1 m\u011b postaven\u00ed cizinc\u016f. Jsem moc vd\u011b\u010dn\u00e1, \u017ee m\u00e1 Praha&nbsp;7 z\u00e1jem o\u00a0n\u00e1\u0161 n\u00e1zor a\u00a0\u017ee m\u016f\u017eeme p\u0159isp\u011bt k\u00a0lep\u0161\u00edmu \u017eivotu na\u00a0Sedmi\u010dce,\u201c \u0159\u00edk\u00e1 Alina Akhmetshina. \u0160estat\u0159icetilet\u00e1 Ruska z\u00a0uralsk\u00e9ho poho\u0159\u00ed se akce Hlas cizinc\u016f \u00fa\u010dastnila u\u017e podruh\u00e9. Sociolo\u017eka a\u00a0bohemistka, kter\u00e1 na\u00a0univerzit\u011b p\u0159edn\u00e1\u0161ela o\u00a0pochopen\u00ed a\u00a0toleranci v\u00a0\u010cesku, m\u00e1 s\u00a0projekty pro cizince spoustu zku\u0161enost\u00ed. Pravideln\u011b po\u0159\u00e1d\u00e1 pro rusky mluv\u00edc\u00ed komunitu konference o\u00a0podnik\u00e1n\u00ed a\u00a0propojuje cizince s\u00a0neziskov\u00fdmi organizacemi. Provozovala \u0161kolku s\u00a0centrem pro integraci d\u011bt\u00ed do\u00a0\u010desk\u00e9 spole\u010dnosti. S\u00a0\u00fa\u0159ady vych\u00e1zela v\u017edy dob\u0159e. \u201eP\u0159ece z\u00e1le\u017e\u00ed na\u00a0tom, s\u00a0\u010d\u00edm to porovn\u00e1te. Ve\u00a0srovn\u00e1n\u00ed s\u00a0Ruskem tady \u017e\u00e1dn\u00fd probl\u00e9m nen\u00ed. Ten strach p\u0159ed syst\u00e9mem je v\u00a0n\u00e1s, proto se Ukrajinci a\u00a0Rusov\u00e9 i\u00a0zde stra\u0161n\u011b boj\u00ed \u00fa\u0159ad\u016f,\u201c \u0159\u00edk\u00e1 \u010dinorod\u00e1 podnikatelka Alina.<\/p>\r\n<p>Ostatn\u011b z\u00e1jem o\u00a0politiku a\u00a0ve\u0159ejn\u00e9 d\u011bn\u00ed mezi cizinci dlouhodob\u011b roste. Dle \u0161et\u0159en\u00ed V\u00fdzkumn\u00e9ho \u00fastavu pr\u00e1ce a\u00a0soci\u00e1ln\u00edch v\u011bc\u00ed (V\u00daPSV) k\u00a0ot\u00e1zk\u00e1m integrace projevila v\u00a0roce 2014 z\u00e1jem o\u00a0\u00fa\u010dast v\u00a0m\u00edstn\u00edch volb\u00e1ch \u010dtvrtina cizinc\u016f, v\u00a0roce 2012 to byla p\u011btina z\u00a0nich. Hlasovat ve\u00a0volb\u00e1ch do\u00a0zastupitelstev obc\u00ed, p\u0159\u00edpadn\u011b t\u00e9\u017e v\u00a0m\u00edstn\u00edm referendu, a\u00a0ve\u00a0volb\u00e1ch do\u00a0Evropsk\u00e9ho parlamentu mohou ov\u0161em pouze ob\u010dan\u00e9 Evropsk\u00e9 unie.<\/p>\r\n<p>&nbsp;<\/p>\r\n<h3>Na\u00a0n\u00e1rodnosti nez\u00e1le\u017e\u00ed<\/h3>\r\n<p>\u00da\u010dastn\u00edci akce Hlas cizinc\u016f poch\u00e1zej\u00edc\u00ed ze v\u0161ech kout\u016f sv\u011bta se zaj\u00edmali zejm\u00e9na o\u00a0urbanistick\u00e9 projekty na\u00a0Sedmi\u010dce. V\u00a0\u017eiv\u00e9 diskusi se nap\u0159\u00edklad ptali na\u00a0Galerii Stromovka, bytov\u00fd komplex Prague Marina a\u00a0co se pl\u00e1nuje s\u00a0bezprost\u0159edn\u00edm okol\u00edm hole\u0161ovick\u00e9ho n\u00e1dra\u017e\u00ed, kter\u00e9 v\u00a0sou\u010dasn\u00e9 dob\u011b le\u017e\u00ed ladem. Vedle t\u011bchto \u201evelk\u00fdch\u201c t\u00e9mat se ov\u0161em \u0159ada dotaz\u016f t\u00fdkala osobn\u00edch probl\u00e9m\u016f jednotlivc\u016f. Man\u017eel\u00e9 v\u00a0pokro\u010dilej\u0161\u00edm v\u011bku se t\u0159eba dotazovali na\u00a0domov d\u016fchodc\u016f s\u00a0anglicky mluv\u00edc\u00edm person\u00e1lem, majitelka bytu si povzdechla nad posprejovan\u00fdmi zdmi sv\u00e9ho domu a\u00a0jin\u00fd \u00fa\u010dastn\u00edk diskuse cht\u011bl v\u011bd\u011bt, jak si po\u0159\u00eddit ryb\u00e1\u0159sk\u00fd l\u00edstek. Akce uk\u00e1zala, \u017ee dotazy a\u00a0probl\u00e9my nemaj\u00ed n\u00e1lepku n\u00e1rodnosti. \u201eV\u00a0diskusi jsme zjistili, \u017ee cizinci \u0159e\u0161\u00ed \u00fapln\u011b stejn\u00e9 v\u011bci jako v\u0161ichni ostatn\u00ed ob\u010dan\u00e9 a\u00a0\u017ee maj\u00ed z\u00e1jem a\u00a0chu\u0165 aktivn\u011b se zapojovat do\u00a0\u017eivota na\u00a0Sedmi\u010dce,\u201c \u0159\u00edk\u00e1 starosta Jan \u010ci\u017einsk\u00fd.<\/p>\r\n<p>Podle \u00fadaj\u016f \u010cesk\u00e9ho statistick\u00e9ho \u00fa\u0159adu \u017eilo v\u00a0Praze 7 k\u00a01.&nbsp;lednu uplynul\u00e9ho roku t\u00e9m\u011b\u0159 \u0161est tis\u00edc sedm set cizinc\u016f. Odjinud tedy poch\u00e1z\u00ed patn\u00e1ct procent obyvatelstva, co\u017e je o\u00a0zhruba dv\u011b procenta v\u00edce, ne\u017e je celopra\u017esk\u00fd pr\u016fm\u011br. Dle statistiky Institutu pl\u00e1nov\u00e1n\u00ed a\u00a0rozvoje hlavn\u00edho m\u011bsta Prahy je ka\u017ed\u00fd p\u00e1t\u00fd cizinec na\u00a0Sedmi\u010dce p\u016fvodem z\u00a0Ukrajiny. Na\u00a0druh\u00e9m m\u00edst\u011b v\u00a0pomysln\u00e9m \u017eeb\u0159\u00ed\u010dku jsou Slov\u00e1ci s\u00a0t\u0159in\u00e1cti procenty, t\u011bsn\u011b za\u00a0nimi n\u00e1sleduj\u00ed ob\u010dan\u00e9 Ruska, b\u00fdval\u00e9 Jugosl\u00e1vie a\u00a0zem\u00ed z\u00e1padn\u00ed Evropy (v\u017edy zhruba jeden\u00e1ct procent). V\u00edce ne\u017e sedm procent obyvatel Sedmi\u010dky s\u00a0cizokrajn\u00fdmi ko\u0159eny poch\u00e1z\u00ed z\u00a0Vietnamu a\u00a0kolem \u0161esti ze Spojen\u00fdch st\u00e1t\u016f. Necel\u00fdch sto osob je p\u016fvodem z\u00a0Afriky.<\/p>\r\n<h3><\/h3>\r\n<h3>Integrace za\u010d\u00edn\u00e1 jazykem<\/h3>\r\n<p>Kristian ze z\u00e1padoafrick\u00e9ho Beninu je jedn\u00edm z\u00a0nich. \u017divot sympatick\u00e9ho mu\u017ee st\u0159edn\u00edho v\u011bku se u\u017e d\u00e9le ne\u017e deset let odehr\u00e1v\u00e1 mezi Kamenickou, kde bydl\u00ed, a\u00a0Milady Hor\u00e1kov\u00e9, kde pracuje jako recep\u010dn\u00ed v\u00a0thajsk\u00e9m mas\u00e1\u017en\u00edm salonu. \u201eNa\u00a0Sedmi\u010dce se mi l\u00edb\u00ed ten klid. Nen\u00ed to lokalita, kde jsou neust\u00e1le h\u00e1dky a\u00a0kde je nepo\u0159\u00e1dek,\u201c \u0159\u00edk\u00e1 b\u00fdval\u00fd student medic\u00edny. Do\u00a0\u010cesk\u00e9 republiky p\u0159i\u0161el studovat u\u017e p\u0159ed dvaceti lety, na\u00a0Sedmi\u010dku se p\u0159est\u011bhoval n\u00e1hodou, na\u0161el tady byt. \u010cesky um\u00ed dokonale, ale na\u00a0sledov\u00e1n\u00ed politick\u00e9ho d\u011bn\u00ed nem\u00e1 \u010das, o\u00a0aktivn\u00edm zapojen\u00ed do\u00a0d\u011bn\u00ed ve\u00a0\u010dtvrti ani nemluv\u011b. Skromn\u00fd mu\u017e pracuje \u0161est dn\u016f v\u00a0t\u00fddnu kolem dvan\u00e1cti hodin.<\/p>\r\n<p>S\u00a0podobnou situac\u00ed se pot\u00fdk\u00e1 cel\u00e1 \u0159ada lid\u00ed z\u00a0\u010d\u00ednsk\u00e9 nebo vietnamsk\u00e9 komunity. \u201eRodina z\u00a0tohoto obchodu hled\u00e1 byt v\u00a0t\u00e9to lokalit\u011b\u201c \u2013 inzer\u00e1t na\u00a0vchodov\u00fdch dve\u0159\u00edch vis\u00ed u\u017e dlouho, zat\u00edm v\u0161ak bezv\u00fdsledn\u011b. \u201eTady jsou byty drah\u00e9, ale jsou moc hezk\u00e9 a\u00a0\u010dist\u00e9, to se n\u00e1m l\u00edb\u00ed. A\u00a0tak\u00e9 chceme bydlet bl\u00edzko na\u0161eho obchodu,\u201c \u0159\u00edk\u00e1 Thuong z\u00a0Hanoje. Nen\u00ed divu, s\u00a0man\u017eelkou Anh zde tr\u00e1v\u00ed daleko v\u00edce \u010dasu ne\u017e ve\u00a0vlastn\u00edch \u010dty\u0159ech zdech. Prodejna na\u00a0Korunova\u010dn\u00ed je otev\u0159en\u00e1 sedm dn\u016f v\u00a0t\u00fddnu od\u00a0osmi r\u00e1no do\u00a0p\u016fl jeden\u00e1ct\u00e9 ve\u010der, po\u00a0z\u00e1pasu na\u00a0stadionu Sparty i\u00a0d\u00e9le. A\u00a0bez ohledu na\u00a0to, jestli do\u00a0n\u011bj vstoup\u00edte r\u00e1no, nebo ve\u010der, v\u017edy jste v\u00edt\u00e1ni srde\u010dn\u00fdm \u00fasm\u011bvem, \u010dasto ob\u011bma man\u017eeli. Postupn\u011b se p\u0159idaly i\u00a0d\u011btsk\u00e9 hlasy: ob\u010das zde pob\u00edh\u00e1 mal\u00fd syn Vi\u00eat Dz\u0169ng. Dcera Bao Vy u\u017e tu tak \u010dasto vid\u011bt nen\u00ed. Dopoledne chod\u00ed do\u00a0Z\u00e1kladn\u00ed \u0161koly Korunova\u010dn\u00ed a\u00a0odpoledne si vzadu za\u00a0kr\u00e1mem d\u011bl\u00e1 dom\u00e1c\u00ed \u00fakoly. \u201e\u0160kola je moc dobr\u00e1, moc se j\u00ed tam l\u00edb\u00ed. Ale proto\u017ee byla ve\u00a0Vietnamu a\u00a0p\u0159ijela do\u00a0Prahy a\u017e p\u0159ed rokem, je\u0161t\u011b neum\u00ed tak dob\u0159e \u010desky,\u201c \u0159\u00edk\u00e1 Thuong.<\/p>\r\n<p>Pr\u00e1v\u011b zaji\u0161t\u011bn\u00ed rovn\u00e9ho p\u0159\u00edstupu d\u011bt\u00ed ke\u00a0vzd\u011bl\u00e1n\u00ed je bezesporu jedn\u00edm z\u00a0kl\u00ed\u010dov\u00fdch aspekt\u016f \u00fasp\u011b\u0161n\u00e9 integrace. Po\u010d\u00edt\u00e1 s\u00a0n\u00ed i\u00a0vl\u00e1dn\u00ed koncepce integrace cizinc\u016f, kter\u00e1 prav\u00ed, \u017ee \u201e\u017e\u00e1ci cizinci z\u00a0t\u0159et\u00edch zem\u00ed maj\u00ed pr\u00e1vo na\u00a0bezplatnou p\u0159\u00edpravu k\u00a0za\u010dlen\u011bn\u00ed do\u00a0z\u00e1kladn\u00edho vzd\u011bl\u00e1v\u00e1n\u00ed, zahrnuj\u00edc\u00ed v\u00fduku \u010desk\u00e9ho jazyka p\u0159izp\u016fsobenou jejich pot\u0159eb\u00e1m\u201c.<\/p>\r\n<p>Na\u00a0radnici se tak na\u00a0p\u0159\u00ed\u0161t\u00ed rok p\u0159ipravuje velk\u00fd projekt na\u00a0integraci d\u011bt\u00ed cizinc\u016f do\u00a0\u010desk\u00fdch \u0161kol. Jedn\u00edm z\u00a0hlavn\u00edch bod\u016f je v\u00fduka \u010de\u0161tiny jako p\u0159\u00edprava \u017e\u00e1k\u016f do\u00a0prvn\u00ed t\u0159\u00eddy. \u201eU\u017e te\u010f b\u011b\u017e\u00ed podobn\u00fd projekt, ov\u0161em v\u00a0men\u0161\u00edm rozsahu. P\u0159ed za\u010d\u00e1tkem \u0161koln\u00edho roku nab\u00edz\u00ed Z\u0160 Tusarova dvout\u00fddenn\u00ed jazykov\u00fd kurz, po\u00a0kter\u00e9m neust\u00e1le stoup\u00e1 popt\u00e1vka. Minul\u00fd rok se \u00fa\u010dastnilo celkem \u0161estn\u00e1ct d\u011bt\u00ed s\u00a0vietnamsk\u00fdmi, ukrajinsk\u00fdmi, rusk\u00fdmi a\u00a0b\u011blorusk\u00fdmi ko\u0159eny a\u00a0jeden kluk z\u00a0Ji\u017en\u00ed Ameriky,\u201c dopl\u0148uje Ond\u0159ej Mirovsk\u00fd, z\u00e1stupce starosty Prahy&nbsp;7. Jin\u00e9 \u0161koly zase nab\u00edz\u00ed asisten\u010dn\u00ed pomoc b\u011bhem v\u00fduky nebo u\u00a0dom\u00e1c\u00edch \u00fakol\u016f, nap\u0159\u00edklad Z\u0160 na\u00a0Strossmayerov\u011b n\u00e1m\u011bst\u00ed nebo Z\u0160 Korunova\u010dn\u00ed.<\/p>\r\n<p>\u201eDo\u00a0kurzu chod\u00ed v\u011bt\u0161inou d\u011bti, kter\u00e9 se \u010derstv\u011b p\u0159est\u011bhovaly do\u00a0\u010cesk\u00e9 republiky. Jejich rodi\u010de maj\u00ed v\u011bt\u0161inou z\u00e1jem, aby od\u00a0za\u010d\u00e1tku nastartovaly dob\u0159e,\u201c \u0159\u00edk\u00e1 Tom\u00e1\u0161 Komrska, \u0159editel Z\u0160 Korunova\u010dn\u00ed. \u201eV\u00a0leto\u0161n\u00edm \u0161koln\u00edm roce jsme poprv\u00e9 otev\u0159eli kurz \u010de\u0161tiny pro d\u011bti cizinc\u016f. Nov\u00e1 pedago\u017eka se jim odpoledne v\u011bnuje jednotliv\u011b nebo v\u00a0mal\u00fdch skupin\u00e1ch. Nab\u00eddku vyu\u017e\u00edv\u00e1 asi sedm d\u011bt\u00ed z\u00a0celkem dvaceti, pro kter\u00e9 nen\u00ed \u010de\u0161tina mate\u0159\u0161tinou&#8230; D\u011bti se jazyk nau\u010d\u00ed v\u011bt\u0161inou rychle. Minul\u00fd rok se p\u0159ist\u011bhovaly dv\u011b d\u011bti z\u00a0Ma\u010farska, dnes mluv\u00ed plynule \u010desky. M\u011bly podporu pan\u00ed u\u010ditelky a\u00a0\u010de\u0161tinu se u\u010dily samy doma. M\u00e1me zku\u0161enost i\u00a0s\u00a0n\u011bkolika d\u011btmi z\u00a0Vietnamu, kter\u00e9 se nau\u010dily dob\u0159e \u010desky b\u011bhem prvn\u00edho roku u\u00a0n\u00e1s, m\u011bly velkou snahu a\u00a0podporu doma. Tak\u017ee n\u011bjak\u00e9 z\u00e1sadn\u00ed probl\u00e9my nem\u00e1me.\u201c<\/p>\r\n<p>\u201eNa\u00a0Sedmi\u010dce je velk\u00fd v\u00fdb\u011br \u0161kol. Na\u0161e dcera zat\u00edm chod\u00ed do\u00a0\u0161kolky a\u00a0moc se j\u00ed tam l\u00edb\u00ed,\u201c \u0159\u00edk\u00e1 Pietro Amato. \u010cesky se jeho dcerka dou\u010dovat nemusela, proto\u017ee \u010de\u0161tina je mate\u0159sk\u00fd jazyk jej\u00ed maminky Evy. Dvaa\u010dty\u0159icetilet\u00fd Ital z\u00a0Palerma, kter\u00fd ovl\u00e1d\u00e1 pouze z\u00e1klady \u010de\u0161tiny, je r\u00e1d, \u017ee s\u00a0\u00fa\u0159ady komunikuje jeho man\u017eelka. Jejich zmrzlin\u00e1\u0159stv\u00ed v\u00a0Kamenick\u00e9 ned\u00e1vno slavilo prvn\u00ed narozeniny. Pietro je ka\u017edop\u00e1dn\u011b r\u00e1d, \u017ee na\u0161li tak kr\u00e1sn\u00e9 prostory v\u00a0ulici, kde tak\u00e9 n\u011bkolik let bydleli, ne\u017e se p\u0159est\u011bhovali bl\u00ed\u017e ke\u00a0Strossmayerovu n\u00e1m\u011bst\u00ed. \u201eJe to \u00fa\u017easn\u00e1 lokalita. Je tu klid, ulice jsou \u010dist\u00e9, m\u00e1me dva kr\u00e1sn\u00e9 parky za\u00a0rohem, prost\u011b v\u0161echno funguje. Sedmi\u010dka je takov\u00fd \u0161\u0165astn\u00fd ostrov.\u201c<\/p>\r\n<p>P\u00e9\u010de o\u00a0\u017eivotn\u00ed prost\u0159ed\u00ed je jednou ze\u00a0t\u0159\u00ed v\u011bc\u00ed, kter\u00e9 cizinci na\u00a0\u010desk\u00e9 spole\u010dnosti nejv\u00edce oce\u0148uj\u00ed. Vych\u00e1z\u00ed to z\u00a0posledn\u00edho pr\u016fzkumu V\u00daPSV, kter\u00fd byl proveden mezi cizinci z\u00a0t\u0159et\u00edch zem\u00ed. Ti ve\u00a0sv\u00fdch domovech \u010dasto \u010delili existen\u010dn\u00edm anebo politick\u00fdm probl\u00e9m\u016fm, a\u00a0proto je pro n\u011b nejd\u016fle\u017eit\u011bj\u0161\u00ed m\u00edra svobody a\u00a0bezpe\u010dnosti. Men\u0161\u00ed pozornost pak v\u011bnuj\u00ed \u010desk\u00e9 kultu\u0159e, tedy nechod\u00ed do\u00a0kina nebo divadla ani nep\u011bstuj\u00ed m\u00edstn\u00ed tradice. M\u016fstek k\u00a0tomu je toti\u017e zvl\u00e1dnut\u00ed alespo\u0148 z\u00e1klad\u016f jazyka. A\u00a0asi nen\u00ed nutn\u00e9 vysv\u011btlovat, \u017ee na\u00a0\u010de\u0161tinu pot\u0159ebuje \u010dlov\u011bk hodn\u011b \u010dasu, trp\u011blivosti a\u00a0tak\u00e9 talent.<\/p>\r\n<p>&nbsp;<\/p>\r\n<h3>Informa\u010dn\u00ed let\u00e1ky v\u00a0kabelce<\/h3>\r\n<p>Ale ani ten, kdo \u010de\u0161tinou je\u0161t\u011b \u00fapln\u011b nevl\u00e1dne, na\u00a0Sedmi\u010dce o\u00a0informace nep\u0159ijde. \u201eSna\u017e\u00edme se cizinc\u016fm zprost\u0159edkovat nejr\u016fzn\u011bj\u0161\u00ed informace a\u00a0rady, po\u010d\u00ednaje agendou spojenou s\u00a0pobytem na\u00a0\u00fazem\u00ed \u010cR p\u0159es fungov\u00e1n\u00ed soci\u00e1ln\u00edho syst\u00e9mu, zdravotnictv\u00ed nebo \u0161kol a\u00a0\u0161kolek a\u017e po\u00a0tipy, kde a\u00a0jak tr\u00e1vit voln\u00fd \u010das. Propojujeme je tak\u00e9 s\u00a0neziskov\u00fdmi organizacemi, kter\u00e9 se v\u011bnuj\u00ed nap\u0159\u00edklad dou\u010dov\u00e1n\u00ed \u010de\u0161tiny,\u201c \u0159\u00edk\u00e1 m\u00edstostarosta Ond\u0159ej Mirovsk\u00fd a\u00a0dod\u00e1v\u00e1: \u201ePravideln\u00fd informa\u010dn\u00ed servis v\u00a0ciz\u00edch jazyc\u00edch bychom r\u00e1di roz\u0161\u00ed\u0159ili tak\u00e9 do\u00a0\u010dasopisu Hobulet.\u201c<\/p>\r\n<p>Aktu\u00e1ln\u011b radnice distribuuje let\u00e1ky Z\u00e1kladn\u00ed informace pro cizince z\u00a0Prahy&nbsp;7, kter\u00e9 jsou krom\u011b \u010de\u0161tiny v\u00a0angli\u010dtin\u011b, ru\u0161tin\u011b, ukrajin\u0161tin\u011b a\u00a0vietnam\u0161tin\u011b. \u201eVyu\u017e\u00edv\u00e1me n\u011bkolik informa\u010dn\u00edch tok\u016f. Let\u00e1ky vkl\u00e1d\u00e1me do\u00a0schr\u00e1nek, rozn\u00e1\u0161\u00edme do\u00a0ve\u010derek, na\u00a0po\u0161ty a\u00a0distribuovali jsme je t\u0159eba i\u00a0v\u00a0tr\u017enici. Tak\u00e9 v\u017edy nos\u00edm p\u00e1r let\u00e1k\u016f v\u00a0kabelce. Kdy\u017e ob\u010das vid\u00edm v\u00a0tramvaji cizince, kte\u0159\u00ed by mohli let\u00e1ky vyu\u017e\u00edt, tak jim je nab\u00edz\u00edm,\u201c \u0159\u00edk\u00e1 Kate\u0159ina Laskovsk\u00e1 z\u00a0odd\u011blen\u00ed pro integraci cizinc\u016f a\u00a0men\u0161in. Na\u00a0jej\u00edm nekonven\u010dn\u00edm p\u0159\u00edstupu je vid\u011bt, \u017ee svou pr\u00e1ci bere sp\u00ed\u0161 jako posl\u00e1n\u00ed ne\u017e zam\u011bstn\u00e1n\u00ed. \u201eKdy\u017e po\u00a0chodb\u011b \u00fa\u0159adu n\u011bkdo viditeln\u011b bloud\u00ed, tak mu poskytnu informaci, p\u0159\u00edpadn\u011b jej doprovod\u00edm a\u00a0p\u0159ed\u00e1m ke\u00a0spolupr\u00e1ci kolegyn\u00edm,\u201c \u0159\u00edk\u00e1 r\u00e1zn\u00e1 \u00fa\u0159ednice, kter\u00e1 r\u00e1da pom\u016f\u017ee i\u00a0navzdory ob\u010dasn\u00fdm nevra\u017eiv\u00fdm pohled\u016fm. \u201eTi lid\u00e9 p\u0159ijdou, pracuj\u00ed, plat\u00ed dan\u011b \u2013 na\u00a0to by se nem\u011blo zapom\u00ednat. Stejn\u011b jako na\u00a0to, \u017ee i\u00a0osmdes\u00e1t tis\u00edc \u010cechoslov\u00e1k\u016f uteklo a\u00a0tak\u00e9 se jim pomohlo,\u201c p\u0159ipom\u00edn\u00e1. Podle vl\u00e1dn\u00ed koncepce integrace se cizinci ze t\u0159et\u00edch zem\u00ed na\u00a0\u010derp\u00e1n\u00ed soci\u00e1ln\u00edch d\u00e1vek pod\u00edlej\u00ed minim\u00e1ln\u011b. V\u00a0\u010dervnu 2015 dos\u00e1hl jejich pod\u00edl na\u00a0celkov\u00e9m po\u010dtu d\u00e1vek pouze 1,2 procenta.<\/p>\r\n<p>Na\u00a0odd\u011blen\u00ed pro integraci cizinc\u016f a\u00a0men\u0161in M\u010c Praha&nbsp;7, kde pracuj\u00ed t\u0159i lid\u00e9, se za\u00a0rok 2015 nashrom\u00e1\u017edilo n\u011bco p\u0159es tis\u00edc kontakt\u016f. Zpr\u00e1va o&nbsp;vst\u0159\u00edcnost zdej\u0161\u00edch \u00fa\u0159edn\u00edk\u016f se u\u017e rozk\u0159ikla, a\u00a0tak na\u00a0radnici Prahy&nbsp;7 chod\u00ed cizinci i\u00a0z\u00a0ostatn\u00edch m\u011bstsk\u00fdch \u010d\u00e1st\u00ed. Nej\u010dast\u011bji jsou to Slov\u00e1ci, \u0158ekov\u00e9, Ukrajinci, Bulha\u0159i, Italov\u00e9 a\u00a0tak\u00e9 Ma\u010fa\u0159i, kte\u0159\u00ed \u017e\u00e1daj\u00ed o\u00a0pomoc p\u0159i hled\u00e1n\u00ed pr\u00e1ce \u010di ubytov\u00e1n\u00ed anebo se ptaj\u00ed na\u00a0mo\u017enosti vzd\u011bl\u00e1v\u00e1n\u00ed pro svoje d\u011bti a\u00a0pro sebe a\u00a0tak\u00e9 na\u00a0to, jak si mohou t\u0159eba vy\u0159\u00eddit p\u0159\u00eddavky na\u00a0d\u011bti. \u201eSna\u017e\u00edme se naj\u00edt rychl\u00e9 \u0159e\u0161en\u00ed, aby lid\u00e9 nevypadli ze s\u00edt\u011b a\u00a0aby se tady neztratili. J\u00e1 je nevid\u00edm jako cizince, ale jako lidi,\u201c \u0159\u00edk\u00e1 Laskovsk\u00e1, kter\u00e1 se pr\u00e1ci s\u00a0cizinci v\u011bnuje u\u017e od\u00a0roku 1997.<\/p>\r\n<p>Krom\u011b poradenstv\u00ed a\u00a0aktivn\u00ed osobn\u00ed podpory po\u0159\u00e1d\u00e1 s\u00a0kolegy i\u00a0dal\u0161\u00ed akce, jako je kurz interkulturn\u00edch dovednost\u00ed, chod\u00ed do\u00a0\u0161kol, zprost\u0159edkov\u00e1vaj\u00ed bezplatn\u00e9 tlumo\u010dn\u00edky, z\u00e1sobuj\u00ed webov\u00e9 str\u00e1nky \u00fa\u0159adu informacemi v\u00a0n\u011bkolika jazyc\u00edch a\u00a0\u017e\u00e1daj\u00ed o\u00a0granty. D\u00e1le se pravideln\u011b \u00fa\u010dastn\u00ed sch\u016fzek na\u00a0magistr\u00e1tu, kde se \u0159e\u0161\u00ed strategick\u00e9 ot\u00e1zky integrace, na nich\u017e<\/p>\r\n<p>je zastoupen i\u00a0neziskov\u00fd sektor.<\/p>\r\n<p>\u201eNeziskov\u00e9 organizace hraj\u00ed v\u00a0integraci velmi d\u016fle\u017eitou roli. Tvo\u0159\u00ed platformy, kde se lid\u00e9 mohou setk\u00e1vat, radit se, vzd\u011bl\u00e1vat a\u00a0bavit,\u201c \u0159\u00edk\u00e1 Laskovsk\u00e1. Za\u00a0d\u016fle\u017eit\u00e9ho partnera pova\u017euje Integra\u010dn\u00ed centrum Praha, kter\u00e9 poskytuje bezplatn\u00e9 vzd\u011bl\u00e1vac\u00ed semin\u00e1\u0159e a\u00a0celou \u0159adu dal\u0161\u00edch aktivit.<\/p>\r\n<p>&nbsp;<\/p>\r\n<h3>Sejdeme se u\u00a0j\u00eddla<\/h3>\r\n<p>Dal\u0161\u00ed zaj\u00edmavou iniciativou je Rodina odvedle neziskov\u00e9 organizace Slovo 21. Spo\u010d\u00edv\u00e1 v\u00a0setk\u00e1v\u00e1n\u00ed se \u010desk\u00fdch rodin a\u00a0rodin cizinc\u016f u\u00a0spole\u010dn\u00e9ho ob\u011bda. Jedna z\u00a0rodin u\u00a0sebe doma p\u0159iprav\u00ed ob\u011bd, na\u00a0kter\u00fd druhou rodinu pozve. Z\u00e1m\u011brem je podpo\u0159it vz\u00e1jemnou komunikaci a\u00a0vytvo\u0159it opravdov\u00e9 mezilidsk\u00e9 vztahy mezi imigranty a\u00a0\u010deskou spole\u010dnost\u00ed. Projekt funguje u\u017e od\u00a0roku 2004 a\u00a0od\u00a0t\u00e9 doby d\u00edky n\u011bmu ke\u00a0spole\u010dn\u00fdm ob\u011bd\u016fm usedlo v\u00edce ne\u017e tis\u00edc t\u0159i sta rodin. Polovina z\u00a0nich se od\u00a0t\u00e9 doby st\u00e1le nav\u0161t\u011bvuje. Loni se zapojila nap\u0159\u00edklad rodina z\u00a0Ukrajiny, kter\u00e1 v\u00a0\u010cesk\u00e9 republice \u017eila pouh\u00fdch n\u011bkolik m\u011bs\u00edc\u016f. Hostila ve\u00a0sv\u00e9 dom\u00e1cnosti rodinu \u0160ustovu z\u00a0pra\u017esk\u00fdch Hole\u0161ovic. \u201eNa\u00a0setk\u00e1n\u00ed jsme se t\u011b\u0161ili, ukrajinsk\u00e9 j\u00eddlo jsme nikdy nejedli, bylo \u00fa\u017easn\u00e9, a\u00a0s\u00a0rodinou si velmi rozum\u00edme. U\u017e jsme se domluvili na\u00a0dal\u0161\u00edm setk\u00e1n\u00ed, tentokr\u00e1t u\u00a0n\u00e1s doma,\u201c d\u011bl\u00ed se o\u00a0sv\u00e9 dojmy ze setk\u00e1n\u00ed Terezie Vasilov\u010d\u00edk \u0160ustov\u00e1.<\/p>\r\n<p>P\u0159edstava o\u00a0spole\u010dn\u00e9m j\u00eddle je tradi\u010dn\u011b sv\u00e1zan\u00e1 s\u00a0ideou pospolitosti. A\u00a0je nepodstatn\u00e9, jestli mysl\u00edme na\u00a0rodinnou ve\u010de\u0159i, na\u00a0smysln\u00fd obraz Sn\u00eddan\u011b v\u00a0tr\u00e1v\u011b od\u00a0\u00c9douarda Maneta anebo na\u00a0Panevropsk\u00fd piknik. S\u00a0nads\u00e1zkou lze \u0159\u00edci, \u017ee touto hostinou na\u00a0dek\u00e1ch, kter\u00e1 se konala 19.&nbsp;srpna 1989 na\u00a0rakousko-ma\u010farsk\u00e9 hranici pobl\u00ed\u017e Sopronu, zapo\u010dal p\u00e1d \u017eelezn\u00e9 opony. Na\u00a0m\u00edstech, kter\u00e1 do\u00a0t\u00e9 doby obch\u00e1zely ozbrojen\u00e9 hl\u00eddky, uspo\u0159\u00e1dali organiz\u00e1to\u0159i z\u00a0ma\u010farsk\u00e9ho Demokratick\u00e9ho f\u00f3ra a\u00a0Panevropsk\u00e9 unie piknik pro dvacet tis\u00edc lid\u00ed. P\u00e1r set \u00fa\u010dastn\u00edk\u016f z\u00a0v\u00fdchodn\u00edho N\u011bmecka se tehdy chopilo p\u0159\u00edle\u017eitosti a\u00a0uteklo na\u00a0Z\u00e1pad. Pohrani\u010dn\u00edci ale nezas\u00e1hli.<\/p>\r\n<p>Otev\u0159en\u00e1 sn\u00eddan\u011b, kter\u00e1 se na\u00a0za\u010d\u00e1tku \u00fanora u\u017e po\u010dtvrt\u00e9 konala v\u00a0hole\u0161ovick\u00e9m Studiu ALTA, v\u00a0podstat\u011b sleduje stejnou my\u0161lenku. C\u00edlem je, aby se se\u0161li lid\u00e9 rozli\u010dn\u00fdch n\u00e1bo\u017eenstv\u00ed a\u00a0kultur, aby spole\u010dn\u011b posn\u00eddali vlastnoru\u010dn\u011b p\u0159ipraven\u00e9 pokrmy, vz\u00e1jemn\u011b se poznali a\u00a0t\u0159eba i\u00a0nav\u00e1zali nov\u00e1 p\u0159\u00e1telstv\u00ed. Projekt iniciativy Hate Free Culture funguje dokonce l\u00e9pe, ne\u017e organiz\u00e1to\u0159i \u010dekali: \u201eNa\u00a0za\u010d\u00e1tku sed\u00ed lid\u00e9 ka\u017ed\u00fd u\u00a0sv\u00e9ho stolku, ale jak postupuje \u010das, za\u010d\u00ednaj\u00ed se m\u011bnit a\u00a0ty skupiny se prom\u00edchaj\u00ed. Dokonce se tu p\u0159i prvn\u00ed sn\u00eddani do\u00a0sebe zamilovali dva muslimov\u00e9, kte\u0159\u00ed se mezit\u00edm u\u017e vzali,\u201c vypr\u00e1v\u00ed Luk\u00e1\u0161 Houdek, spoluzakladatel iniciativy. Zainteresovan\u00fdch pr\u00fd st\u00e1le p\u0159ib\u00fdv\u00e1, minul\u00e9 sn\u00eddan\u011b se \u00fa\u010dastnilo kolem sta lid\u00ed.<\/p>\r\n<p>\u201eV Praze 7 se mi l\u00edb\u00ed, \u017ee je tak \u017eiv\u00e1. Je tady i\u00a0hodn\u011b kultury, t\u0159eba hudebn\u00ed akce v\u00a0La Fabrice nebo centrum sou\u010dasn\u00e9ho um\u011bn\u00ed DOX,\u201c \u0159\u00edk\u00e1 Akhmetshina. Ostatn\u011b pr\u00e1v\u011b tam byla ned\u00e1vno k\u00a0vid\u011bn\u00ed v\u00fdstava HateFree? reaguj\u00edc\u00ed na\u00a0aktu\u00e1ln\u00ed n\u00e1r\u016fst nen\u00e1vistn\u00fdch postoj\u016f v\u016f\u010di men\u0161in\u00e1m. O\u00a0projevech xenofobie ov\u0161em na\u00a0diskuzi v\u00a0Parkhotelu sly\u0161et nebylo \u2013 Leten\u0161t\u00ed, Buben\u0161t\u00ed a\u00a0Hole\u0161ovi\u010dt\u00ed p\u016fvodem z\u00a0daleka si \u017eivot na\u00a0Sedmi\u010dce pochvalovali. \u017dij\u00ed tady jako doma a\u00a0jako ob\u010dan\u00e9 maj\u00ed chu\u0165 se aktivn\u011b zapojit do\u00a0ve\u0159ejn\u00e9ho d\u011bn\u00ed.<\/p>\r\n<p>&nbsp;<\/p>\r\n<h3>Status cizinc\u016f<\/h3>\r\n<p>Cizinci mohou po\u00a0p\u011bti letech pobytu v\u00a0\u010cR z\u00edskat trval\u00fd pobyt, a\u00a0t\u00edm i\u00a0ve\u0161ker\u00e1 soci\u00e1ln\u00ed pr\u00e1va ve\u00a0stejn\u00e9 m\u00ed\u0159e jako \u010de\u0161t\u00ed ob\u010dan\u00e9. Po\u00a0deseti letech pobytu mohou po\u017e\u00e1dat o\u00a0ud\u011blen\u00ed ob\u010danstv\u00ed, p\u0159i\u010dem\u017e se nemus\u00ed vzd\u00e1t ob\u010danstv\u00ed zem\u011b sv\u00e9ho p\u016fvodu \u2013 z\u00e1kon umo\u017e\u0148uje dvoj\u00ed ob\u010danstv\u00ed. Cizinci druh\u00e9 generace mohou ob\u010danstv\u00ed z\u00edskat prohl\u00e1\u0161en\u00edm.<\/p>\r\n<hr \/>\r\n<h3>Kde pomohou cizinc\u016fm?<\/h3>\r\n<p>V\u0161eobecn\u00e9 informace, doprovod na\u00a0\u00fa\u0159ad<\/p>\r\n<p>Odd\u011blen\u00ed integrace cizinc\u016f a\u00a0n\u00e1rodnostn\u00edch<\/p>\r\n<p>men\u0161in \u00da\u0159adu M\u010c P7<\/p>\r\n<p>tel. 220\u00a0144\u00a0249<\/p>\r\n<p><a href=\"http:\/\/www.praha7.cz\" target=\"_blank\" rel=\"noopener\">www.praha7.cz<\/a><\/p>\r\n<p>Z\u00e1le\u017eitosti spojen\u00e9 s\u00a0pobytem v\u00a0\u010cR<\/p>\r\n<p>Ministerstvo vnitra \u010cR<\/p>\r\n<p>tel. 974\u00a0832\u00a0421, 974\u00a0832\u00a0418<\/p>\r\n<p><a href=\"http:\/\/www.mvcr.cz\/cizinci\" target=\"_blank\" rel=\"noopener\">www.mvcr.cz\/cizinci<\/a><\/p>\r\n<p>Organizace n\u00e1pomocn\u00e9 cizinc\u016fm (v\u00fdb\u011br)<\/p>\r\n<p>Integra\u010dn\u00ed centrum Praha, tel. 252\u00a0543\u00a0846,<\/p>\r\n<p><a href=\"http:\/\/www.icpraha.com\" target=\"_blank\" rel=\"noopener\">www.icpraha.com<\/a><\/p>\r\n<p>Slovo21, tel. 222\u00a0518\u00a0554, 222\u00a0511\u00a0434,<\/p>\r\n<p><a href=\"http:\/\/www.slovo21.cz\" target=\"_blank\" rel=\"noopener\">www.slovo21.cz<\/a><\/p>\r\n<p>Sdru\u017een\u00ed pro integraci a\u00a0migraci, tel. 224\u00a0224\u00a0379, <a href=\"http:\/\/www.migrace.com\" target=\"_blank\" rel=\"noopener\">www.migrace.com<\/a><\/p>\r\n<p>Centrum pro integraci cizinc\u016f, o.p.s., tel. 222\u00a0360<a href=\"http:\/\/www.cicpraha.org\" target=\"_blank\" rel=\"noopener\"> www.cicpraha.org<\/a><\/p>\r\n<p>META, o.p.s., tel. 222\u00a0521\u00a0446,<a href=\"http:\/\/www.meta-ops.cz\" target=\"_blank\" rel=\"noopener\"> www.meta-ops.cz<\/a><\/p>\r\n<p>&nbsp;<\/p>\r\n<p>InB\u00e1ze, z.s., tel. 739\u00a0037\u00a0353,<a href=\"http:\/\/www.inbaze.cz\" target=\"_blank\" rel=\"noopener\"> www.inbaze.cz<\/a><\/p>\r\n<p>&nbsp;<\/p>\r\n<p>Klub Hanoi, tel. 608\u00a0535\u00a0792, <a href=\"http:\/\/www.klubhanoi.cz\" target=\"_blank\" rel=\"noopener\">www.klubhanoi.cz<\/a><\/p>\r\n<p>&nbsp;<\/p>\r\n<p>Organizace pro pomoc uprchl\u00edk\u016fm, o.s.,<\/p>\r\n<p>tel. 284\u00a0683\u00a0714,<a href=\"http:\/\/www.opu.cz\" target=\"_blank\" rel=\"noopener\"> www.opu.cz<\/a><\/p>\r\n<p>&nbsp;<\/p>\r\n<p>Arcidiec\u00e9zn\u00ed charita, tel. 224\u00a0246\u00a0573,<\/p>\r\n<p><a href=\"http:\/\/praha.charita.cz\" target=\"_blank\" rel=\"noopener\">praha.charita.cz<\/a><\/p>\r\n<p>&nbsp;<\/p>","protected":false},"excerpt":{"rendered":"[perex] Skoro ka\u017ed\u00fd sedm\u00fd obyvatel Prahy&nbsp;7 poch\u00e1z\u00ed odjinud \u2013 tedy ne z\u00a0Brna nebo t\u0159eba z\u00a0Liberce, ale ze zahrani\u010d\u00ed. Kdo jsou tito lid\u00e9, pro\u010d se usadili pr\u00e1v\u011b v\u00a0na\u0161\u00ed \u010dtvrti a\u00a0jak\u00fd maj\u00ed z\u00e1jem o\u00a0ve\u0159ejn\u00e9 d\u011bn\u00ed? [\/perex] \u201eM\u00e1te n\u011bjak\u00e9 pl\u00e1ny, jak podporovat start-up podniky v\u00a0Praze 7?\u201c pt\u00e1 se Jari Makkonen a\u00a0svoj\u00ed ot\u00e1zkou ukon\u010duje dlouhou diskusi o\u00a0pravd\u011bpodobn\u011b nej\u017ehav\u011bj\u0161\u00edm politick\u00e9m [&hellip;]","protected":false},"author":2,"featured_media":0,"comment_status":"open","ping_status":"open","sticky":false,"template":"","format":"standard","meta":[],"categories":[37],"tags":[],"_links":{"self":[{"href":"https:\/\/www.praha7.cz\/api\/wp\/v2\/posts\/4294"}],"collection":[{"href":"https:\/\/www.praha7.cz\/api\/wp\/v2\/posts"}],"about":[{"href":"https:\/\/www.praha7.cz\/api\/wp\/v2\/types\/post"}],"author":[{"embeddable":true,"href":"https:\/\/www.praha7.cz\/api\/wp\/v2\/users\/2"}],"replies":[{"embeddable":true,"href":"https:\/\/www.praha7.cz\/api\/wp\/v2\/comments?post=4294"}],"version-history":[{"count":4,"href":"https:\/\/www.praha7.cz\/api\/wp\/v2\/posts\/4294\/revisions"}],"predecessor-version":[{"id":39833,"href":"https:\/\/www.praha7.cz\/api\/wp\/v2\/posts\/4294\/revisions\/39833"}],"wp:attachment":[{"href":"https:\/\/www.praha7.cz\/api\/wp\/v2\/media?parent=4294"}],"wp:term":[{"taxonomy":"category","embeddable":true,"href":"https:\/\/www.praha7.cz\/api\/wp\/v2\/categories?post=4294"},{"taxonomy":"post_tag","embeddable":true,"href":"https:\/\/www.praha7.cz\/api\/wp\/v2\/tags?post=4294"}],"curies":[{"name":"wp","href":"https:\/\/api.w.org\/{rel}","templated":true}]}}