    
{"id":4289,"date":"2016-04-24T15:17:46","date_gmt":"2016-04-24T13:17:46","guid":{"rendered":"https:\/\/praha7.cz\/?p=4289"},"modified":"2017-08-25T09:45:30","modified_gmt":"2017-08-25T07:45:30","slug":"odsun-nemcu-z-prahy-7","status":"publish","type":"post","link":"https:\/\/www.praha7.cz\/odsun-nemcu-z-prahy-7\/","title":{"rendered":"Odsun N\u011bmc\u016f z\u00a0Prahy&nbsp;7"},"content":{"rendered":"<p>[perex]<\/p><p>Druh\u00e1 sv\u011btov\u00e1 v\u00e1lka velmi v\u00fdrazn\u011b zm\u011bnila tv\u00e1\u0159 \u010desk\u00fdch m\u011bst v\u010detn\u011b Prahy&nbsp;7. Tak\u0159ka ze dne na den zmizeli \u017eidov\u0161t\u00ed spoluob\u010dan\u00e9, jejich\u017e \u017eivotn\u00ed pou\u0165 skon\u010dila zpravidla tragicky v\u00a0koncentra\u010dn\u00edch t\u00e1borech na V\u00fdchod\u011b. A&nbsp;brzy po v\u00e1lce metropoli opustili i&nbsp;pra\u017e\u0161t\u00ed N\u011bmci. \u0158ada z\u00a0nich jen proto, \u017ee se ocitli na stran\u011b pora\u017een\u00fdch. Pr\u00e1v\u011b v\u00a0t\u011bchto dnech si p\u0159ipom\u00edn\u00e1me sedmdes\u00e1t\u00e9 v\u00fdro\u010d\u00ed vyhn\u00e1n\u00ed pra\u017esk\u00fdch N\u011bmc\u016f.<\/p>\r\n\r\n<p>[\/perex]<\/p><p>Po\u010d\u00e1tky os\u00eddlen\u00ed Prahy&nbsp;7 n\u011bmeck\u00fdm obyvatelstvem souvisej\u00ed s\u00a0rozmachem \u010dtvrti jako pr\u016fmyslov\u00e9 enkl\u00e1vy, ke\u00a0kter\u00e9mu doch\u00e1z\u00ed p\u0159edev\u0161\u00edm v\u00a0druh\u00e9 polovin\u011b 19.&nbsp;stolet\u00ed. Pro velkou \u010d\u00e1st zakladatel\u016f zdej\u0161\u00edch velk\u00fdch tov\u00e1ren byla n\u011bm\u010dina mate\u0159sk\u00fdm jazykem, i\u00a0kdy\u017e tito \u201egr\u00fcnde\u0159i\u201c byli \u010dasto z\u00e1rove\u0148 p\u0159\u00edslu\u0161n\u00edky \u017eidovsk\u00e9 komunity. Pozd\u011bj\u0161\u00ed rozvoj Prahy&nbsp;7 coby reziden\u010dn\u00ed \u010dtvrti sem p\u0159iv\u00e1d\u00ed dal\u0161\u00ed vlnu n\u011bmeck\u00fdch obyvatel. Ve\u00a0t\u0159ic\u00e1t\u00fdch letech 20.&nbsp;stolet\u00ed lze n\u011bkter\u00e9 oblasti Prahy&nbsp;7<\/p>\r\n<p>pova\u017eovat za\u00a0\u201en\u011bmeck\u00e9\u201c, nap\u0159\u00edklad \u010din\u017eovn\u00ed domy v\u00a0Bubensk\u00e9 ulici nebo okol\u00ed. Sv\u016fj domov zde na\u0161la i\u00a0cel\u00e1 \u0159ada v\u00fdznamn\u00fdch osobnost\u00ed n\u011bmeck\u00e9 n\u00e1rodnosti, nap\u0159\u00edklad pianista Franz Langer, \u0161\u00e9fredaktor \u010dasopisu Sozialdemokrat, politik \u017eidovsk\u00e9ho p\u016fvodu Emil Strauss nebo nakladatel PhDr.\u00a0Pavel Steindler. Praha&nbsp;7 byla zvl\u00e1\u0161\u0165 obl\u00edbenou adresou mezi profesory pra\u017esk\u00e9 n\u011bmeck\u00e9 vysok\u00e9 \u0161koly (bydleli zde paleontolog prof.\u00a0Adalbert Liebus, pr\u00e1vn\u00edk JUDr.\u00a0Rudolf Schranil, profesor fyziky PhDr.\u00a0Rudolf Spitaler a\u00a0dal\u0161\u00ed).<\/p>\r\n<p>&nbsp;<\/p>\r\n<h3>Nejasn\u00e9 po\u010dty<\/h3>\r\n<p>P\u0159edstavu o\u00a0n\u00e1rodnostn\u00edch \u010di n\u00e1bo\u017eensk\u00fdch men\u0161in\u00e1ch n\u00e1m p\u0159in\u00e1\u0161\u00ed p\u0159edv\u00e1le\u010dn\u00e9 s\u010d\u00edt\u00e1n\u00ed obyvatel \u010cSR, kter\u00e9 se konalo v\u00a0roce 1930. V\u00a0Praze 7 tehdy \u017eilo t\u00e9m\u011b\u0159 60 tis\u00edc obyvatel, z\u00a0\u010deho\u017e bylo 3800 N\u011bmc\u016f a\u00a02800 \u017did\u016f. \u00dadaje o\u00a0po\u010dtu n\u011bmeck\u00fdch obyvatel na\u00a0ja\u0159e 1945, tedy na\u00a0konci druh\u00e9 sv\u011btov\u00e9 v\u00e1lky, se velmi li\u0161\u00ed. N\u011bmeckou populaci b\u011bhem v\u00e1lky roz\u0161\u00ed\u0159il p\u0159\u00edchod pot\u0159ebn\u00fdch \u00fa\u0159edn\u00edk\u016f, jak ze Sudet, tak z\u00a0\u00fazem\u00ed \u0158\u00ed\u0161e. S\u00a0postupem v\u00fdchodn\u00ed fronty se Praha stala \u00fato\u010di\u0161t\u011bm tis\u00edc\u016f n\u011bmeck\u00fdch obyvatel, kte\u0159\u00ed prchali z\u00a0obsazovan\u00fdch \u00fazem\u00ed. Okupa\u010dn\u00ed spr\u00e1va je naz\u00fdvala \u201en\u00e1rodn\u00edmi hosty\u201c. N\u011bmeck\u00e9 zdroje tak uv\u00e1d\u011bj\u00ed celkov\u00fd po\u010det a\u017e 200 tis\u00edc osob, st\u0159\u00edzliv\u011bj\u0161\u00ed odhady vytvo\u0159en\u00e9 na\u00a0z\u00e1klad\u011b po\u010dtu vydan\u00fdch potravinov\u00fdch l\u00edstk\u016f hovo\u0159\u00ed o\u00a075\u201380 tis\u00edc\u00edch osob.<\/p>\r\n<p>Nep\u0159ehledn\u00e9 situace po\u00a0skon\u010den\u00ed boj\u016f 9.&nbsp;kv\u011btna 1945 vyu\u017eily desetitis\u00edce pra\u017esk\u00fdch N\u011bmc\u016f k\u00a0odchodu spolu s\u00a0ustupuj\u00edc\u00edmi vojsky. Dle kapitula\u010dn\u00edho protokolu m\u011bl zbytek n\u011bmeck\u00fdch obyvatel z\u016fstat pod ochranou Mezin\u00e1rodn\u00edho \u010derven\u00e9ho k\u0159\u00ed\u017ee. Po\u00a0cel\u00e9 Praze byly z\u0159izov\u00e1ny provizorn\u00ed sb\u011brn\u00e9 t\u00e1bory, nej\u010dast\u011bji ve\u00a0velk\u00fdch s\u00e1lech kin, \u0161kol\u00e1ch nebo v\u00a0jin\u00fdch ve\u0159ejn\u00fdch budov\u00e1ch. V\u00a0Praze 7 bylo celkem p\u011bt takov\u00fdch sb\u011brn\u00fdch m\u00edst \u2013 ve\u00a0\u0161kole na\u00a0Z\u00e1tor\u00e1ch v\u00a0Jablonsk\u00e9ho ulici, v\u00a0Bio Oko, v\u00a0s\u00e1le b\u00fdval\u00e9ho kina U\u00a0Sv. V\u00e1clava v\u00a0dne\u0161n\u00ed ulici Milady Hor\u00e1kov\u00e9 a\u00a0v\u00a0s\u00e1le hotelu Belvedere. Posledn\u00ed t\u00e1bor v\u00a0hole\u0161ovick\u00e9m kin\u011b Domovina vznikl ji\u017e v\u00a0pr\u016fb\u011bhu Pra\u017esk\u00e9ho povst\u00e1n\u00ed (8.&nbsp;kv\u011btna) a\u00a0zde dr\u017een\u00ed N\u011bmci sehr\u00e1li ur\u010ditou roli p\u0159i vyjedn\u00e1v\u00e1n\u00ed b\u011bhem boj\u016f v\u00a0Hole\u0161ovic\u00edch (viz Hobulet 6\/2015). Zadr\u017eov\u00e1ni zde byli i\u00a0\u010de\u0161t\u00ed ob\u010dan\u00e9 podez\u0159el\u00ed z\u00a0kolaborace. Celkem byly na\u00a0t\u011bchto m\u00edstech internov\u00e1ny stovky osob, nap\u0159\u00edklad soupis z\u00a0kina Oko \u010d\u00edt\u00e1 431 jmen.<\/p>\r\n<p>B\u011bhem n\u011bkolika dn\u00ed se tak z\u00a0privilegovan\u00fdch pra\u017esk\u00fdch N\u011bmc\u016f stali ob\u010dan\u00e9 druh\u00e9 kategorie. Byla vyd\u00e1na cel\u00e1 \u0159ada p\u0159edpis\u016f, kter\u00e9 omezovaly jejich svobodu. N\u011bmci m\u011bli zak\u00e1z\u00e1no pou\u017e\u00edvat ve\u0159ejnou dopravu, omezena byla doba, kdy sm\u011bli nakupovat, k\u00a0restrikc\u00edm se p\u0159istoupilo i\u00a0v\u00a0po\u0161tovn\u00edm styku, kter\u00fd nav\u00edc podl\u00e9hal cenzu\u0159e, atd. To v\u0161e n\u00e1padn\u011b p\u0159ipom\u00ednalo opat\u0159en\u00ed, je\u017e zav\u00e1d\u011bli N\u011bmci n\u011bkolik let p\u0159edt\u00edm v\u016f\u010di\u00a0\u017did\u016fm. V\u00a0souladu s\u00a0dekrety prezidenta Bene\u0161e byla nav\u00edc na\u00a0n\u011bmeck\u00fd majetek uvalena n\u00e1rodn\u00ed spr\u00e1va. D\u00e1le byla pro N\u011bmce zavedena pracovn\u00ed povinnost, je\u017e se vztahovala na\u00a0mu\u017ee ve\u00a0v\u011bku 14\u201365 let a\u00a0na\u00a0\u017eeny ve\u00a0v\u011bku 14\u201360 let. Nejen v\u00a0Praze 7 tak byli n\u011bme\u010dt\u00ed ob\u010dan\u00e9 vyu\u017e\u00edv\u00e1ni k\u00a0odkl\u00edzen\u00ed barik\u00e1d, je\u017e tu vyrostly b\u011bhem povst\u00e1n\u00ed. N\u011bkte\u0159\u00ed zadr\u017een\u00ed N\u011bmci byli tak\u00e9 posl\u00e1ni na\u00a0pr\u00e1ci mimo Prahu, z\u00a0Prahy&nbsp;7 odjel ji\u017e 5.&nbsp;\u010dervna 1945 transport do\u00a0Kutn\u00e9 Hory.<\/p>\r\n<p>&nbsp;<\/p>\r\n<h3>Transporty z\u00a0Mod\u0159an<\/h3>\r\n<p>Ve\u00a0zbytku roku 1945 p\u0159ipravovaly \u00fast\u0159edn\u00ed org\u00e1ny organizovan\u00fd odsun n\u011bmeck\u00e9ho obyvatelstva z\u00a0\u010ceskoslovenska. N\u011bkte\u0159\u00ed pra\u017e\u0161t\u00ed N\u011bmci ale nakonec dostali \u0161anci se odsunu vyhnout. Mezi srpnem 1945 a\u00a0\u00fanorem 1946 mohli ob\u010dan\u00e9, kte\u0159\u00ed p\u0159i posledn\u00edm s\u010d\u00edt\u00e1n\u00ed lidu v\u00a0roce 1930 uvedli jako svou n\u00e1rodnost n\u011bmeckou, podat \u017e\u00e1dost o\u00a0navr\u00e1cen\u00ed \u010deskoslovensk\u00e9ho ob\u010danstv\u00ed, kter\u00e9 jim bylo p\u0159edt\u00edm na\u00a0z\u00e1klad\u011b jednoho z\u00a0prezidentsk\u00fdch dekret\u016f odebr\u00e1no. Tuto mo\u017enost vyu\u017eilo 19 tis\u00edc lid\u00ed. Proto\u017ee bylo z\u0159ejm\u00e9, \u017ee zdaleka ne v\u0161echny \u017e\u00e1dosti se stihnou vy\u0159\u00eddit, zve\u0159ejnil V\u011bstn\u00edk hlavn\u00edho m\u011bsta Prahy v\u00a0b\u0159eznu 1946 jm\u00e9na v\u00edce ne\u017e 12 tis\u00edc t\u011bchto \u017eadatel\u016f, p\u0159i\u010dem\u017e stovky z\u00a0nich uvedly bydli\u0161t\u011b v\u00a0Praze 7. Z\u00e1rove\u0148 vyzval \u010dten\u00e1\u0159e, aby se\u00a0vyj\u00e1d\u0159ili k\u00a0aktivit\u00e1m a\u00a0postoj\u016fm t\u011bchto lid\u00ed b\u011bhem v\u00e1lky. Tento postup se stal ter\u010dem kritiky tisku, p\u0159edev\u0161\u00edm komunistick\u00e9ho, kter\u00fd \u017e\u00e1dal \u201ed\u016fkladnou o\u010distu Prahy od\u00a0N\u011bmc\u016f\u201c.<\/p>\r\n<p>Technick\u00e9 detaily p\u0159ipravovan\u00e9ho odsunu dojednala \u010deskoslovensk\u00e1 vl\u00e1da se z\u00e1stupci americk\u00e9 a\u00a0sov\u011btsk\u00e9 okupa\u010dn\u00ed spr\u00e1vy na\u00a0\u00fazem\u00ed N\u011bmecka, kam m\u011bly transporty sm\u011b\u0159ovat. Odchod n\u011bmeck\u00fdch obyvatel za\u010dal prvn\u00edm transportem 8.&nbsp;b\u0159ezna 1946 z\u00a0n\u00e1dra\u017e\u00ed v\u00a0Mod\u0159anech. P\u0159ed odjezdem pro\u0161li v\u0161ichni pasa\u017e\u00e9\u0159i l\u00e9ka\u0159skou prohl\u00eddkou, podstoupili celn\u00ed prohl\u00eddku zavazadel o\u00a0maxim\u00e1ln\u00ed povolen\u00e9 v\u00e1ze 50\u2009kg a\u00a0byli vybaveni \u010d\u00e1stkou 500 marek. Ka\u017ed\u00fd vlak se sest\u00e1val ze 40 voz\u016f, jeden a\u017e dva vagony byly ur\u010deny pro p\u0159epravu nemocn\u00fdch a\u00a0vlak s\u00a0sebou vezl z\u00e1soby j\u00eddla na\u00a0t\u00fdden. Celkem odjelo z\u00a0Mod\u0159an 16 transport\u016f s\u00a0t\u00e9m\u011b\u0159 20 tis\u00edci n\u011bmeck\u00fdmi obyvateli z\u00a0Prahy a\u00a0okol\u00ed.<\/p>\r\n<p>I\u00a0po\u00a0ofici\u00e1ln\u00edm skon\u010den\u00ed odsunu z\u016fst\u00e1valy v\u00a0Praze stovky n\u011bmeck\u00fdch obyvatel. V\u00a0Praze 7 fungovala je\u0161t\u011b v\u00a0letech 1947\u201348 komise pro vnit\u0159n\u00ed n\u00e1rodn\u00ed bezpe\u010dnost p\u0159i Obvodn\u00ed rad\u011b pro Prahu 7, do\u00a0jej\u00ed\u017e agendy pat\u0159ilo p\u0159edev\u0161\u00edm posuzov\u00e1n\u00ed \u017e\u00e1dost\u00ed o\u00a0st\u00e1tn\u00ed ob\u010danstv\u00ed nebo (ne)vyd\u00e1v\u00e1n\u00ed osv\u011bd\u010den\u00ed o\u00a0st\u00e1tn\u00ed a\u00a0n\u00e1rodn\u00ed spolehlivosti.<\/p>\r\n<p>Vyhn\u00e1n\u00ed n\u011bmeck\u00e9ho obyvatelstva z\u00a0Prahy&nbsp;7 znamenalo odchod \u010d\u00e1sti obyvatel, kte\u0159\u00ed se pom\u011brn\u011b z\u00e1sadn\u00edm zp\u016fsobem pod\u00edleli na\u00a0rozvoji \u010dtvrti a\u00a0spoluvytv\u00e1\u0159eli jej\u00ed podobu. N\u011bkte\u0159\u00ed sou\u010dasn\u00edci jej v\u00edtali jako jedine\u010dnou d\u011bjinnou \u0161anci zbavit se \u201enep\u0159\u00e1telsk\u00e9ho\u201c n\u011bmeck\u00e9ho elementu. Nicm\u00e9n\u011b s\u00a0odstupem sedmdes\u00e1ti let je t\u0159eba odm\u00edtnout princip kolektivn\u00ed viny, kter\u00fd byl ve\u00a0velk\u00e9 m\u00ed\u0159e uplat\u0148ov\u00e1n.\u00a0\u25cb\u00a0<\/p>\r\n<hr \/>\r\n<p>1 Zajat\u00ed N\u011bmci byli vyu\u017e\u00edv\u00e1ni k\u00a0\u00faklidov\u00fdm prac\u00edm i\u00a0v\u00a0doln\u00edch Hole\u0161ovic\u00edch.<\/p>\r\n<p>&nbsp;<\/p>\r\n<p>2 V\u00a0Praze 7 \u017eila p\u0159ed II. sv\u011btovou v\u00e1lkou pom\u011brn\u011b siln\u00e1 n\u011bmeck\u00e1 men\u0161ina. V\u00a0dom\u011b na\u00a0sn\u00edmku v\u00a0ulici U\u00a0Smaltovny (tehdy se jmenovala U\u00a0Vozovky) \u017eil ve\u00a0t\u0159ic\u00e1t\u00fdch letech pozd\u011bji neblaze proslul\u00fd PhDr.\u00a0Josef Pfitzner. B\u011bhem v\u00e1lky byl n\u00e1m\u011bstkem prim\u00e1tora a\u00a0faktick\u00fdm vl\u00e1dcem Prahy. Po\u00a0skon\u010den\u00ed v\u00e1lky byl odsouzen k\u00a0trestu smrti a\u00a06.&nbsp;z\u00e1\u0159\u00ed 1945 popraven.\u00a0<\/p>\r\n<p>&nbsp;<\/p>\r\n<p>3 Viditeln\u011b ozna\u010den\u00ed N\u011bmci pom\u00e1haj\u00ed rozeb\u00edrat barik\u00e1du na\u00a0k\u0159\u00ed\u017een\u00ed ulic Milady Hor\u00e1kov\u00e9 a\u00a0Kamenick\u00e1.<\/p>\r\n<p>&nbsp;<\/p>\r\n<p>4 Tehdej\u0161\u00ed tisk zpravidla podporoval co nejrychlej\u0161\u00ed odsun N\u011bmc\u016f. Zvl\u00e1\u0161\u0165 aktivn\u00ed bylo komunistick\u00e9 Rud\u00e9 pr\u00e1vo.<\/p>\r\n<p>&nbsp;<\/p>\r\n<p>5 N\u011bme\u010dt\u00ed obyvatel\u00e9 shrom\u00e1\u017ed\u011bn\u00ed na\u00a0Strossmayerov\u011b n\u00e1m\u011bst\u00ed t\u011bsn\u011b po\u00a0skon\u010den\u00ed bojov\u00fdch operac\u00ed v\u00a0kv\u011btnu 1945.<\/p>\r\n<p>&nbsp;<\/p>\r\n<p>6 Mapa Prahy&nbsp;7 z\u00a0roku 1944 s\u00a0n\u011bmeck\u00fdmi<\/p>\r\n<p>n\u00e1zvy ulic.<\/p>\r\n<hr \/>\r\n<p>Pokud m\u00e1te dokumenty, vzpom\u00ednky nebo fotografie na \u017eivot n\u011bmeck\u00e9 men\u0161iny v\u00a0Praze 7 p\u0159ed rokem 1945, ozv\u011bte se n\u00e1m na email: vaclavovics@praha7.cz nebo na tel.: 220&nbsp;144150 nebo 604\u00a0435&nbsp;268. D\u011bkujeme.<\/p>","protected":false},"excerpt":{"rendered":"[perex]Druh\u00e1 sv\u011btov\u00e1 v\u00e1lka velmi v\u00fdrazn\u011b zm\u011bnila tv\u00e1\u0159 \u010desk\u00fdch m\u011bst v\u010detn\u011b Prahy&nbsp;7. Tak\u0159ka ze dne na den zmizeli \u017eidov\u0161t\u00ed spoluob\u010dan\u00e9, jejich\u017e \u017eivotn\u00ed pou\u0165 skon\u010dila zpravidla tragicky v\u00a0koncentra\u010dn\u00edch t\u00e1borech na V\u00fdchod\u011b. A&nbsp;brzy po v\u00e1lce metropoli opustili i&nbsp;pra\u017e\u0161t\u00ed N\u011bmci. \u0158ada z\u00a0nich jen proto, \u017ee se ocitli na stran\u011b pora\u017een\u00fdch. Pr\u00e1v\u011b v\u00a0t\u011bchto dnech si p\u0159ipom\u00edn\u00e1me sedmdes\u00e1t\u00e9 v\u00fdro\u010d\u00ed vyhn\u00e1n\u00ed pra\u017esk\u00fdch [&hellip;]","protected":false},"author":2,"featured_media":0,"comment_status":"open","ping_status":"open","sticky":false,"template":"","format":"standard","meta":[],"categories":[37],"tags":[],"_links":{"self":[{"href":"https:\/\/www.praha7.cz\/api\/wp\/v2\/posts\/4289"}],"collection":[{"href":"https:\/\/www.praha7.cz\/api\/wp\/v2\/posts"}],"about":[{"href":"https:\/\/www.praha7.cz\/api\/wp\/v2\/types\/post"}],"author":[{"embeddable":true,"href":"https:\/\/www.praha7.cz\/api\/wp\/v2\/users\/2"}],"replies":[{"embeddable":true,"href":"https:\/\/www.praha7.cz\/api\/wp\/v2\/comments?post=4289"}],"version-history":[{"count":2,"href":"https:\/\/www.praha7.cz\/api\/wp\/v2\/posts\/4289\/revisions"}],"predecessor-version":[{"id":4405,"href":"https:\/\/www.praha7.cz\/api\/wp\/v2\/posts\/4289\/revisions\/4405"}],"wp:attachment":[{"href":"https:\/\/www.praha7.cz\/api\/wp\/v2\/media?parent=4289"}],"wp:term":[{"taxonomy":"category","embeddable":true,"href":"https:\/\/www.praha7.cz\/api\/wp\/v2\/categories?post=4289"},{"taxonomy":"post_tag","embeddable":true,"href":"https:\/\/www.praha7.cz\/api\/wp\/v2\/tags?post=4289"}],"curies":[{"name":"wp","href":"https:\/\/api.w.org\/{rel}","templated":true}]}}