    
{"id":42881,"date":"2020-10-20T17:56:37","date_gmt":"2020-10-20T15:56:37","guid":{"rendered":"https:\/\/www.praha7.cz\/?p=42881"},"modified":"2020-10-21T17:44:56","modified_gmt":"2020-10-21T15:44:56","slug":"platnost-ridicskych-prukazu-se-prodlouzi","status":"publish","type":"post","link":"https:\/\/www.praha7.cz\/platnost-ridicskych-prukazu-se-prodlouzi\/","title":{"rendered":"Platnost \u0159idi\u010dsk\u00fdch pr\u016fkaz\u016f se prodlou\u017e\u00ed"},"content":{"rendered":"<p>[perex]<\/p>\r\n<p>Ministerstvo dopravy \u010cR spole\u010dn\u011b s&nbsp;Ministerstvem vnitra \u010cR rozhodlo o&nbsp;toleranci neplatn\u00fdch \u0159idi\u010dsk\u00fdch pr\u016fkaz\u016f v&nbsp;r\u00e1mci nouzov\u00e9ho stavu na \u00fazem\u00ed \u010cesk\u00e9 republiky. Lid\u00e9 s&nbsp;propadl\u00fdm pr\u016fkazem tak budou moci d\u00e1le \u0159\u00eddit sv\u00e1 vozidla a&nbsp;na doklad se bude hled\u011bt po dobu nouzov\u00e9ho stavu jako na platn\u00fd. Hlavn\u00ed m\u011bsto nav\u00edc roz\u0161\u00ed\u0159ilo mo\u017enosti <a href=\"https:\/\/www.praha.eu\/jnp\/cz\/potrebuji_resit\/elektronicke_sluzby\/online_rezervace\/registr_ridicu\/rezervace_navstev\/index.html\">rezervace term\u00ednu<\/a> k\u00a0vy\u0159\u00edzen\u00ed neodkladn\u00fdch z\u00e1le\u017eitost\u00ed na odboru dopravn\u011bspr\u00e1vn\u00edch \u010dinnost\u00ed a\u017e do 30.&nbsp;listopadu 2020.<\/p>\r\n<p>[\/perex]<\/p>\r\n<p>Ministerstvo dopravy spole\u010dn\u011b s\u00a0ministerstvem vnitra rozhodlo o&nbsp;tom, \u017ee propadl\u00e9 \u0159idi\u010dsk\u00e9 pr\u016fkazy v\u00a0r\u00e1mci nouzov\u00e9ho stavu budou pova\u017eov\u00e1ny za platn\u00e9. Z\u00e1rove\u0148 ministerstva \u0159e\u0161\u00ed s&nbsp;Evropskou komis\u00ed, aby opat\u0159en\u00ed bylo mo\u017en\u00e9 prodlou\u017eit do 31.&nbsp;3.&nbsp;2021.<\/p>\r\n<p>Rezerva\u010dn\u00ed syst\u00e9m odboru dopravn\u011bspr\u00e1vn\u00edch \u010dinnost\u00ed Magistr\u00e1tu hl. m. Prahy je v\u00a0sou\u010dasn\u00e9 dob\u011b ur\u010den pro vy\u0159\u00edzen\u00ed neodkladn\u00fdch z\u00e1le\u017eitost\u00ed. Rezerva\u010dn\u00ed syst\u00e9m obvykle nab\u00edz\u00ed term\u00edny na n\u00e1sleduj\u00edc\u00ed zhruba dva t\u00fddny, p\u0159esto se podle zku\u0161enost\u00ed zhruba dvacet procent lid\u00ed na sv\u016fj term\u00edn v\u016fbec nedostav\u00ed a&nbsp;blokuje tak term\u00edn ostatn\u00edm. P\u0159i del\u0161\u00edch rezervac\u00edch byl v&nbsp;minulosti pod\u00edl lid\u00ed, kte\u0159\u00ed se nedostavili, je\u0161t\u011b vy\u0161\u0161\u00ed. Rezervaci je p\u0159itom mo\u017en\u00e9 zru\u0161it a&nbsp;uvolnit tak prostor pro dal\u0161\u00ed p\u0159\u00edpadn\u00e9 z\u00e1jemce.\u00a0<\/p>\r\n<p>Hlavn\u00ed m\u011bsto sou\u010dasn\u011b \u017e\u00e1d\u00e1 ve\u0159ejnost, aby \u00fa\u0159ady po dobu nouzov\u00e9ho stavu nav\u0161t\u011bvovala pouze v\u00a0nutn\u00fdch p\u0159\u00edpadech, kter\u00e9 nesnesou odklad, vyu\u017e\u00edvala v\u00fdhradn\u011b objedn\u00e1vkov\u00fd syst\u00e9m na str\u00e1nk\u00e1ch <a href=\"http:\/\/www.praha.eu\">www.praha.eu<\/a> a&nbsp;s\u00a0\u00fa\u0159adem pokud mo\u017eno komunikovala elektronicky. Nutn\u00e9 je tak\u00e9 dodr\u017eovat bezpe\u010dn\u00e9 vzd\u00e1lenosti, z\u00e1sady hygieny a&nbsp;m\u00edt nasazenou ochranu d\u00fdchac\u00edch cest po celou dobu n\u00e1v\u0161t\u011bvy \u00fa\u0159adu.<\/p>\r\n<p>Hlavn\u00ed m\u011bsto na z\u00e1klad\u011b vl\u00e1dn\u00edch na\u0159\u00edzen\u00ed upravilo \u00fa\u0159edn\u00ed dobu na pond\u011bl\u00ed od 8.00 do 13.00 hodin a&nbsp;st\u0159edu od 13.00 do 18.00 hodin. V\u00fdjimku tvo\u0159\u00ed odbor dopravn\u011bspr\u00e1vn\u00edch \u010dinnost\u00ed, kter\u00fd je v&nbsp;provozu i&nbsp;v&nbsp;ostatn\u00edch pracovn\u00edch dnech, ve kter\u00fdch ale vy\u0159izuje pouze klienty, kter\u00fdm byl p\u0159edem potvrzen term\u00edn k\u00a0n\u00e1v\u0161t\u011bv\u011b.<\/p>","protected":false},"excerpt":{"rendered":"[perex] Ministerstvo dopravy \u010cR spole\u010dn\u011b s&nbsp;Ministerstvem vnitra \u010cR rozhodlo o&nbsp;toleranci neplatn\u00fdch \u0159idi\u010dsk\u00fdch pr\u016fkaz\u016f v&nbsp;r\u00e1mci nouzov\u00e9ho stavu na \u00fazem\u00ed \u010cesk\u00e9 republiky. Lid\u00e9 s&nbsp;propadl\u00fdm pr\u016fkazem tak budou moci d\u00e1le \u0159\u00eddit sv\u00e1 vozidla a&nbsp;na doklad se bude hled\u011bt po dobu nouzov\u00e9ho stavu jako na platn\u00fd. Hlavn\u00ed m\u011bsto nav\u00edc roz\u0161\u00ed\u0159ilo mo\u017enosti rezervace term\u00ednu k\u00a0vy\u0159\u00edzen\u00ed neodkladn\u00fdch z\u00e1le\u017eitost\u00ed na odboru dopravn\u011bspr\u00e1vn\u00edch [&hellip;]","protected":false},"author":5,"featured_media":17779,"comment_status":"closed","ping_status":"open","sticky":false,"template":"","format":"standard","meta":[],"categories":[34],"tags":[],"_links":{"self":[{"href":"https:\/\/www.praha7.cz\/api\/wp\/v2\/posts\/42881"}],"collection":[{"href":"https:\/\/www.praha7.cz\/api\/wp\/v2\/posts"}],"about":[{"href":"https:\/\/www.praha7.cz\/api\/wp\/v2\/types\/post"}],"author":[{"embeddable":true,"href":"https:\/\/www.praha7.cz\/api\/wp\/v2\/users\/5"}],"replies":[{"embeddable":true,"href":"https:\/\/www.praha7.cz\/api\/wp\/v2\/comments?post=42881"}],"version-history":[{"count":3,"href":"https:\/\/www.praha7.cz\/api\/wp\/v2\/posts\/42881\/revisions"}],"predecessor-version":[{"id":42943,"href":"https:\/\/www.praha7.cz\/api\/wp\/v2\/posts\/42881\/revisions\/42943"}],"wp:featuredmedia":[{"embeddable":true,"href":"https:\/\/www.praha7.cz\/api\/wp\/v2\/media\/17779"}],"wp:attachment":[{"href":"https:\/\/www.praha7.cz\/api\/wp\/v2\/media?parent=42881"}],"wp:term":[{"taxonomy":"category","embeddable":true,"href":"https:\/\/www.praha7.cz\/api\/wp\/v2\/categories?post=42881"},{"taxonomy":"post_tag","embeddable":true,"href":"https:\/\/www.praha7.cz\/api\/wp\/v2\/tags?post=42881"}],"curies":[{"name":"wp","href":"https:\/\/api.w.org\/{rel}","templated":true}]}}