    
{"id":42848,"date":"2020-10-20T09:27:42","date_gmt":"2020-10-20T07:27:42","guid":{"rendered":"https:\/\/www.praha7.cz\/?p=42848"},"modified":"2020-10-20T09:34:40","modified_gmt":"2020-10-20T07:34:40","slug":"chcete-pomoci-prihlaste-se-na-jednodenni-kurz-dobrovolneho-pecovatele","status":"publish","type":"post","link":"https:\/\/www.praha7.cz\/chcete-pomoci-prihlaste-se-na-jednodenni-kurz-dobrovolneho-pecovatele\/","title":{"rendered":"Chcete pomoci? P\u0159ihlaste se na jednodenn\u00ed kurz dobrovoln\u00e9ho pe\u010dovatele"},"content":{"rendered":"<p>[perex]<\/p>\r\n<p>Mnoh\u00e9 nemocnice a&nbsp;za\u0159\u00edzen\u00ed soci\u00e1ln\u00edch slu\u017eeb se nyn\u00ed pot\u00fdkaj\u00ed s&nbsp;nedostatkem person\u00e1lu. Nemocn\u00fdch p\u0159ib\u00fdv\u00e1 a&nbsp;i&nbsp;kdy\u017e se aktivuj\u00ed z\u00e1lo\u017en\u00ed kapacity l\u016f\u017eek, z\u016fst\u00e1v\u00e1 zde probl\u00e9m s&nbsp;chyb\u011bj\u00edc\u00edm person\u00e1lem. Jako mo\u017en\u00e9 \u0159e\u0161en\u00ed se nask\u00fdt\u00e1 zapojen\u00ed pro\u0161kolen\u00fdch dobrovoln\u00edk\u016f do procesu p\u00e9\u010de o&nbsp;nemocn\u00e9 na l\u016f\u017eku v&nbsp;nemocnic\u00edch nebo klienty pobytov\u00fdch za\u0159\u00edzen\u00ed soci\u00e1ln\u00edch slu\u017eeb. Odborn\u00fd zdravotnick\u00fd person\u00e1l se tak m\u016f\u017ee v\u00edce v\u011bnovat jin\u00fdm pacient\u016fm, kte\u0159\u00ed jejich p\u00e9\u010di akutn\u011b pot\u0159ebuj\u00ed.\u00a0<a href=\"https:\/\/www.cervenykriz.eu\/\" target=\"_blank\" rel=\"noopener\">\u010cesk\u00fd \u010derven\u00fd k\u0159\u00ed\u017e<\/a>\u00a0spole\u010dn\u011b s\u00a0<a href=\"https:\/\/www.vfn.cz\/\" target=\"_blank\" rel=\"noopener\">V\u0161eobecnou fakultn\u00ed nemocnic\u00ed<\/a>\u00a0a za podpory hl. m. Prahy rozjel jednodenn\u00ed kurz ur\u010den\u00fd pro laiky, kte\u0159\u00ed cht\u011bj\u00ed z\u00edskat z\u00e1kladn\u00ed zku\u0161enosti v&nbsp;oblasti p\u00e9\u010de o&nbsp;nemocn\u00e9 na l\u016f\u017eku. P\u0159ihl\u00e1\u0161ky na kurz a&nbsp;dal\u0161\u00ed informace naleznete na webu\u00a0<a href=\"http:\/\/pomahamepraze.cz\/\" target=\"_blank\" rel=\"noopener\">pomahamepraze.cz<\/a>.<\/p>\r\n<p>[\/perex]<\/p>\r\n<p>Kurz prob\u00edh\u00e1 na p\u016fd\u011b <a href=\"https:\/\/www.vfn.cz\/pacienti\/kliniky-ustavy\/geriatricka-klinika\/\" target=\"_blank\" rel=\"noopener\">Geriatrick\u00e9 kliniky VFN<\/a>. Dobrovoln\u00edci se zde nau\u010d\u00ed jak prov\u00e1d\u011bt hygienu a&nbsp;polohov\u00e1n\u00ed pacienta s&nbsp;d\u016frazem na zamezen\u00ed prole\u017eenin, jak podporovat jeho pohyblivost, pod\u00e1vat stravu a&nbsp;tekutiny a&nbsp;tak\u00e9 jak s&nbsp;t\u011bmito pacienty komunikovat.\u00a0Pro\u0161kolen\u00ed dobrovoln\u00edci pak mohou v&nbsp;p\u0159\u00edpad\u011b pot\u0159eby vyu\u017e\u00edt z\u00edskan\u00e9 dovednosti nejen doma pro svoje bl\u00edzk\u00e9, ale tak\u00e9 v&nbsp;nemocni\u010dn\u00edch nebo soci\u00e1ln\u00edch za\u0159\u00edzen\u00edch. Zapojen\u00ed m\u016f\u017ee m\u00edt podobu jednor\u00e1zov\u00e9 \u010di kr\u00e1tkodob\u00e9 pomoci, nebo pravideln\u011b del\u0161\u00ed dobu jako brig\u00e1dn\u00edci.<\/p>\r\n<p>Report\u00e1\u017e \u010cesk\u00e9 televize p\u0159\u00edmo z&nbsp;kurzu m\u016f\u017eete zhl\u00e9dnout od 18:50\u00a0<a href=\"https:\/\/www.ceskatelevize.cz\/porady\/10118379000-udalosti-v-regionech-praha\/220411000141007-udalosti-v-regionech\/\" target=\"_blank\" rel=\"noopener\">zde<\/a>.<\/p>\r\n<p>Kapacita kurzu je omezen\u00e1 i&nbsp;z&nbsp;d\u016fvodu prostorov\u00fdch omezen\u00ed (dle aktu\u00e1ln\u00edch protiepidemick\u00fdch opat\u0159en\u00ed) a&nbsp;vyt\u00ed\u017eenosti lektor\u016f. Pros\u00edme vy\u010dkejte na kontaktov\u00e1n\u00ed ze strany organiz\u00e1tora kurz\u016f.<\/p>\r\n<h3>FAQ<\/h3>\r\n<p><strong>Kdo se m\u016f\u017ee kurzu z\u00fa\u010dastnit?<\/strong><br \/>\r\nKa\u017ed\u00fd, kdo je star\u0161\u00ed 18 let.<\/p>\r\n<p><strong>Mus\u00edm dolo\u017eit n\u011bjak\u00e9 doklady?<\/strong><br \/>\r\nAno &#8211; doklad toto\u017enosti a&nbsp;\u010dist\u00fd trestn\u00ed rejst\u0159\u00edk.<\/p>\r\n<p><strong>Co se stane po odesl\u00e1n\u00ed p\u0159ihl\u00e1\u0161ky do kurzu?<\/strong><br \/>\r\nPros\u00edme, bu\u010fte trp\u011bliv\u00ed a&nbsp;vy\u010dkejte, ne\u017e V\u00e1s budeme kontaktovat s&nbsp;konkr\u00e9tn\u00ed nab\u00eddkou voln\u00e9ho term\u00ednu \u0161kolen\u00ed.<\/p>\r\n<p><strong>Jak\u00fd bude v\u00fdstup kurzu?<\/strong><br \/>\r\nZ\u00edsk\u00e1te osv\u011bd\u010den\u00ed o&nbsp;\u00fa\u010dasti na kurzu.<\/p>\r\n<p><strong>Jak\u00e9 bude m\u00e9 uplatn\u011bn\u00ed po skon\u010den\u00ed kurzu?<\/strong><br \/>\r\nNem\u016f\u017eeme V\u00e1m sl\u00edbit \u017e\u00e1dn\u00e9 konkr\u00e9tn\u00ed m\u00edsto v&nbsp;nemocnici nebo soci\u00e1ln\u00edm za\u0159\u00edzen\u00ed. V\u0161e d\u011bl\u00e1me proto, abychom byli v\u010das p\u0159ipraveni, kdyby bylo pot\u0159eba odleh\u010dit pr\u00e1ci sester nebo o\u0161et\u0159ovatel\u016f.<\/p>\r\n<p><strong>M\u00e1m vystudovan\u00fd p\u0159\u00edslu\u0161n\u00fd obor nebo v&nbsp;oboru pracuji. Co m\u00e1m d\u011blat?<\/strong><br \/>\r\nPros\u00edme, abyste tak\u00e9 vyplnili dotazn\u00edk a&nbsp;tuto skute\u010dnost uvedli v&nbsp;z\u00e1v\u011bre\u010dn\u00e9m koment\u00e1\u0159i. Spoj\u00edme se s&nbsp;V\u00e1mi a&nbsp;domluv\u00edme se. Kurz asi nebude t\u0159eba.<\/p>\r\n<p><strong>Kolik hodin t\u00fddn\u011b budu pracovat\/pom\u00e1hat?<\/strong><br \/>\r\nZ\u00e1le\u017e\u00ed na Va\u0161\u00ed dohod\u011b se za\u0159\u00edzen\u00edm. M\u016f\u017ee to b\u00fdt t\u0159eba jednou t\u00fddn\u011b nebo v\u00edcekr\u00e1t t\u00fddn\u011b. Po\u010det hodin op\u011bt z\u00e1le\u017e\u00ed na Va\u0161\u00ed dohod\u011b a&nbsp;Va\u0161ich mo\u017enostech (nap\u0159. 8 hod, 16 hod apod.).<\/p>\r\n<p><strong>Jak\u00e9 budou m\u00e9 kompetence?<\/strong><br \/>\r\nBudete pomocn\u00edkem profesion\u00e1ln\u00edch zdravotn\u00edk\u016f \u2013 p\u0159edev\u0161\u00edm sester &#8211; zastat n\u011bkter\u00e9 z\u00e1kladn\u00ed \u010dinnosti, umo\u017enit jim p\u00e9\u010di o&nbsp;dal\u0161\u00ed pacienty a&nbsp;d\u00e1t jim prostor si odpo\u010dinout.<\/p>\r\n<p><strong>M\u016f\u017eu vyu\u017e\u00edt z\u00edskan\u00e9 dovednosti i&nbsp;jinde ne\u017e v&nbsp;nemocnici nebo soci\u00e1ln\u00edm za\u0159\u00edzen\u00ed?<\/strong><br \/>\r\nAno, m\u016f\u017eete. Nap\u0159\u00edklad doma nebo ve sv\u00e9m okol\u00ed p\u0159i p\u00e9\u010di o&nbsp;sv\u00e9 bl\u00edzk\u00e9 a&nbsp;zn\u00e1m\u00e9. I&nbsp;t\u00edm odleh\u010d\u00edte cel\u00e9mu syst\u00e9mu.<\/p>\r\n<p><strong>Je kapacita kurz\u016f omezen\u00e1?<\/strong><br \/>\r\nAno je omezen\u00e1 prostory, maxim\u00e1ln\u00ed mo\u017en\u00fdm po\u010dtem \u00fa\u010dastn\u00edk\u016f a&nbsp;po\u010dtem lektor\u016f. Ud\u011bl\u00e1me maximum, ale nem\u016f\u017eeme vylou\u010dit p\u0159evis z\u00e1jemc\u016f.<\/p>\r\n<p><strong>Co kdy\u017e v\u016fbec nedojde k&nbsp;vyu\u017eit\u00ed takto pro\u0161kolen\u00fdch osob?<\/strong><br \/>\r\nTo budeme jedin\u011b r\u00e1di, proto\u017ee to bude znamenat, \u017ee situace byla zvl\u00e1dnuta standardn\u00edm syst\u00e9mem. Ale z\u00edskan\u00e9 dovednosti se V\u00e1m jist\u011b neztrat\u00ed a&nbsp;m\u016f\u017eou se hodit v&nbsp;budoucnu v&nbsp;podobn\u00fdch situac\u00edch. A&nbsp;nebo je vyu\u017eijete ve sv\u00e9 rodin\u011b \u010di okol\u00ed. V\u017edy\u0165 um\u011bt pe\u010dovat o&nbsp;nemocn\u00e9 pat\u0159\u00ed spole\u010dn\u011b s&nbsp;poskytov\u00e1n\u00edm prvn\u00ed pomoci k&nbsp;z\u00e1kladn\u00edm hodnot\u00e1m lidstv\u00ed.<\/p>\r\n<p><strong>Jsou podm\u00ednkou pro vstup do kurzu p\u0159edchoz\u00ed znalosti z&nbsp;oboru nebo zku\u0161enosti?<\/strong><br \/>\r\nNe, nejsou.<\/p>\r\n<p><strong>Jak dlouho budou kurzy nab\u00edzeny?<\/strong><br \/>\r\nV&nbsp;p\u0159\u00edpad\u011b, \u017ee se situace nebo jej\u00ed v\u00fdhled zlep\u0161\u00ed, budou kurzy ukon\u010deny.<\/p>\r\n<p><strong>Za jak\u00fdch podm\u00ednek budu v&nbsp;soci\u00e1ln\u00edch nebo zdravotnick\u00fdch za\u0159\u00edzen\u00edch pom\u00e1hat?<\/strong><br \/>\r\nS&nbsp;dan\u00fdm za\u0159\u00edzen\u00edm uzav\u0159ete dohodu o&nbsp;proveden\u00ed pr\u00e1ce (DPP) nebo dohodu o&nbsp;pracovn\u00ed \u010dinnosti (DP\u010c).<\/p>\r\n<p><strong>Jak je to s&nbsp;financemi?<\/strong><br \/>\r\nProto\u017ee budete uzav\u00edrat \u0159\u00e1dnou dohodu s&nbsp;dan\u00fdm za\u0159\u00edzen\u00edm, n\u00e1le\u017e\u00ed v\u00e1m i&nbsp;odm\u011bna za odvedenou pr\u00e1ci. Je mo\u017en\u00e9 pom\u00e1hat tak\u00e9 bezplatn\u011b (v\u011bt\u0161inou kr\u00e1tkodob\u00e1 nebo jednor\u00e1zov\u00e1 v\u00fdpomoc).<\/p>\r\n<p><strong>Jsou pot\u0159eba n\u011bjak\u00e1 o\u010dkov\u00e1n\u00ed?<\/strong><br \/>\r\nPro \u00fa\u010dast na kurzu nikoliv. Pro pr\u00e1ci ve zdravotnick\u00fdch za\u0159\u00edzen\u00edch je t\u0159eba o\u010dkov\u00e1n\u00ed proti infek\u010dn\u00ed hepatitid\u011b typu B a&nbsp;d\u00e1le stanoven\u00e1 pravideln\u00e1 (tzv. povinn\u00e1) o\u010dkov\u00e1n\u00ed. Pokud o\u010dkov\u00e1n\u00ed proti infek\u010dn\u00ed hepatitid\u011b typu B nem\u00e1te, v\u011bt\u0161inou v\u00e1m jej nab\u00eddne nemocnice p\u0159ed n\u00e1stupem na klinick\u00e9 odd\u011blen\u00ed (je t\u0159eba po\u010d\u00edtat cca 3-4 t\u00fddny od o\u010dkov\u00e1n\u00ed do n\u00e1stupu).<\/p>\r\n<p><strong>Jsou pot\u0159eba COVID testy?<\/strong><br \/>\r\nPro \u00fa\u010dely kurzu nikoliv. Mus\u00edte ale podepsat prohl\u00e1\u0161en\u00ed o&nbsp;bezinfek\u010dnosti. Pro pr\u00e1ci v&nbsp;soci\u00e1ln\u00edch nebo zdravotnick\u00fdch za\u0159\u00edzen\u00edch se v\u017edy aplikuj\u00ed aktu\u00e1ln\u00ed opat\u0159en\u00ed platn\u00e1 pro person\u00e1l t\u011bchto za\u0159\u00edzen\u00ed.<\/p>\r\n<p><strong>Kde mohu po skon\u010den\u00ed kurzu pom\u00e1hat?<\/strong><br \/>\r\nTam, kde bude pot\u0159eba. Nejste v\u00e1z\u00e1ni \u017e\u00e1dnou smlouvou nebo podm\u00ednkami kurzu.<\/p>\r\n<p><img loading=\"lazy\" src=\"https:\/\/www.praha7.cz\/wp-content\/uploads\/2020\/10\/dobrovolny_pe\u010dovatel-1420x1000.jpg\" alt=\"\" width=\"640\" height=\"451\" class=\"alignnone wp-image-42851 size-large\" srcset=\"https:\/\/www.praha7.cz\/wp-content\/uploads\/2020\/10\/dobrovolny_pe\u010dovatel-1420x1000.jpg 1420w, https:\/\/www.praha7.cz\/wp-content\/uploads\/2020\/10\/dobrovolny_pe\u010dovatel-568x400.jpg 568w, https:\/\/www.praha7.cz\/wp-content\/uploads\/2020\/10\/dobrovolny_pe\u010dovatel-768x541.jpg 768w, https:\/\/www.praha7.cz\/wp-content\/uploads\/2020\/10\/dobrovolny_pe\u010dovatel.jpg 1654w\" sizes=\"(max-width: 640px) 100vw, 640px\" \/><\/p>","protected":false},"excerpt":{"rendered":"[perex] Mnoh\u00e9 nemocnice a&nbsp;za\u0159\u00edzen\u00ed soci\u00e1ln\u00edch slu\u017eeb se nyn\u00ed pot\u00fdkaj\u00ed s&nbsp;nedostatkem person\u00e1lu. Nemocn\u00fdch p\u0159ib\u00fdv\u00e1 a&nbsp;i&nbsp;kdy\u017e se aktivuj\u00ed z\u00e1lo\u017en\u00ed kapacity l\u016f\u017eek, z\u016fst\u00e1v\u00e1 zde probl\u00e9m s&nbsp;chyb\u011bj\u00edc\u00edm person\u00e1lem. Jako mo\u017en\u00e9 \u0159e\u0161en\u00ed se nask\u00fdt\u00e1 zapojen\u00ed pro\u0161kolen\u00fdch dobrovoln\u00edk\u016f do procesu p\u00e9\u010de o&nbsp;nemocn\u00e9 na l\u016f\u017eku v&nbsp;nemocnic\u00edch nebo klienty pobytov\u00fdch za\u0159\u00edzen\u00ed soci\u00e1ln\u00edch slu\u017eeb. Odborn\u00fd zdravotnick\u00fd person\u00e1l se tak m\u016f\u017ee v\u00edce v\u011bnovat jin\u00fdm pacient\u016fm, [&hellip;]","protected":false},"author":97,"featured_media":42849,"comment_status":"closed","ping_status":"open","sticky":false,"template":"","format":"standard","meta":[],"categories":[34],"tags":[],"_links":{"self":[{"href":"https:\/\/www.praha7.cz\/api\/wp\/v2\/posts\/42848"}],"collection":[{"href":"https:\/\/www.praha7.cz\/api\/wp\/v2\/posts"}],"about":[{"href":"https:\/\/www.praha7.cz\/api\/wp\/v2\/types\/post"}],"author":[{"embeddable":true,"href":"https:\/\/www.praha7.cz\/api\/wp\/v2\/users\/97"}],"replies":[{"embeddable":true,"href":"https:\/\/www.praha7.cz\/api\/wp\/v2\/comments?post=42848"}],"version-history":[{"count":7,"href":"https:\/\/www.praha7.cz\/api\/wp\/v2\/posts\/42848\/revisions"}],"predecessor-version":[{"id":42857,"href":"https:\/\/www.praha7.cz\/api\/wp\/v2\/posts\/42848\/revisions\/42857"}],"wp:featuredmedia":[{"embeddable":true,"href":"https:\/\/www.praha7.cz\/api\/wp\/v2\/media\/42849"}],"wp:attachment":[{"href":"https:\/\/www.praha7.cz\/api\/wp\/v2\/media?parent=42848"}],"wp:term":[{"taxonomy":"category","embeddable":true,"href":"https:\/\/www.praha7.cz\/api\/wp\/v2\/categories?post=42848"},{"taxonomy":"post_tag","embeddable":true,"href":"https:\/\/www.praha7.cz\/api\/wp\/v2\/tags?post=42848"}],"curies":[{"name":"wp","href":"https:\/\/api.w.org\/{rel}","templated":true}]}}