    
{"id":42843,"date":"2020-10-19T19:38:57","date_gmt":"2020-10-19T17:38:57","guid":{"rendered":"https:\/\/www.praha7.cz\/?p=42843"},"modified":"2020-10-20T18:10:46","modified_gmt":"2020-10-20T16:10:46","slug":"od-21-10-jsou-rousky-s-vyjimkami-povinne-i-venku","status":"publish","type":"post","link":"https:\/\/www.praha7.cz\/od-21-10-jsou-rousky-s-vyjimkami-povinne-i-venku\/","title":{"rendered":"Od 21.&nbsp;10.&nbsp;jsou rou\u0161ky s&nbsp;v\u00fdjimkami povinn\u00e9 i&nbsp;venku"},"content":{"rendered":"<p>[perex]<\/p>\r\n<p>Nosit rou\u0161ku (\u010di jin\u00fd ochrann\u00fd prost\u0159edek d\u00fdchac\u00edch cest) bude od st\u0159edy povinn\u00e9 i&nbsp;venku na zastav\u011bn\u00e9m \u00fazem\u00ed obce, pokud bude \u010dlov\u011bk bl\u00ed\u017ee ne\u017e dva metry k&nbsp;jin\u00e9mu. V\u00fdjimku budou m\u00edt \u010dlenov\u00e9 jedn\u00e9 rodiny nebo lid\u00e9 p\u0159i sportov\u00e1n\u00ed. Povinn\u00e9 bude no\u0161en\u00ed rou\u0161ek tak\u00e9 v&nbsp;autech. Vztahovat se nebude na \u0159idi\u010de, kte\u0159\u00ed pojedou sami nebo se \u010dleny rodiny.\u00a0<\/p>\r\n<p>[\/perex]<\/p>\r\n<p>Podrobn\u00e9 zn\u011bn\u00ed mimo\u0159\u00e1dn\u00e9ho opat\u0159en\u00ed Ministerstva zdravotnictv\u00ed naleznete <a href=\"https:\/\/koronavirus.mzcr.cz\/mimoradne-opatreni-noseni-ochrannych-prostredku-dychacich-cest-s-vyjimkami-s-ucinnosti-od-21-10-2020-do-odvolani\/\">ZDE<\/a>.<\/p>","protected":false},"excerpt":{"rendered":"[perex] Nosit rou\u0161ku (\u010di jin\u00fd ochrann\u00fd prost\u0159edek d\u00fdchac\u00edch cest) bude od st\u0159edy povinn\u00e9 i&nbsp;venku na zastav\u011bn\u00e9m \u00fazem\u00ed obce, pokud bude \u010dlov\u011bk bl\u00ed\u017ee ne\u017e dva metry k&nbsp;jin\u00e9mu. V\u00fdjimku budou m\u00edt \u010dlenov\u00e9 jedn\u00e9 rodiny nebo lid\u00e9 p\u0159i sportov\u00e1n\u00ed. Povinn\u00e9 bude no\u0161en\u00ed rou\u0161ek tak\u00e9 v&nbsp;autech. Vztahovat se nebude na \u0159idi\u010de, kte\u0159\u00ed pojedou sami nebo se \u010dleny rodiny.\u00a0 [\/perex] [&hellip;]","protected":false},"author":5,"featured_media":37143,"comment_status":"closed","ping_status":"open","sticky":false,"template":"","format":"standard","meta":[],"categories":[34],"tags":[],"_links":{"self":[{"href":"https:\/\/www.praha7.cz\/api\/wp\/v2\/posts\/42843"}],"collection":[{"href":"https:\/\/www.praha7.cz\/api\/wp\/v2\/posts"}],"about":[{"href":"https:\/\/www.praha7.cz\/api\/wp\/v2\/types\/post"}],"author":[{"embeddable":true,"href":"https:\/\/www.praha7.cz\/api\/wp\/v2\/users\/5"}],"replies":[{"embeddable":true,"href":"https:\/\/www.praha7.cz\/api\/wp\/v2\/comments?post=42843"}],"version-history":[{"count":7,"href":"https:\/\/www.praha7.cz\/api\/wp\/v2\/posts\/42843\/revisions"}],"predecessor-version":[{"id":42889,"href":"https:\/\/www.praha7.cz\/api\/wp\/v2\/posts\/42843\/revisions\/42889"}],"wp:featuredmedia":[{"embeddable":true,"href":"https:\/\/www.praha7.cz\/api\/wp\/v2\/media\/37143"}],"wp:attachment":[{"href":"https:\/\/www.praha7.cz\/api\/wp\/v2\/media?parent=42843"}],"wp:term":[{"taxonomy":"category","embeddable":true,"href":"https:\/\/www.praha7.cz\/api\/wp\/v2\/categories?post=42843"},{"taxonomy":"post_tag","embeddable":true,"href":"https:\/\/www.praha7.cz\/api\/wp\/v2\/tags?post=42843"}],"curies":[{"name":"wp","href":"https:\/\/api.w.org\/{rel}","templated":true}]}}