    
{"id":42734,"date":"2020-10-15T14:46:00","date_gmt":"2020-10-15T12:46:00","guid":{"rendered":"https:\/\/www.praha7.cz\/?p=42734"},"modified":"2020-10-18T15:48:52","modified_gmt":"2020-10-18T13:48:52","slug":"ms-nad-stolou-ma-novou-reditelku","status":"publish","type":"post","link":"https:\/\/www.praha7.cz\/ms-nad-stolou-ma-novou-reditelku\/","title":{"rendered":"M\u0160 Nad \u0160tolou m\u00e1 novou \u0159editelku"},"content":{"rendered":"<p>[perex]<\/p>\r\n<p>Rada M\u010c Praha&nbsp;7 na z\u00e1klad\u011b realizovan\u00e9ho konkurzn\u00edho \u0159\u00edzen\u00ed jmenovala novou \u0159editelku M\u0160 Nad \u0160tolou. Stala se j\u00ed dosavadn\u00ed z\u00e1stupkyn\u011b \u0159editele Linda Kov\u00e1\u0159ov\u00e1.<\/p>\r\n<p>[\/perex]<\/p>\r\n<p>Pan\u00ed Linda Kov\u00e1\u0159ov\u00e1 pracuje v\u00a0M\u0160 Nad \u0160tolou od roku 2011 jako u\u010ditelka, posledn\u00edho p\u016flroku pak jako z\u00e1stupkyn\u011b \u0159editele. Je v\u00fdtvarn\u011b, hudebn\u011b a&nbsp;sportovn\u011b zalo\u017een\u00e1, v\u00a0posledn\u00edch deseti letech se intenzivn\u011b v\u011bnuje j\u00f3ze a&nbsp;prvky z&nbsp;j\u00f3gy velice r\u00e1da vyu\u017e\u00edv\u00e1 i&nbsp;p\u0159i pr\u00e1ci s\u00a0d\u011btmi. R\u00e1da s\u00a0d\u011btmi kresl\u00ed, zp\u00edv\u00e1 a&nbsp;podn\u011bcuji v\u00a0nich fantazii, originalitu a&nbsp;p\u0159edstavivost.<\/p>\r\n<p><em>\u201eJsem velice r\u00e1da, \u017ee mohu pokra\u010dovat v\u00a0kvalitn\u00ed pr\u00e1ci na\u0161\u00ed \u0161kolky a&nbsp;pom\u00e1hat\u00a0jej\u00edmu dal\u0161\u00edmu rozvoji. Cht\u011bla bych p\u0159isp\u011bt nov\u00fdmi poznatky a&nbsp;post\u0159ehy, u&nbsp;d\u011bt\u00ed se zam\u011b\u0159it na fyzickou zdatnost a&nbsp;praktick\u00e9 \u010dinnosti a&nbsp;rozv\u00edjet jejich polytechnick\u00e9 dovednosti. M\u00fdm p\u0159\u00e1n\u00edm je, aby se d\u011bti, rodi\u010de i&nbsp;v\u0161ichni na\u0161i zam\u011bstnanci c\u00edtili v\u00a0na\u0161\u00ed \u0161kolce dob\u0159e a&nbsp;bezpe\u010dn\u011b. Aby byla podn\u011btn\u00fdm prost\u0159ed\u00edm s\u00a0kvalitn\u00edmi a&nbsp;kvalifikovan\u00fdmi pracovn\u00edky,\u201c<\/em> uvedla nov\u00e1 pan\u00ed \u0159editelka. \u00a0<\/p>","protected":false},"excerpt":{"rendered":"[perex] Rada M\u010c Praha&nbsp;7 na z\u00e1klad\u011b realizovan\u00e9ho konkurzn\u00edho \u0159\u00edzen\u00ed jmenovala novou \u0159editelku M\u0160 Nad \u0160tolou. Stala se j\u00ed dosavadn\u00ed z\u00e1stupkyn\u011b \u0159editele Linda Kov\u00e1\u0159ov\u00e1. [\/perex] Pan\u00ed Linda Kov\u00e1\u0159ov\u00e1 pracuje v\u00a0M\u0160 Nad \u0160tolou od roku 2011 jako u\u010ditelka, posledn\u00edho p\u016flroku pak jako z\u00e1stupkyn\u011b \u0159editele. Je v\u00fdtvarn\u011b, hudebn\u011b a&nbsp;sportovn\u011b zalo\u017een\u00e1, v\u00a0posledn\u00edch deseti letech se intenzivn\u011b v\u011bnuje j\u00f3ze a&nbsp;prvky [&hellip;]","protected":false},"author":5,"featured_media":42738,"comment_status":"closed","ping_status":"open","sticky":false,"template":"","format":"standard","meta":[],"categories":[34],"tags":[],"_links":{"self":[{"href":"https:\/\/www.praha7.cz\/api\/wp\/v2\/posts\/42734"}],"collection":[{"href":"https:\/\/www.praha7.cz\/api\/wp\/v2\/posts"}],"about":[{"href":"https:\/\/www.praha7.cz\/api\/wp\/v2\/types\/post"}],"author":[{"embeddable":true,"href":"https:\/\/www.praha7.cz\/api\/wp\/v2\/users\/5"}],"replies":[{"embeddable":true,"href":"https:\/\/www.praha7.cz\/api\/wp\/v2\/comments?post=42734"}],"version-history":[{"count":2,"href":"https:\/\/www.praha7.cz\/api\/wp\/v2\/posts\/42734\/revisions"}],"predecessor-version":[{"id":42779,"href":"https:\/\/www.praha7.cz\/api\/wp\/v2\/posts\/42734\/revisions\/42779"}],"wp:featuredmedia":[{"embeddable":true,"href":"https:\/\/www.praha7.cz\/api\/wp\/v2\/media\/42738"}],"wp:attachment":[{"href":"https:\/\/www.praha7.cz\/api\/wp\/v2\/media?parent=42734"}],"wp:term":[{"taxonomy":"category","embeddable":true,"href":"https:\/\/www.praha7.cz\/api\/wp\/v2\/categories?post=42734"},{"taxonomy":"post_tag","embeddable":true,"href":"https:\/\/www.praha7.cz\/api\/wp\/v2\/tags?post=42734"}],"curies":[{"name":"wp","href":"https:\/\/api.w.org\/{rel}","templated":true}]}}