    
{"id":42618,"date":"2020-10-12T22:57:33","date_gmt":"2020-10-12T20:57:33","guid":{"rendered":"https:\/\/www.praha7.cz\/?p=42618"},"modified":"2020-10-13T11:25:47","modified_gmt":"2020-10-13T09:25:47","slug":"od-stredy-budou-zavrene-skoly-i-restaurace","status":"publish","type":"post","link":"https:\/\/www.praha7.cz\/od-stredy-budou-zavrene-skoly-i-restaurace\/","title":{"rendered":"Od st\u0159edy budou zav\u0159en\u00e9 \u0161koly i&nbsp;restaurace"},"content":{"rendered":"<p>[perex]<\/p>\r\n<p><strong>Od st\u0159edy 14.&nbsp;10.&nbsp;do 1.&nbsp;listopadu budou kv\u016fli koronavirov\u00e9 epidemii uzav\u0159eny v\u0161echny \u0161koly, v\u010detn\u011b prvn\u00edho stupn\u011b z\u00e1kladn\u00edch \u0161kol. Opat\u0159en\u00ed se net\u00fdk\u00e1 \u0161kolek. \u00a0O\u0161et\u0159ovn\u00e9 by m\u011blo z\u016fstat na 60\u00a0% vym\u011b\u0159ovac\u00edho z\u00e1kladu a&nbsp;\u010dinit by m\u011blo nejm\u00e9n\u011b 400\u00a0korun denn\u011b. Od st\u0159edy bude tak\u00e9 povinn\u00e9 nosit rou\u0161ky na zast\u00e1vk\u00e1ch ve\u0159ejn\u00e9 dopravy. Uzav\u0159en\u00e9 budou restaurace a&nbsp;bary, do 20:00 hodin budou moci fungovat v\u00fddejn\u00ed ok\u00e9nka. Zak\u00e1z\u00e1no bude pit\u00ed alkoholu na ve\u0159ejn\u00fdch m\u00edstech. Shroma\u017e\u010fov\u00e1n\u00ed bude omezeno na maxim\u00e1ln\u011b 6 osob.<\/strong><\/p>\r\n<p>[\/perex]<\/p>\r\n<p>V\u0161echna opat\u0159en\u00ed (krom\u011b distan\u010dn\u00ed v\u00fduky do 1.&nbsp;listopadu) plat\u00ed do konce nouzov\u00e9ho stavu \u2013 tedy do 3.&nbsp;listopadu. Premi\u00e9r Babi\u0161 z\u00e1rove\u0148 uvedl, \u017ee pokud se pr\u016fm\u011brn\u00e9 reproduk\u010dn\u00ed \u010d\u00edslo za t\u00fdden sn\u00ed\u017e\u00ed na hodnotu 0,8, budou dnes p\u0159ijat\u00e1 opat\u0159en\u00ed zm\u00edrn\u011bn\u00e1.<\/p>\r\n<p><a href=\"https:\/\/koronavirus.mzcr.cz\/vlada-od-stredy-zprisni-preventivni-opatreni-posle-ochranne-pomucky-invalidnim-duchodcum\"><strong>Podrobn\u00e9 informace najdete zde.<\/strong><\/a><\/p>","protected":false},"excerpt":{"rendered":"[perex] Od st\u0159edy 14.&nbsp;10.&nbsp;do 1.&nbsp;listopadu budou kv\u016fli koronavirov\u00e9 epidemii uzav\u0159eny v\u0161echny \u0161koly, v\u010detn\u011b prvn\u00edho stupn\u011b z\u00e1kladn\u00edch \u0161kol. Opat\u0159en\u00ed se net\u00fdk\u00e1 \u0161kolek. \u00a0O\u0161et\u0159ovn\u00e9 by m\u011blo z\u016fstat na 60\u00a0% vym\u011b\u0159ovac\u00edho z\u00e1kladu a&nbsp;\u010dinit by m\u011blo nejm\u00e9n\u011b 400\u00a0korun denn\u011b. Od st\u0159edy bude tak\u00e9 povinn\u00e9 nosit rou\u0161ky na zast\u00e1vk\u00e1ch ve\u0159ejn\u00e9 dopravy. Uzav\u0159en\u00e9 budou restaurace a&nbsp;bary, do 20:00 hodin budou moci [&hellip;]","protected":false},"author":5,"featured_media":42511,"comment_status":"closed","ping_status":"open","sticky":false,"template":"","format":"standard","meta":[],"categories":[34],"tags":[],"_links":{"self":[{"href":"https:\/\/www.praha7.cz\/api\/wp\/v2\/posts\/42618"}],"collection":[{"href":"https:\/\/www.praha7.cz\/api\/wp\/v2\/posts"}],"about":[{"href":"https:\/\/www.praha7.cz\/api\/wp\/v2\/types\/post"}],"author":[{"embeddable":true,"href":"https:\/\/www.praha7.cz\/api\/wp\/v2\/users\/5"}],"replies":[{"embeddable":true,"href":"https:\/\/www.praha7.cz\/api\/wp\/v2\/comments?post=42618"}],"version-history":[{"count":6,"href":"https:\/\/www.praha7.cz\/api\/wp\/v2\/posts\/42618\/revisions"}],"predecessor-version":[{"id":42632,"href":"https:\/\/www.praha7.cz\/api\/wp\/v2\/posts\/42618\/revisions\/42632"}],"wp:featuredmedia":[{"embeddable":true,"href":"https:\/\/www.praha7.cz\/api\/wp\/v2\/media\/42511"}],"wp:attachment":[{"href":"https:\/\/www.praha7.cz\/api\/wp\/v2\/media?parent=42618"}],"wp:term":[{"taxonomy":"category","embeddable":true,"href":"https:\/\/www.praha7.cz\/api\/wp\/v2\/categories?post=42618"},{"taxonomy":"post_tag","embeddable":true,"href":"https:\/\/www.praha7.cz\/api\/wp\/v2\/tags?post=42618"}],"curies":[{"name":"wp","href":"https:\/\/api.w.org\/{rel}","templated":true}]}}