    
{"id":42520,"date":"2020-10-09T12:16:42","date_gmt":"2020-10-09T10:16:42","guid":{"rendered":"https:\/\/www.praha7.cz\/?p=42520"},"modified":"2020-10-26T09:57:14","modified_gmt":"2020-10-26T08:57:14","slug":"urad-prahy-7-lze-navstivit-jen-v-pondeli-a-stredu-ve-stanovenych-casech","status":"publish","type":"post","link":"https:\/\/www.praha7.cz\/urad-prahy-7-lze-navstivit-jen-v-pondeli-a-stredu-ve-stanovenych-casech\/","title":{"rendered":"\u00da\u0159ad Prahy&nbsp;7 lze nav\u0161t\u00edvit jen v&nbsp;pond\u011bl\u00ed a&nbsp;st\u0159edu ve stanoven\u00fdch \u010dasech"},"content":{"rendered":"<p>[perex]<\/p>\r\n<p>Upozor\u0148ujeme ob\u010dany, \u017ee \u00da\u0159ad M\u010c Praha&nbsp;7 je otev\u0159en pouze v&nbsp;pond\u011bl\u00ed a&nbsp;st\u0159edu po dobu 5 hodin. Z&nbsp;rozhodnut\u00ed vl\u00e1dy p\u0159e\u0161ly v\u0161echny \u00fa\u0159ady na omezen\u00fd provoz. Ten spo\u010d\u00edv\u00e1 ve vykon\u00e1v\u00e1n\u00ed jen nezbytn\u011b nutn\u00e9 agendy, omezen\u00ed osobn\u00edch kontakt\u016f s&nbsp;ve\u0159ejnost\u00ed \u010di klienty i&nbsp;mezi zam\u011bstnanci a&nbsp;sn\u00ed\u017een\u00ed po\u010dtu zam\u011bstnanc\u016f na pracovi\u0161ti na nezbytn\u011b nutn\u00e9 minimum.\u00a0<\/p>\r\n<p><strong>pond\u011bl\u00ed 8:00 \u2013 13:00 hod. <\/strong><\/p>\r\n<p><strong>st\u0159eda 12:00 \u2013 17:00 hod.\u00a0<\/strong><\/p>\r\n<p><span style=\"color: #ff0000;\"><strong>Pozor:\u00a0V\u00a0den st\u00e1tn\u00edho sv\u00e1tku ve st\u0159edu 28.\u00a010.\u00a0m\u00e1 \u00da\u0159ad M\u010c Praha\u00a07 zav\u0159eno (v\u0161echna pracovi\u0161t\u011b). Otev\u00edrac\u00ed hodiny (pracovi\u0161t\u011b U\u00a0Pr\u016fhonu 38 a\u00a0U\u00a0Pr\u016fhonu 11) se proto p\u0159esouvaj\u00ed na \u010dtvrtek 29.\u00a010.\u00a0od 12:00 do 17:00 hod. V\u00a0tento den je ve stejn\u00fdch hodin\u00e1ch otev\u0159eno tak\u00e9 IC Milady Hor\u00e1kov\u00e9 2. Zm\u011bna se t\u00fdk\u00e1 pouze p\u0159\u00ed\u0161t\u00edho t\u00fddne, n\u00e1sledn\u011b se \u00fa\u0159ad vrac\u00ed do aktu\u00e1ln\u011b nastaven\u00e9ho re\u017eimu.\u00a0<\/strong><\/span><\/p>\r\n<p>[\/perex]<\/p>\r\n<p><strong>\u00da\u0159ad Prahy&nbsp;7 (pracovi\u0161t\u011b U&nbsp;Pr\u016fhonu 38 i&nbsp;U&nbsp;Pr\u016fhonu 11) je do odvol\u00e1n\u00ed otev\u0159en v&nbsp;pond\u011bl\u00ed 8:00 \u2013 13:00 hod. a&nbsp;ve st\u0159edu 12:00 \u2013 17:00 hod.\u00a0<\/strong><\/p>\r\n<p>Pros\u00edme ob\u010dany, aby v&nbsp;maxim\u00e1ln\u00ed m\u00ed\u0159e vyu\u017e\u00edvali mo\u017enosti <a href=\"https:\/\/www.praha7.cz\/objednat-online\/\" target=\"_blank\" rel=\"noopener\"><strong>online objedn\u00e1v\u00e1n\u00ed<\/strong><\/a> na konkr\u00e9tn\u00ed dny a&nbsp;\u010dasy. Objednan\u00ed klienti budou odbaveni p\u0159ednostn\u011b. D\u00e1le apelujeme, aby i&nbsp;v\u00a0tyto dny omezili n\u00e1v\u0161t\u011bvy \u00fa\u0159adu pouze na nutn\u00e9 p\u0159\u00edpady a\u00a0v\u00a0r\u00e1mci mo\u017enost\u00ed vyu\u017e\u00edvali vzd\u00e1len\u00e9 komunikace (emaily, telefon).\u00a0<\/p>\r\n<p>Term\u00edny ji\u017e objednan\u00fdch klient\u016f z\u016fst\u00e1vaj\u00ed v&nbsp;platnosti.\u00a0<\/p>\r\n<p><strong><a href=\"https:\/\/www.praha7.cz\/radnice\/organizacni-struktura\/odbor-zivnostensky\/\" target=\"_blank\" rel=\"noopener\">\u017divnostensk\u00fd odbor<\/a> lze nav\u0161t\u00edvit pouze na z\u00e1klad\u011b p\u0159edchoz\u00ed objedn\u00e1vky.<\/strong><\/p>\r\n<p><strong>V \u00fater\u00fd 8:00 \u2013 13:00 hod. a&nbsp;ve \u010dtvrtek 12:00 \u2013 17:00 hod. mohou ob\u010dan\u00e9 vyu\u017e\u00edt slu\u017eeb <a href=\"https:\/\/www.praha7.cz\/radnice\/organizacni-struktura\/odbor-spravnich-agend\/oddeleni-egovernment\/pracoviste-informacniho-centra-milady-horakove\/\" target=\"_blank\" rel=\"noopener\">Infocentra Milady Hor\u00e1kov\u00e9 2<\/a> (Czech POINT, ov\u011b\u0159ov\u00e1n\u00ed, parkovac\u00ed opr\u00e1vn\u011bn\u00ed aj.).<\/strong><\/p>\r\n<p>&nbsp;<\/p>\r\n<p>Z\u00e1rove\u0148 \u017e\u00e1d\u00e1me n\u00e1v\u0161t\u011bvn\u00edky, aby na \u00fa\u0159ad nechodili v\u00a0p\u0159\u00edpadn\u011b zv\u00fd\u0161en\u00e9 teploty \u010di dal\u0161\u00edch zdravotn\u00edch komplikac\u00ed a&nbsp;respektovali p\u0159ijat\u00e1 hygienick\u00e1 opat\u0159en\u00ed (zakryt\u00e1 \u00fasta a&nbsp;nos, po vstupu pou\u017e\u00edt dezinfekci rukou).\u00a0<\/p>\r\n<p>D\u011bkujeme za pochopen\u00ed p\u0159i t\u00e9to mimo\u0159\u00e1dn\u00e9 situaci a\u00a0ohleduplnost v\u016f\u010di pracovn\u00edk\u016fm i\u00a0dal\u0161\u00edm n\u00e1v\u0161t\u011bvn\u00edk\u016fm \u00fa\u0159adu.<\/p>\r\n<hr \/>\r\n<p><span style=\"font-size: 14px;\"><em>Tato opat\u0159en\u00ed jsou v&nbsp;platnosti od pond\u011bl\u00ed 12.&nbsp;\u0159\u00edjna od 00:00 hodin do ned\u011ble 25.&nbsp;\u0159\u00edjna do 23:59 hodin.<\/em><\/span><\/p>","protected":false},"excerpt":{"rendered":"[perex] Upozor\u0148ujeme ob\u010dany, \u017ee \u00da\u0159ad M\u010c Praha&nbsp;7 je otev\u0159en pouze v&nbsp;pond\u011bl\u00ed a&nbsp;st\u0159edu po dobu 5 hodin. Z&nbsp;rozhodnut\u00ed vl\u00e1dy p\u0159e\u0161ly v\u0161echny \u00fa\u0159ady na omezen\u00fd provoz. Ten spo\u010d\u00edv\u00e1 ve vykon\u00e1v\u00e1n\u00ed jen nezbytn\u011b nutn\u00e9 agendy, omezen\u00ed osobn\u00edch kontakt\u016f s&nbsp;ve\u0159ejnost\u00ed \u010di klienty i&nbsp;mezi zam\u011bstnanci a&nbsp;sn\u00ed\u017een\u00ed po\u010dtu zam\u011bstnanc\u016f na pracovi\u0161ti na nezbytn\u011b nutn\u00e9 minimum.\u00a0 pond\u011bl\u00ed 8:00 \u2013 13:00 hod. st\u0159eda [&hellip;]","protected":false},"author":97,"featured_media":40808,"comment_status":"closed","ping_status":"open","sticky":false,"template":"","format":"standard","meta":[],"categories":[34],"tags":[],"_links":{"self":[{"href":"https:\/\/www.praha7.cz\/api\/wp\/v2\/posts\/42520"}],"collection":[{"href":"https:\/\/www.praha7.cz\/api\/wp\/v2\/posts"}],"about":[{"href":"https:\/\/www.praha7.cz\/api\/wp\/v2\/types\/post"}],"author":[{"embeddable":true,"href":"https:\/\/www.praha7.cz\/api\/wp\/v2\/users\/97"}],"replies":[{"embeddable":true,"href":"https:\/\/www.praha7.cz\/api\/wp\/v2\/comments?post=42520"}],"version-history":[{"count":12,"href":"https:\/\/www.praha7.cz\/api\/wp\/v2\/posts\/42520\/revisions"}],"predecessor-version":[{"id":42973,"href":"https:\/\/www.praha7.cz\/api\/wp\/v2\/posts\/42520\/revisions\/42973"}],"wp:featuredmedia":[{"embeddable":true,"href":"https:\/\/www.praha7.cz\/api\/wp\/v2\/media\/40808"}],"wp:attachment":[{"href":"https:\/\/www.praha7.cz\/api\/wp\/v2\/media?parent=42520"}],"wp:term":[{"taxonomy":"category","embeddable":true,"href":"https:\/\/www.praha7.cz\/api\/wp\/v2\/categories?post=42520"},{"taxonomy":"post_tag","embeddable":true,"href":"https:\/\/www.praha7.cz\/api\/wp\/v2\/tags?post=42520"}],"curies":[{"name":"wp","href":"https:\/\/api.w.org\/{rel}","templated":true}]}}