    
{"id":42510,"date":"2020-10-08T16:56:29","date_gmt":"2020-10-08T14:56:29","guid":{"rendered":"https:\/\/www.praha7.cz\/?p=42510"},"modified":"2020-10-09T12:42:40","modified_gmt":"2020-10-09T10:42:40","slug":"nova-vladni-opatreni-proti-pandemii-se-dotykaji-skol-kultury-sportu-restauraci-i-uradu","status":"publish","type":"post","link":"https:\/\/www.praha7.cz\/nova-vladni-opatreni-proti-pandemii-se-dotykaji-skol-kultury-sportu-restauraci-i-uradu\/","title":{"rendered":"Nov\u00e1 vl\u00e1dn\u00ed opat\u0159en\u00ed omez\u00ed kulturu, sport, \u0161koly restaurace i&nbsp;\u00fa\u0159ady"},"content":{"rendered":"<p>[perex]<\/p>\r\n<p>Od pond\u011bl\u00ed 12.&nbsp;\u0159\u00edjna se na dva t\u00fddny zastav\u00ed kulturn\u00ed a&nbsp;sportovn\u00ed akce. Uzav\u0159en\u00ed se t\u00fdk\u00e1 divadel, kin, ale nap\u0159\u00edklad tak\u00e9 zoologick\u00fdch zahrad. Pozastaveny budou ve\u0161ker\u00e9 profesion\u00e1ln\u00ed i&nbsp;amat\u00e9rsk\u00e9 sportovn\u00ed sout\u011b\u017ee, vyjma v\u00fdznamn\u00fdch mezin\u00e1rodn\u00edch z\u00e1pas\u016f. Ji\u017e od p\u00e1tku 8.&nbsp;10.&nbsp;mus\u00ed p\u0159eru\u0161it provoz posilovny, fitness centra \u010di baz\u00e9ny, venku sm\u00ed sportovat nejv\u00fd\u0161 20 osob. Rovn\u011b\u017e od p\u00e1tku budou muset restaurace zav\u00edrat nejpozd\u011bji ve 20:00, u&nbsp;stol\u016f budou moci sed\u011bt nanejv\u00fd\u0161 \u010dty\u0159i lid\u00e9, ve stravovac\u00edch za\u0159\u00edzen\u00edch v&nbsp;obchodn\u00edch centrech pouze dva. Provoz \u00fa\u0159ad\u016f se omez\u00ed na dva dny v&nbsp;t\u00fddnu, v\u017edy na p\u011bt hodin. Na 2.&nbsp;stupni z\u00e1kladn\u00edch \u0161kol se od pond\u011bl\u00ed bude u\u010dit prezen\u010dn\u011b pouze polovina t\u0159\u00edd, ostatn\u00ed budou m\u00edt v\u00fduku on-line. Po t\u00fddnu se vym\u011bn\u00ed. Opat\u0159en\u00ed by m\u011blo trvat 14 dn\u016f. M\u0160MT nav\u00edc vyhl\u00e1s\u00ed na 26.&nbsp;a&nbsp;27.&nbsp;\u0159\u00edjna ve \u0161kol\u00e1ch volno, prodlou\u017e\u00ed tak podzimn\u00ed pr\u00e1zdniny na konci \u0159\u00edjna na cel\u00fd t\u00fdden.<\/p>\r\n<p>[\/perex]<\/p>\r\n<h3><strong><em>Podrobn\u00e9 informace naleznete na <a href=\"https:\/\/www.mzcr.cz\/tiskove-centrum-mz\/vlada-kvuli-sireni-epidemie-covid-19-omezi-sportovni-kulturni-a-spolecenske-akce-cinnost-uradu-i-skol-rodicum-prodlouzi-osetrovne\/\">str\u00e1nk\u00e1ch MZ \u010cR<\/a>.\u00a0<\/em><\/strong><\/h3>","protected":false},"excerpt":{"rendered":"[perex] Od pond\u011bl\u00ed 12.&nbsp;\u0159\u00edjna se na dva t\u00fddny zastav\u00ed kulturn\u00ed a&nbsp;sportovn\u00ed akce. Uzav\u0159en\u00ed se t\u00fdk\u00e1 divadel, kin, ale nap\u0159\u00edklad tak\u00e9 zoologick\u00fdch zahrad. Pozastaveny budou ve\u0161ker\u00e9 profesion\u00e1ln\u00ed i&nbsp;amat\u00e9rsk\u00e9 sportovn\u00ed sout\u011b\u017ee, vyjma v\u00fdznamn\u00fdch mezin\u00e1rodn\u00edch z\u00e1pas\u016f. Ji\u017e od p\u00e1tku 8.&nbsp;10.&nbsp;mus\u00ed p\u0159eru\u0161it provoz posilovny, fitness centra \u010di baz\u00e9ny, venku sm\u00ed sportovat nejv\u00fd\u0161 20 osob. Rovn\u011b\u017e od p\u00e1tku budou muset [&hellip;]","protected":false},"author":5,"featured_media":42511,"comment_status":"closed","ping_status":"open","sticky":false,"template":"","format":"standard","meta":[],"categories":[34],"tags":[],"_links":{"self":[{"href":"https:\/\/www.praha7.cz\/api\/wp\/v2\/posts\/42510"}],"collection":[{"href":"https:\/\/www.praha7.cz\/api\/wp\/v2\/posts"}],"about":[{"href":"https:\/\/www.praha7.cz\/api\/wp\/v2\/types\/post"}],"author":[{"embeddable":true,"href":"https:\/\/www.praha7.cz\/api\/wp\/v2\/users\/5"}],"replies":[{"embeddable":true,"href":"https:\/\/www.praha7.cz\/api\/wp\/v2\/comments?post=42510"}],"version-history":[{"count":4,"href":"https:\/\/www.praha7.cz\/api\/wp\/v2\/posts\/42510\/revisions"}],"predecessor-version":[{"id":42530,"href":"https:\/\/www.praha7.cz\/api\/wp\/v2\/posts\/42510\/revisions\/42530"}],"wp:featuredmedia":[{"embeddable":true,"href":"https:\/\/www.praha7.cz\/api\/wp\/v2\/media\/42511"}],"wp:attachment":[{"href":"https:\/\/www.praha7.cz\/api\/wp\/v2\/media?parent=42510"}],"wp:term":[{"taxonomy":"category","embeddable":true,"href":"https:\/\/www.praha7.cz\/api\/wp\/v2\/categories?post=42510"},{"taxonomy":"post_tag","embeddable":true,"href":"https:\/\/www.praha7.cz\/api\/wp\/v2\/tags?post=42510"}],"curies":[{"name":"wp","href":"https:\/\/api.w.org\/{rel}","templated":true}]}}