    
{"id":42504,"date":"2020-10-08T13:26:23","date_gmt":"2020-10-08T11:26:23","guid":{"rendered":"https:\/\/www.praha7.cz\/?p=42504"},"modified":"2020-10-08T13:26:23","modified_gmt":"2020-10-08T11:26:23","slug":"v-praze-7-vznikne-nova-zakladni-skola-pro-vice-nez-500-deti","status":"publish","type":"post","link":"https:\/\/www.praha7.cz\/v-praze-7-vznikne-nova-zakladni-skola-pro-vice-nez-500-deti\/","title":{"rendered":"V Praze 7 vznikne nov\u00e1 z\u00e1kladn\u00ed \u0161kola pro v\u00edce ne\u017e 500 d\u011bt\u00ed"},"content":{"rendered":"<p>[perex]<\/p>\r\n<p>M\u011bstsk\u00e1 \u010d\u00e1st Praha&nbsp;7 vybuduje v\u00a0Hole\u0161ovic\u00edch novou z\u00e1kladn\u00ed \u0161kolu. Vznikne p\u0159i ulici Jankovcova v\u00a0m\u00edstech, kde b\u00fdvala ulice P\u0159adeln\u00ed. \u0160kola by m\u011bla pojmout a\u017e 540 d\u011bt\u00ed, jej\u00ed podobu ur\u010d\u00ed architektonick\u00e1 sout\u011b\u017e. Se zah\u00e1jen\u00edm v\u00fdstavby radnice po\u010d\u00edt\u00e1 zhruba do dvou let.<\/p>\r\n<p>[\/perex]<\/p>\r\n<p><em>\u201eKa\u017ed\u00fd rok v&nbsp;Praze 7 p\u0159ib\u00fdvaj\u00ed nov\u00e9 byty a&nbsp;t\u00edm st\u00e1le stoupaj\u00ed n\u00e1roky na kapacity z\u00e1kladn\u00edch i&nbsp;mate\u0159sk\u00fdch \u0161kol. S&nbsp;t\u00edmto trendem dr\u017e\u00edme krok. Zat\u00edm m\u00edsta ve \u0161kol\u00e1ch navy\u0161ujeme stavebn\u00edmi \u00fapravami sou\u010dasn\u00fdch budov. Jen letos se n\u00e1m poda\u0159ilo otev\u0159\u00edt t\u0159i nov\u00e9 t\u0159\u00eddy pro 90 d\u011bt\u00ed, kter\u00e9 vznikly p\u016fdn\u00edmi vestavbami v&nbsp;Z\u0160 T. G. Masaryka na Ortenov\u011b n\u00e1m. U\u017e za p\u00e1r let v\u0161ak bez zbrusu nov\u00e9 \u0161koln\u00ed budovy kapacity sta\u010dit nebudou. Jsem r\u00e1d, \u017ee cel\u00e9 zastupitelstvo v\u010detn\u011b opozice z\u00e1m\u011br na novou \u0161kolu podpo\u0159ilo, jde toti\u017e o&nbsp;projekt na dv\u011b volebn\u00ed obdob\u00ed,\u201c<\/em> uvedl <em><strong>starosta Prahy&nbsp;7 Jan \u010ci\u017einsk\u00fd<\/strong><\/em>.<\/p>\r\n<p>Praha&nbsp;7 je z\u0159izovatelem 6 z\u00e1kladn\u00edch \u0161kol, jejich\u017e sou\u010d\u00e1st\u00ed jsou 2 deta\u0161ovan\u00e1 pracovi\u0161t\u011b, celkem se tedy jedn\u00e1 o&nbsp;8 budov. Kapacita t\u011bchto \u0161kolsk\u00fdch za\u0159\u00edzen\u00ed je 3&nbsp;370 m\u00edst. Po\u010d\u00e1tkem tohoto \u0161koln\u00edho roku byla tato kapacita napln\u011bna z&nbsp;95,6 %, za posledn\u00ed 4 roky napln\u011bnost v\u0161ech z\u00e1kladn\u00edch \u0161kol stoupla o&nbsp;14&nbsp;%.<\/p>\r\n<p><em>\u201ePraha&nbsp;7 pot\u0159ebuje novou \u0161kolu, obzvl\u00e1\u0161t\u011b pak v&nbsp;doln\u00edch Hole\u0161ovic\u00edch, kde vznikaj\u00ed stovky nov\u00fdch byt\u016f. Vytipovali jsme pozemky p\u0159i ulici Jankovcova a&nbsp;nechali jsme zpracovat objemovou studii, kter\u00e1 potvrdila, \u017ee by se sem mohla vej\u00edt \u0161kola s&nbsp;18 t\u0159\u00eddami pro 540 \u017e\u00e1k\u016f,\u201c<\/em> \u0159ekla <em><strong>m\u00edstostarostka Prahy&nbsp;7 Lenka Burgerov\u00e1<\/strong><\/em>.<\/p>\r\n<p>M\u010c Praha&nbsp;7 za\u017e\u00e1dala o&nbsp;zm\u011bnu \u00fazemn\u00edho pl\u00e1nu, kter\u00e1 by stavbu \u0161koly v&nbsp;dan\u00e9 lokalit\u011b umo\u017enila. Tuto zm\u011bnu aktu\u00e1ln\u011b projedn\u00e1v\u00e1 Magistr\u00e1t hl. m. Prahy. Sedmou m\u011bstskou \u010d\u00e1st d\u00e1le \u010dek\u00e1 \u0159e\u0161en\u00ed majetkopr\u00e1vn\u00edch vztah\u016f u&nbsp;dot\u010den\u00fdch pozemk\u016f a&nbsp;zaji\u0161t\u011bn\u00ed financ\u00ed pro realizaci projektu.<\/p>\r\n<p><em>\u201eNa p\u0159\u00edpravnou \u010d\u00e1st projektu budeme pot\u0159ebovat 20 \u2013 25 mil. korun, n\u00e1klady na v\u00fdstavbu \u0161koly se pak mohou dle odhad\u016f pohybovat mezi 300 \u2013 350 miliony. Po\u017e\u00e1d\u00e1me hlavn\u00ed m\u011bsto o&nbsp;dotaci a&nbsp;do spolufinancov\u00e1n\u00ed v\u00fdstavby \u0161koly chceme tak\u00e9 zapojit developery, kte\u0159\u00ed v&nbsp;okol\u00ed stav\u00ed nebo budou stav\u011bt. Na podobu budovy vyhl\u00e1s\u00edme architektonickou sout\u011b\u017e. Kdy\u017e v\u0161echno dob\u0159e p\u016fjde, mohli bychom za\u010d\u00edt stav\u011bt zhruba do dvou let,\u201c<\/em> doplnil <strong><em>m\u00edstostarosta Prahy&nbsp;7 Pavel Zelenka<\/em><\/strong>.\u00a0\u00a0<\/p>\r\n<p>&nbsp;<\/p>\r\n<p><img loading=\"lazy\" src=\"https:\/\/www.praha7.cz\/wp-content\/uploads\/2020\/10\/Z\u0160-P\u0159adeln\u00ed-lokalita.jpg\" alt=\"\" width=\"3018\" height=\"2010\" class=\"alignnone wp-image-42506 size-full\" srcset=\"https:\/\/www.praha7.cz\/wp-content\/uploads\/2020\/10\/Z\u0160-P\u0159adeln\u00ed-lokalita.jpg 3018w, https:\/\/www.praha7.cz\/wp-content\/uploads\/2020\/10\/Z\u0160-P\u0159adeln\u00ed-lokalita-600x400.jpg 600w, https:\/\/www.praha7.cz\/wp-content\/uploads\/2020\/10\/Z\u0160-P\u0159adeln\u00ed-lokalita-768x511.jpg 768w, https:\/\/www.praha7.cz\/wp-content\/uploads\/2020\/10\/Z\u0160-P\u0159adeln\u00ed-lokalita-1500x1000.jpg 1500w\" sizes=\"(max-width: 3018px) 100vw, 3018px\" \/><\/p>","protected":false},"excerpt":{"rendered":"[perex] M\u011bstsk\u00e1 \u010d\u00e1st Praha&nbsp;7 vybuduje v\u00a0Hole\u0161ovic\u00edch novou z\u00e1kladn\u00ed \u0161kolu. Vznikne p\u0159i ulici Jankovcova v\u00a0m\u00edstech, kde b\u00fdvala ulice P\u0159adeln\u00ed. \u0160kola by m\u011bla pojmout a\u017e 540 d\u011bt\u00ed, jej\u00ed podobu ur\u010d\u00ed architektonick\u00e1 sout\u011b\u017e. Se zah\u00e1jen\u00edm v\u00fdstavby radnice po\u010d\u00edt\u00e1 zhruba do dvou let. [\/perex] \u201eKa\u017ed\u00fd rok v&nbsp;Praze 7 p\u0159ib\u00fdvaj\u00ed nov\u00e9 byty a&nbsp;t\u00edm st\u00e1le stoupaj\u00ed n\u00e1roky na kapacity z\u00e1kladn\u00edch i&nbsp;mate\u0159sk\u00fdch [&hellip;]","protected":false},"author":5,"featured_media":42505,"comment_status":"closed","ping_status":"open","sticky":false,"template":"","format":"standard","meta":[],"categories":[34,74],"tags":[],"_links":{"self":[{"href":"https:\/\/www.praha7.cz\/api\/wp\/v2\/posts\/42504"}],"collection":[{"href":"https:\/\/www.praha7.cz\/api\/wp\/v2\/posts"}],"about":[{"href":"https:\/\/www.praha7.cz\/api\/wp\/v2\/types\/post"}],"author":[{"embeddable":true,"href":"https:\/\/www.praha7.cz\/api\/wp\/v2\/users\/5"}],"replies":[{"embeddable":true,"href":"https:\/\/www.praha7.cz\/api\/wp\/v2\/comments?post=42504"}],"version-history":[{"count":1,"href":"https:\/\/www.praha7.cz\/api\/wp\/v2\/posts\/42504\/revisions"}],"predecessor-version":[{"id":42507,"href":"https:\/\/www.praha7.cz\/api\/wp\/v2\/posts\/42504\/revisions\/42507"}],"wp:featuredmedia":[{"embeddable":true,"href":"https:\/\/www.praha7.cz\/api\/wp\/v2\/media\/42505"}],"wp:attachment":[{"href":"https:\/\/www.praha7.cz\/api\/wp\/v2\/media?parent=42504"}],"wp:term":[{"taxonomy":"category","embeddable":true,"href":"https:\/\/www.praha7.cz\/api\/wp\/v2\/categories?post=42504"},{"taxonomy":"post_tag","embeddable":true,"href":"https:\/\/www.praha7.cz\/api\/wp\/v2\/tags?post=42504"}],"curies":[{"name":"wp","href":"https:\/\/api.w.org\/{rel}","templated":true}]}}